{"id":2487,"date":"2012-03-29T12:28:22","date_gmt":"2012-03-29T12:28:22","guid":{"rendered":"http:\/\/www.spvgg-quierschied.de\/?p=2487"},"modified":"2012-03-29T12:33:42","modified_gmt":"2012-03-29T12:33:42","slug":"bezirksliga-spitzenspiel-in-der-festung-franzenhaus","status":"publish","type":"post","link":"https:\/\/www.spvgg-quierschied.de\/?p=2487","title":{"rendered":"Bezirksliga-Spitzenspiel in der &#8222;Festung Franzenhaus&#8220;"},"content":{"rendered":"<p><strong>Das kommende Wochenende f\u00fcr die Spvgg Quierschied steht ganz im Zeichen des Spitzenspiels in der Bezirksliga Saarbr\u00fccken. Die 1. Mannschaft empf\u00e4ngt den derzeitigen Hauptkonkurrenten ATSV Saarbr\u00fccken um 15:00 Uhr am Franzenhaus. Zuvor treten um 13:15 Uhr die Reserveteams gegeneinander an. Bereits am Samstag spielt unsere 3. Mannschaft zu Hause gegen den FV 09 Bischmisheim II. Ansto\u00df ist um 16:00 Uhr.<\/strong><\/p>\n<p>&nbsp;<\/p>\n<div id=\"attachment_1069\" style=\"width: 104px\" class=\"wp-caption alignleft\"><a href=\"https:\/\/www.spvgg-quierschied.de\/wp-content\/uploads\/2011\/09\/Wappen-ATSV.jpg\"><img loading=\"lazy\" decoding=\"async\" aria-describedby=\"caption-attachment-1069\" class=\"size-full wp-image-1069\" title=\"Logo ATSV Saarbr\u00fccken\" src=\"https:\/\/www.spvgg-quierschied.de\/wp-content\/uploads\/2011\/09\/Wappen-ATSV.jpg\" alt=\"\" width=\"94\" height=\"107\" \/><\/a><p id=\"caption-attachment-1069\" class=\"wp-caption-text\">Quelle: www.atsv-saarbruecken.de<\/p><\/div>\n<p>Der ATSV Saarbr\u00fccken ist derzeit Tabellenzweiter in der Bezirksliga Saarbr\u00fccken. Die Mannschaft von Trainer Khosro Talee befand sich in der letzten Saison noch mitten im Abstiegskampf, konnte sich aber am Ende mit dem 16. Tabellenplatz retten und sich den Weg in die Kreisliga A ersparen. In dieser Runde sieht es ganz anders aus: Seit Saisonbeginn spielt die Mannschaft oben mit und ist im n\u00e4chsten Jahr wohl sicherer Bestandteil der neuen Landesliga. Aber mehr noch: Der ATSV befindet sich zusammen mit der Spvgg. Quierschied im Rennen um die Meisterschaft. Um dieses Ziel zu erreichen, hat man sich im Winter mit Philipp Kuhnen verst\u00e4rkt, der bis dahin noch als Spielertrainer in Schafbr\u00fccke fungierte und vorher f\u00fcr den SV Saar 05 Jugend am Ball war. In den letzten beiden Spielen schw\u00e4chelte der ATSV jedoch. Nach einer sehr langen Serie von ungeschlagenen Spielen verlor man zuhause gegen Bliesransbach mit 2:3. Auch im Nachholspiel am Mittwoch in Hanweiler unterlag das Team von der Bellevue &#8211; unter den Augen einiger anwesender Quierschieder &#8211; mit 1:3. Damit betr\u00e4gt der R\u00fcckstand auf Tabellenf\u00fchrer Quierschied weiterhin drei Punkte, was die Saarbr\u00fccker vor dem Topspiel unter Druck setzt.<br \/>\n<strong>Unsere 1. Mannschaft<\/strong> kehrte am vergangenene Sonntag mit einem entt\u00e4uschenden 1:1-Unentschieden aus Brebach zur\u00fcck. Die Mannschaft von Spielertrainer Markus Woll hat dieses Spiel jedoch l\u00e4ngst abgehakt und freut sich hochmotiviert auf das Duell mit dem direkten Verfolger am Sonntag. Mit einem Sieg kann unsere Elf den Vorsprung auf sechs Punkte ausbauen &#8211; bei einer Niederlage egalisiert sich der Punktestand. Zudem darf man auch den FV Fechingen nicht aus dem Auge lassen, der mit 6 Punkten R\u00fcckstand aktuell auf dem 3. Platz steht. Am Sonntag soll die &#8222;Festung Franzenhaus&#8220; jedoch weiter unneinnehmbar bleiben. Die ber\u00fcchtigten, lautstarken und zahlreichen Anh\u00e4nger der Spvgg. werden ihren Teil dazu beitragen, dass die 3 Punkt ein Quierschied bleiben. Auf dem heimischen Boden verlor die Spvgg. in dieser Saison noch kein Spiel. 10 Heimsiegen stehen lediglich zwei Unentschieden gegen\u00fcber. Personell muss Markus Woll nur auf den verletzten Sven Schirra verzichten. Im Hinspiel trennten sich beide Mannschaften 3:3 Unentschieden. Damals war der Punktgewinn aus Sicht des ATSV sehr gl\u00fccklich und kam nach einer 3:0-F\u00fchrung erst in der letzten Spielminute zustande.<br \/>\n<strong><\/strong><\/p>\n<div id=\"attachment_1115\" style=\"width: 310px\" class=\"wp-caption alignright\"><a href=\"https:\/\/www.spvgg-quierschied.de\/wp-content\/uploads\/2011\/09\/Zweite-beim-ATSV-25.09.2011.jpg\"><img loading=\"lazy\" decoding=\"async\" aria-describedby=\"caption-attachment-1115\" class=\"size-medium wp-image-1115\" title=\"Zweite beim ATSV 25.09.2011\" src=\"https:\/\/www.spvgg-quierschied.de\/wp-content\/uploads\/2011\/09\/Zweite-beim-ATSV-25.09.2011-300x139.jpg\" alt=\"\" width=\"300\" height=\"139\" srcset=\"https:\/\/www.spvgg-quierschied.de\/wp-content\/uploads\/2011\/09\/Zweite-beim-ATSV-25.09.2011-300x139.jpg 300w, https:\/\/www.spvgg-quierschied.de\/wp-content\/uploads\/2011\/09\/Zweite-beim-ATSV-25.09.2011.jpg 639w\" sizes=\"auto, (max-width: 300px) 100vw, 300px\" \/><\/a><p id=\"caption-attachment-1115\" class=\"wp-caption-text\">Eine Szene aus dem Hinspiel der 2. Mannschaften.<\/p><\/div>\n<p><strong>Unsere 2. Mannschaft<\/strong> war in der letzten Woche spielfrei und hat nach der Pause als Tabellensechster nun den Vorletzten ATSV Saarbr\u00fccken II zu Gast. Nachdem man vor dem freien Wochenende zweimal in Folge gewonnen hatte, m\u00f6chte man nun wieder an die zuletzt gezeigten Leistungen ankn\u00fcpfen und auch das Heimspiel erfolgreich gestalten. Dabei sollte sie konzentriert zu Werke gehen und den Gegner nicht untersch\u00e4tzen. Au\u00dferdem gilt es, das Toreschie\u00dfen nicht &#8211; wie in den letzten Spielen h\u00e4ufig &#8211; zu vernachl\u00e4ssigen. Das Hinspiel gewann unsere Mannschaft deutlich mit 5:2.<br \/>\n<strong>Mehr Informationen zum Gegner unter: <a href=\"http:\/\/www.atsv-saarbruecken.de\" target=\"_blank\">www.atsv-saarbruecken.de<\/a><\/strong>.<\/p>\n<p>&nbsp;<\/p>\n<h1>Dritte hat am Samstag &#8222;Rehb\u00f6cke&#8220; zu Gast<\/h1>\n<div id=\"attachment_1070\" style=\"width: 160px\" class=\"wp-caption alignleft\"><a href=\"https:\/\/www.spvgg-quierschied.de\/wp-content\/uploads\/2011\/09\/Wappen-FV-Bischmisheim.jpg\"><img loading=\"lazy\" decoding=\"async\" aria-describedby=\"caption-attachment-1070\" class=\"size-full wp-image-1070\" title=\"Logo FV Bischmisheim\" src=\"https:\/\/www.spvgg-quierschied.de\/wp-content\/uploads\/2011\/09\/Wappen-FV-Bischmisheim.jpg\" alt=\"\" width=\"150\" height=\"147\" \/><\/a><p id=\"caption-attachment-1070\" class=\"wp-caption-text\">Quelle: www.wikipedia.org<\/p><\/div>\n<p>Die 3. Mannschaft unserer Spvgg Quierschied spielt bereits am Samstag gegen die Reserve des Saarlandligisten FV 09 Bischmisheim. Die G\u00e4ste kommen als Tabellenvierter und damit beste Reservemannschaft der Liga nach Quierschied. Trainer der Bischmisheimer ist Reiner Heilmann, der ab der kommenden Saison die Saarlandligamannschaft der sogenannten &#8222;Rehb\u00f6cke&#8220; \u00fcbernimmt. Sein Nachfolger in der Zweiten wird ein alter Bekannter in Quierschied: Frank Bastian. Dieser ist derzeit noch als Jugendtrainer beim 1. FC Saarbr\u00fccken t\u00e4tig und trainiert 2012\/2013 neben der Reserve auch noch die A-Jugend in Bischmisheim. Zwar betr\u00e4gt der R\u00fcckstand auf einen Aufstiegsplatz f\u00fcr Bischmisheim bereits 7 Punkte, doch lauern sie auf die Patzer der Topteams. Aus diesem Grund m\u00f6chten sie auch am Samstag nichts anbrennen lassen.<br \/>\nUnsere Truppe von Coach Marco Molter gewann letzte Woche souver\u00e4n mit 5:0 in J\u00e4gersfreude. Die Mannschaft spielt im Jahr 2012 bisher eine tolle Restsaison und hat sich in der Liga mittlerweile als ernstzunehmender Gegner einen Namen gemacht. Jederzeit ist sie in der Lage, einem Spitzenteam ein Bein zu stellen. Um die Runde bestm\u00f6glich abschliessen zu k\u00f6nnen, will sie auch gegen Bischmisheim punkten. Dabei hat Molter einige Sorgenfalten vor der Partie am Samstag auf der Stirn. Einige Spieler sind f\u00fcr das &#8211; auf Wunsch des Gegners &#8211; verlegte Spiel am Samstag verhindert, sodass er sein Team auf etlichen Positionen umstellen muss. Dennoch wird die Spvgg. eine schlagkr\u00e4ftige Mannschaft stellen k\u00f6nnen und mit der Unterst\u00fctzung der Zuschauer alles geben. Im Hinspiel gewann Bischmisheim knapp mit 3:2.<br \/>\n<strong>Mehr Informationen zum Gegner unter: <a href=\"http:\/\/www.fv09bischmisheim.de\" target=\"_blank\">www.fv09bischmisheim.de<\/a>.<\/strong><\/p>\n","protected":false},"excerpt":{"rendered":"<p>Das kommende Wochenende f\u00fcr die Spvgg Quierschied steht ganz im Zeichen des Spitzenspiels in der Bezirksliga Saarbr\u00fccken. Die 1. Mannschaft empf\u00e4ngt den derzeitigen Hauptkonkurrenten ATSV Saarbr\u00fccken um 15:00 Uhr am Franzenhaus. Zuvor treten um 13:15 Uhr die Reserveteams gegeneinander an.&hellip;<\/p>\n<p class=\"more-link-p\"><a class=\"more-link\" href=\"https:\/\/www.spvgg-quierschied.de\/?p=2487\">Read more &rarr;<\/a><\/p>\n","protected":false},"author":4,"featured_media":0,"comment_status":"closed","ping_status":"open","sticky":false,"template":"","format":"standard","meta":{"footnotes":""},"categories":[5],"tags":[],"class_list":["post-2487","post","type-post","status-publish","format-standard","hentry","category-aktive"],"_links":{"self":[{"href":"https:\/\/www.spvgg-quierschied.de\/index.php?rest_route=\/wp\/v2\/posts\/2487","targetHints":{"allow":["GET"]}}],"collection":[{"href":"https:\/\/www.spvgg-quierschied.de\/index.php?rest_route=\/wp\/v2\/posts"}],"about":[{"href":"https:\/\/www.spvgg-quierschied.de\/index.php?rest_route=\/wp\/v2\/types\/post"}],"author":[{"embeddable":true,"href":"https:\/\/www.spvgg-quierschied.de\/index.php?rest_route=\/wp\/v2\/users\/4"}],"replies":[{"embeddable":true,"href":"https:\/\/www.spvgg-quierschied.de\/index.php?rest_route=%2Fwp%2Fv2%2Fcomments&post=2487"}],"version-history":[{"count":5,"href":"https:\/\/www.spvgg-quierschied.de\/index.php?rest_route=\/wp\/v2\/posts\/2487\/revisions"}],"predecessor-version":[{"id":2492,"href":"https:\/\/www.spvgg-quierschied.de\/index.php?rest_route=\/wp\/v2\/posts\/2487\/revisions\/2492"}],"wp:attachment":[{"href":"https:\/\/www.spvgg-quierschied.de\/index.php?rest_route=%2Fwp%2Fv2%2Fmedia&parent=2487"}],"wp:term":[{"taxonomy":"category","embeddable":true,"href":"https:\/\/www.spvgg-quierschied.de\/index.php?rest_route=%2Fwp%2Fv2%2Fcategories&post=2487"},{"taxonomy":"post_tag","embeddable":true,"href":"https:\/\/www.spvgg-quierschied.de\/index.php?rest_route=%2Fwp%2Fv2%2Ftags&post=2487"}],"curies":[{"name":"wp","href":"https:\/\/api.w.org\/{rel}","templated":true}]}}