{"id":2448,"date":"2012-03-20T16:45:28","date_gmt":"2012-03-20T16:45:28","guid":{"rendered":"http:\/\/www.spvgg-quierschied.de\/?p=2448"},"modified":"2012-03-20T16:59:25","modified_gmt":"2012-03-20T16:59:25","slug":"chancen-uber-chancen","status":"publish","type":"post","link":"https:\/\/www.spvgg-quierschied.de\/?p=2448","title":{"rendered":"Chancen \u00fcber Chancen"},"content":{"rendered":"<p>Die 2. Mannschaft unserer Spvgg. hatte sich vor der Partie gegen Ensheim vorgenommen, die starke Leistung der Vorwoche mit dem Ausw\u00e4rtssieg beim Tabellendritten Ritterstra\u00dfe zu best\u00e4tigen und gegen die DJK die 0:3-Hinspielniederlage gutzumachen. Zwar war man in der ersten H\u00e4lfte weitestgehend die bessere Mannschaft, schaffte es aber nicht, den Ball &#8211; trotz bestm\u00f6glicher Torchancen &#8211; im Geh\u00e4use der G\u00e4ste unterzubringen. Die beste Chance auf den F\u00fchrungstreffer hatte Patrick Konrad &#8211; sein Distanzschuss landete aber an der Latte. Mit einem torlosen Remis ging es in die Halbzeitpause. 6 Minuten nach dem Wiederanpfiff erzielte Nicolas Gouverneur das erl\u00f6sende 1:0 f\u00fcr Quierschied &#8211; dachten die Zuschauer. Denn nur wenig sp\u00e4ter gelang Ensheim quasi aus dem Nichts der Ausgleichstreffer. Unser Betreuer der Zweiten, Thomas Nawrath,bewies mit seinen Einwechslungen in der Schlussphase ein gl\u00fcckliches H\u00e4ndchen. Zun\u00e4chst gelang Jan Sch\u00e4fer in der 87. Minute das 2:1, danach machte der ebenso eingewechselte A-Jugendspieler Santino Pelagi mit dem 3:1 in der letzten Minute den Sack zu. Am Ende stand ein Arbeitssieg, f\u00fcr den es aber auch 3 Punkte gibt. In der kommenden Woche ist die &#8222;Zw\u00e4tt&#8220; spielfrei.<\/p>\n<p><span style=\"text-decoration: underline;\">25. Spieltag Bezirksliga Saarbr\u00fccken Spvgg Quierschied II &#8211; DJK Ensheim II 3:1 (0:0)<\/span><br \/>\nSpvgg: Jung, Heinzelmann, Leo T., Konrad, Leo D., Civak, Schmitt, Regneri, Gouverneur, Navrath, L\u00f6b \/ EIngewechselt: Sch\u00e4fer, Zimmer, Renda, Pelagi<br \/>\nTore: 1:0 Gouverneur (51.), 1:1 (57.), 2:1 Sch\u00e4fer (87.), 3:1 Pelagi (90.)<\/p>\n","protected":false},"excerpt":{"rendered":"<p>Die 2. Mannschaft unserer Spvgg. hatte sich vor der Partie gegen Ensheim vorgenommen, die starke Leistung der Vorwoche mit dem Ausw\u00e4rtssieg beim Tabellendritten Ritterstra\u00dfe zu best\u00e4tigen und gegen die DJK die 0:3-Hinspielniederlage gutzumachen. Zwar war man in der ersten H\u00e4lfte&hellip;<\/p>\n<p class=\"more-link-p\"><a class=\"more-link\" href=\"https:\/\/www.spvgg-quierschied.de\/?p=2448\">Read more &rarr;<\/a><\/p>\n","protected":false},"author":4,"featured_media":0,"comment_status":"closed","ping_status":"open","sticky":false,"template":"","format":"standard","meta":{"footnotes":""},"categories":[10],"tags":[],"class_list":["post-2448","post","type-post","status-publish","format-standard","hentry","category-3-mannschaft"],"_links":{"self":[{"href":"https:\/\/www.spvgg-quierschied.de\/index.php?rest_route=\/wp\/v2\/posts\/2448","targetHints":{"allow":["GET"]}}],"collection":[{"href":"https:\/\/www.spvgg-quierschied.de\/index.php?rest_route=\/wp\/v2\/posts"}],"about":[{"href":"https:\/\/www.spvgg-quierschied.de\/index.php?rest_route=\/wp\/v2\/types\/post"}],"author":[{"embeddable":true,"href":"https:\/\/www.spvgg-quierschied.de\/index.php?rest_route=\/wp\/v2\/users\/4"}],"replies":[{"embeddable":true,"href":"https:\/\/www.spvgg-quierschied.de\/index.php?rest_route=%2Fwp%2Fv2%2Fcomments&post=2448"}],"version-history":[{"count":2,"href":"https:\/\/www.spvgg-quierschied.de\/index.php?rest_route=\/wp\/v2\/posts\/2448\/revisions"}],"predecessor-version":[{"id":2455,"href":"https:\/\/www.spvgg-quierschied.de\/index.php?rest_route=\/wp\/v2\/posts\/2448\/revisions\/2455"}],"wp:attachment":[{"href":"https:\/\/www.spvgg-quierschied.de\/index.php?rest_route=%2Fwp%2Fv2%2Fmedia&parent=2448"}],"wp:term":[{"taxonomy":"category","embeddable":true,"href":"https:\/\/www.spvgg-quierschied.de\/index.php?rest_route=%2Fwp%2Fv2%2Fcategories&post=2448"},{"taxonomy":"post_tag","embeddable":true,"href":"https:\/\/www.spvgg-quierschied.de\/index.php?rest_route=%2Fwp%2Fv2%2Ftags&post=2448"}],"curies":[{"name":"wp","href":"https:\/\/api.w.org\/{rel}","templated":true}]}}