{"id":2435,"date":"2012-03-15T16:04:26","date_gmt":"2012-03-15T16:04:26","guid":{"rendered":"http:\/\/www.spvgg-quierschied.de\/?p=2435"},"modified":"2012-03-16T08:28:15","modified_gmt":"2012-03-16T08:28:15","slug":"es-darf-gern-etwas-mehr-sein","status":"publish","type":"post","link":"https:\/\/www.spvgg-quierschied.de\/?p=2435","title":{"rendered":"Es darf gerne etwas mehr sein"},"content":{"rendered":"<p><strong>Am Sonntag stehen wieder drei Heimspiele f\u00fcr unsere Aktiven an. Die 1. und 2. Mannschaft bekommen es mit der DJK Ensheim zu tun, unsere 3. Mannschaft empf\u00e4ngt die DJK Neuweiler zum Derby. Die Ansto\u00dfzeiten sind wie gewohnt 13:15 Uhr f\u00fcr die Zweite, 15:00 Uhr f\u00fcr die Erste und 16:45 Uhr f\u00fcr die Dritte.<\/strong><\/p>\n<p>&nbsp;<\/p>\n<div id=\"attachment_690\" style=\"width: 122px\" class=\"wp-caption alignleft\"><a href=\"https:\/\/www.spvgg-quierschied.de\/wp-content\/uploads\/2011\/09\/SpardaWappen.jpg\"><img loading=\"lazy\" decoding=\"async\" aria-describedby=\"caption-attachment-690\" class=\"size-full wp-image-690\" src=\"https:\/\/www.spvgg-quierschied.de\/wp-content\/uploads\/2011\/09\/SpardaWappen.jpg\" alt=\"\" width=\"112\" height=\"80\" \/><\/a><p id=\"caption-attachment-690\" class=\"wp-caption-text\">Quelle: www.vereinswappen.de<\/p><\/div>\n<p>Am 25. Spieltag der Bezirksliga Saarbr\u00fccken gastiert die DJK Ensheim am Quierschieder Franzenhaus. Die Ensheimer sind gut in die Restsaison 2012 gestartet. Mit mageren 7 Punkten \u00fcberwinterte die Mannschaft von Trainer Nico Fickinger auf dem letzten Tabellenplatz. Doch nach der Winterpause l\u00e4uft es besser. Nach einer knappen und ungl\u00fccklichen Heimniederlage gegen den ATSV Saarbr\u00fccken setzte man mit einem Ausw\u00e4rtssieg beim Aufstiegs-Anw\u00e4rter SF Hanweiler ein echtes Ausrufezeichen. Auch in der vergangenen Woche war die DJK Ensheim erfolgreich und gewann das Heimspiel gegen den SC Bliesransbach mit 4:2. Mit nun 13 Punkten hat man sich etwas Distanz auf den derzeitigen Letztplatzierten Rastpfuhl-Ru\u00dfh\u00fctte verschafft, die nach jetzigem Stand der einzige Absteiger w\u00e4ren. F\u00fcr die neue Spielzeit hat die DJK einen echten Trainercoup gelandet. Vom Verbandsligisten FV 09 Bischmisheim kommt Volker G\u00f6rgen, der in Ensheim eine neue Herausforderung sucht und in Ruhe etwas aufbauen m\u00f6chte. Aber vielleicht darf es dann auch etwas mehr sein, als &#8222;nur&#8220; der Klassenerhalt.<\/p>\n<div id=\"attachment_908\" style=\"width: 310px\" class=\"wp-caption alignright\"><a href=\"https:\/\/www.spvgg-quierschied.de\/wp-content\/uploads\/2011\/09\/DJK-Ensheim-11.09.2011.jpg\"><img loading=\"lazy\" decoding=\"async\" aria-describedby=\"caption-attachment-908\" class=\"size-medium wp-image-908\" src=\"https:\/\/www.spvgg-quierschied.de\/wp-content\/uploads\/2011\/09\/DJK-Ensheim-11.09.2011-300x125.jpg\" alt=\"\" width=\"300\" height=\"125\" \/><\/a><p id=\"caption-attachment-908\" class=\"wp-caption-text\">Eine Szene aus dem Hinspiel.<\/p><\/div>\n<p><strong>Unsere 1. Mannschaft<\/strong> kehrte mit einem Punkt von seinem Gastspiel in Ritterstra\u00dfe zur\u00fcck. Am kommenden Sonntag soll es f\u00fcr die Mannschaft von Spielertrainer Woll wieder ein Dreier werden. Dazu ist es nat\u00fcrlich ganz wichtig, die G\u00e4ste auf keinen Fall zu untersch\u00e4tzen. Auf dem eigenen Platz ist die Wambe eine Macht und bisher noch ungeschlagen. Um dies weiterhin zu bleiben, gilt es, an die gute Leistung der Vorwoche anzukn\u00fcpfen. Leider muss Coach Woll, der am Samstag seinen 27. Geburtstag feiert, auf einige Akteure Urlaubs- bzw. verletzungsbedingt verzichten. Fl\u00fcgelflitzer Sascha Scheid f\u00e4llt ebenso wie die Defensivakteure Manuel Allard und Dominik Schaum aus. Einige Wochen verzichten muss die Spvgg. desweiteren auf Sven Schirra, der bereits am Dienstag an seiner gebrochenen Hand operiert wurde. Auch Christian Schwartz hatte sich auf der Ritterstra\u00dfe verletzt und unter der Woche eine Trainingspause eingelegt. Sein Einsatz sollte aber m\u00f6glich sein. Zum Gl\u00fcck verf\u00fcgt die Spvgg. in dieser Saison einen breiten und qualitativ gut aufgestellten Kader. Kevin Schaum und Oliver Wirth sammelten in den letzten Wochen Spielpraxis in der 2. bzw. 3. Mannschaft und sind genau so einsetzbar wie <a href=\"https:\/\/www.spvgg-quierschied.de\/?p=2424\">Neuzugang Domenico Mangione<\/a>. Woll kann also auch gegen Ensheim eine schlagkr\u00e4ftige Mannschaft auf das Feld schicken. Das Hinspiel gewann Quierschied durch drei Tore von Andreas Breier knapp mit 3:2 und ist den Spielern und Zuschauern noch bestens in Erinnerung. Heftige Regeng\u00fcsse begleiteten damals das mehrfach unterbrochene Spiel, das quasi auch als Wasserschlacht bezeichnet werden konnte.<\/p>\n<p><strong>Unsere 2. Mannschaft<\/strong> hat beim Tabellendritten Ritterstra\u00dfe verdient gewonnen und m\u00f6chte diesen Sieg zuhause gegen Ensheim vergolden. Die Zweite aus Ensheim steht aktuell auf dem 12. Tabellenplatz, sodass unsere auf Platz. 6 platzierte Spvgg.als\u00a0 Favorit in diese Partie geht. Etwas gutzumachen hat unsere Mannschaft allemal, denn das Hinspiel gewann die DJK auf eigenem Platz deutlich mit 3:0. Dieses Mal darf f\u00fcr unsere Reserve gerne etwas mehr drin sein.<\/p>\n<p><strong>Mehr Informationen zum Gegner unter: <a href=\"http:\/\/www.djk-ensheim.de\" target=\"_blank\">www.djk-ensheim.de<\/a><\/strong>.<\/p>\n<h1>Dritte l\u00e4dt zum Derbytanz<\/h1>\n<div id=\"attachment_691\" style=\"width: 110px\" class=\"wp-caption alignleft\"><a href=\"https:\/\/www.spvgg-quierschied.de\/wp-content\/uploads\/2011\/09\/neuw.jpg\"><img loading=\"lazy\" decoding=\"async\" aria-describedby=\"caption-attachment-691\" class=\"size-full wp-image-691 \" src=\"https:\/\/www.spvgg-quierschied.de\/wp-content\/uploads\/2011\/09\/neuw.jpg\" alt=\"\" width=\"100\" height=\"100\" \/><\/a><p id=\"caption-attachment-691\" class=\"wp-caption-text\">Quelle: www.vereinswappen.de<\/p><\/div>\n<p>Am 21. Spieltag der Kreisliga A Obere Saar gastiert die DJK Neuweiler in Quierschied. Das Team vom Spielertrainer und Ex-Quierschieder Thomas H\u00e4ck steht derzeit auf dem 2. Platz und hat fest den Aufstieg f\u00fcr die Bezirksliga Saarbr\u00fccken im Visier. Dazu berechtigen nach dem aktuellen Stand wohl nur die ersten beiden Pl\u00e4tze, sodass die DJK weiterhin kr\u00e4ftig punkten muss &#8211; der Tabellendritte G\u00fcdingen lauert punktgleich dahinter. Vielleicht kann Neuweiler auch noch was im Kampf um die Meisterschaft ausrichten. Zwar betr\u00e4gt der R\u00fcckstand auf den Spitzenreiter Eintracht Altenwald 5 Punkte, doch unm\u00f6glich ist im Fu\u00dfball ja sowieso nichts. Zumal die DJK vor zwei Wochen in Altenwald zu Gast war und dort verdient mit 2:0 gewann.<br \/>\nUnsere 3. Mannschaft ist in diesem Jahr noch ungeschlagen. Mit zwei souver\u00e4nen Siegen gestartet, erk\u00e4mpfte man sich am letzten Sonntag mit etwas Gl\u00fcck einen Punkt bei der spielstarken 2. Mannschaft des SV 09 B\u00fcbingen. Dabei bewies das Team um den derzeit am Fu\u00df verletzten Trainer Marco Molter eine tolle Moral und glich einen 0:3 R\u00fcckstand aus. Die Mannschaft befindet sich in einer tollen Verfassung und auch Umstellungen in der Mannschaft, bedingt durch Verletzungen oder Spielerabgaben an die 1.\/2. Mannschaft werden momentan gut weggesteckt.<\/p>\n<div id=\"attachment_890\" style=\"width: 310px\" class=\"wp-caption alignright\"><a href=\"https:\/\/www.spvgg-quierschied.de\/wp-content\/uploads\/2011\/09\/Dritte-bei-DJK-Neuweiler-10.09.2011.jpg\"><img loading=\"lazy\" decoding=\"async\" aria-describedby=\"caption-attachment-890\" class=\"size-medium wp-image-890\" src=\"https:\/\/www.spvgg-quierschied.de\/wp-content\/uploads\/2011\/09\/Dritte-bei-DJK-Neuweiler-10.09.2011-300x197.jpg\" alt=\"\" width=\"300\" height=\"197\" \/><\/a><p id=\"caption-attachment-890\" class=\"wp-caption-text\">Auch hier: eine Szene aus dem Hinspiel.<\/p><\/div>\n<p>Jetzt will man auch im Derby gegen Neuweiler Paroli bieten und den Aufw\u00e4rtstrend fortsetzen. Zwar steht man im Moment auf meinem guten 8. Tabellenplatz, allerdings hat man durch die starken Resultate der vergangenen Wochen wieder Anschluss an das vordere Drittel gefunden. Also auch hier darf es &#8211; \u00e4hnlich wie bei der DJK Neuweiler &#8211; vielleicht noch etwas mehr sein. Das Hinspiel in Neuweiler endete \u00fcbrigens 3:1 f\u00fcr die Gastgeber.<\/p>\n<p>\u00a0<br \/>\n<strong>Mehr Informationen zum Gegner unter: <a href=\"http:\/\/www.djk-neuweiler.de\" target=\"_blank\">www.djk-neuweiler.de<\/a>.<\/strong><\/p>\n<p style=\"text-align: center\"><strong>Unsere drei Mannschaften hoffen am Sonntag auf eine wie immer zahlreiche und lautstarke Unterst\u00fctzung ihrer Fans!<\/strong><\/p>\n","protected":false},"excerpt":{"rendered":"<p>Am Sonntag stehen wieder drei Heimspiele f\u00fcr unsere Aktiven an. Die 1. und 2. Mannschaft bekommen es mit der DJK Ensheim zu tun, unsere 3. Mannschaft empf\u00e4ngt die DJK Neuweiler zum Derby. Die Ansto\u00dfzeiten sind wie gewohnt 13:15 Uhr f\u00fcr&hellip;<\/p>\n<p class=\"more-link-p\"><a class=\"more-link\" href=\"https:\/\/www.spvgg-quierschied.de\/?p=2435\">Read more &rarr;<\/a><\/p>\n","protected":false},"author":4,"featured_media":0,"comment_status":"closed","ping_status":"open","sticky":false,"template":"","format":"standard","meta":{"footnotes":""},"categories":[5],"tags":[],"class_list":["post-2435","post","type-post","status-publish","format-standard","hentry","category-aktive"],"_links":{"self":[{"href":"https:\/\/www.spvgg-quierschied.de\/index.php?rest_route=\/wp\/v2\/posts\/2435","targetHints":{"allow":["GET"]}}],"collection":[{"href":"https:\/\/www.spvgg-quierschied.de\/index.php?rest_route=\/wp\/v2\/posts"}],"about":[{"href":"https:\/\/www.spvgg-quierschied.de\/index.php?rest_route=\/wp\/v2\/types\/post"}],"author":[{"embeddable":true,"href":"https:\/\/www.spvgg-quierschied.de\/index.php?rest_route=\/wp\/v2\/users\/4"}],"replies":[{"embeddable":true,"href":"https:\/\/www.spvgg-quierschied.de\/index.php?rest_route=%2Fwp%2Fv2%2Fcomments&post=2435"}],"version-history":[{"count":10,"href":"https:\/\/www.spvgg-quierschied.de\/index.php?rest_route=\/wp\/v2\/posts\/2435\/revisions"}],"predecessor-version":[{"id":2440,"href":"https:\/\/www.spvgg-quierschied.de\/index.php?rest_route=\/wp\/v2\/posts\/2435\/revisions\/2440"}],"wp:attachment":[{"href":"https:\/\/www.spvgg-quierschied.de\/index.php?rest_route=%2Fwp%2Fv2%2Fmedia&parent=2435"}],"wp:term":[{"taxonomy":"category","embeddable":true,"href":"https:\/\/www.spvgg-quierschied.de\/index.php?rest_route=%2Fwp%2Fv2%2Fcategories&post=2435"},{"taxonomy":"post_tag","embeddable":true,"href":"https:\/\/www.spvgg-quierschied.de\/index.php?rest_route=%2Fwp%2Fv2%2Ftags&post=2435"}],"curies":[{"name":"wp","href":"https:\/\/api.w.org\/{rel}","templated":true}]}}