{"id":24095,"date":"2020-09-29T01:34:33","date_gmt":"2020-09-28T23:34:33","guid":{"rendered":"http:\/\/www.spvgg-quierschied.de\/?p=24095"},"modified":"2020-09-29T07:01:16","modified_gmt":"2020-09-29T05:01:16","slug":"mittwoch-pokalspiel-in-hanweiler","status":"publish","type":"post","link":"https:\/\/www.spvgg-quierschied.de\/?p=24095","title":{"rendered":"Mittwoch Pokalspiel in Hanweiler"},"content":{"rendered":"\n<div class=\"wp-block-image\"><figure class=\"alignright size-large\"><img loading=\"lazy\" decoding=\"async\" width=\"100\" height=\"119\" src=\"https:\/\/www.spvgg-quierschied.de\/wp-content\/uploads\/2011\/09\/Logo-SF-Hanweiler.jpg\" alt=\"\" class=\"wp-image-1143\"\/><figcaption>Quelle: www.facebook.com\/sfhanweiler.<\/figcaption><\/figure><\/div>\n\n\n\n<p>Am Mittwochabend startet unsere 1. Mannschaft in den Sparkassen-Pokal 2020\/2021. In der 2. Runde geht es zu einem alten Bekannten, den Sportfreunden Hanweiler (Am Sportplatz, 66271 Hanweiler). Das Spiel auf dem Rasenplatz beginnt um 19:00. In der zweiten englischen Woche hintereinander wird Trainer Thomas Bettinger sicherlich etwas rotieren, die Partie mit seiner Elf beim Tabellenf\u00fchrer der Kreisliga A Halberg (2 Spiele, 2 Siege) aber seri\u00f6s und konzentriert angehen um m\u00f6glichst ungef\u00e4hrdet in die n\u00e4chste Runde einzuziehen. <\/p>\n\n\n\n<p>Hanweiler und Quierschied waren zu Beginn der \u00c4ra um Trainer Markus Woll (2010) enge Konkurrenten. Zuletzt trafen die Sportfreunde dann eher auf unsere 2. Mannschaft. Das letzte Duell gegen unsere Erste war ebenfalls im Pokal. <a href=\"https:\/\/www.spvgg-quierschied.de\/?p=15638\">2016 spielte Hanweiler noch in der Landesliga, die Wambe gewannen als Saarlandligist mit 4:2.<\/a><\/p>\n\n\n\n<p>Geleitet wird das Spiel am Mittwoch von Schiedsrichter Jan Frevel. <\/p>\n\n\n\n<p>In Hanweiler gelten die \u00fcblichen Hygiene &#8211; und Abstandsregeln. Eine Zuschauereinschr\u00e4nkung gibt es nicht. Die Kontaktdaten werden vor Ort abgegeben.<\/p>\n","protected":false},"excerpt":{"rendered":"<p>Am Mittwochabend startet unsere 1. Mannschaft in den Sparkassen-Pokal 2020\/2021. In der 2. Runde geht es zu einem alten Bekannten, den Sportfreunden Hanweiler (Am Sportplatz, 66271 Hanweiler). Das Spiel auf dem Rasenplatz beginnt um 19:00. In der zweiten englischen Woche&hellip;<\/p>\n<p class=\"more-link-p\"><a class=\"more-link\" href=\"https:\/\/www.spvgg-quierschied.de\/?p=24095\">Read more &rarr;<\/a><\/p>\n","protected":false},"author":4,"featured_media":1143,"comment_status":"closed","ping_status":"closed","sticky":false,"template":"","format":"standard","meta":{"footnotes":""},"categories":[8],"tags":[],"class_list":["post-24095","post","type-post","status-publish","format-standard","has-post-thumbnail","hentry","category-1-mannschaft"],"_links":{"self":[{"href":"https:\/\/www.spvgg-quierschied.de\/index.php?rest_route=\/wp\/v2\/posts\/24095","targetHints":{"allow":["GET"]}}],"collection":[{"href":"https:\/\/www.spvgg-quierschied.de\/index.php?rest_route=\/wp\/v2\/posts"}],"about":[{"href":"https:\/\/www.spvgg-quierschied.de\/index.php?rest_route=\/wp\/v2\/types\/post"}],"author":[{"embeddable":true,"href":"https:\/\/www.spvgg-quierschied.de\/index.php?rest_route=\/wp\/v2\/users\/4"}],"replies":[{"embeddable":true,"href":"https:\/\/www.spvgg-quierschied.de\/index.php?rest_route=%2Fwp%2Fv2%2Fcomments&post=24095"}],"version-history":[{"count":8,"href":"https:\/\/www.spvgg-quierschied.de\/index.php?rest_route=\/wp\/v2\/posts\/24095\/revisions"}],"predecessor-version":[{"id":24103,"href":"https:\/\/www.spvgg-quierschied.de\/index.php?rest_route=\/wp\/v2\/posts\/24095\/revisions\/24103"}],"wp:featuredmedia":[{"embeddable":true,"href":"https:\/\/www.spvgg-quierschied.de\/index.php?rest_route=\/wp\/v2\/media\/1143"}],"wp:attachment":[{"href":"https:\/\/www.spvgg-quierschied.de\/index.php?rest_route=%2Fwp%2Fv2%2Fmedia&parent=24095"}],"wp:term":[{"taxonomy":"category","embeddable":true,"href":"https:\/\/www.spvgg-quierschied.de\/index.php?rest_route=%2Fwp%2Fv2%2Fcategories&post=24095"},{"taxonomy":"post_tag","embeddable":true,"href":"https:\/\/www.spvgg-quierschied.de\/index.php?rest_route=%2Fwp%2Fv2%2Ftags&post=24095"}],"curies":[{"name":"wp","href":"https:\/\/api.w.org\/{rel}","templated":true}]}}