{"id":23978,"date":"2020-09-22T19:20:00","date_gmt":"2020-09-22T17:20:00","guid":{"rendered":"http:\/\/www.spvgg-quierschied.de\/?p=23978"},"modified":"2020-09-23T11:45:23","modified_gmt":"2020-09-23T09:45:23","slug":"vfb-dillingen-zu-gast-am-franzenhaus","status":"publish","type":"post","link":"https:\/\/www.spvgg-quierschied.de\/?p=23978","title":{"rendered":"VfB Dillingen zu Gast am Franzenhaus"},"content":{"rendered":"\n<p><strong>Am Mittwochabend kommt es bereits zum 5. Spieltag der Schr\u00f6der Liga Saar. Unsere Sportvereinigung trifft dabei auf den VfB Dillingen. Ansto\u00df ist um 19:00 Uhr.<\/strong><\/p>\n\n\n\n<div class=\"wp-block-image\"><figure class=\"alignright size-large\"><img loading=\"lazy\" decoding=\"async\" width=\"247\" height=\"248\" src=\"https:\/\/www.spvgg-quierschied.de\/wp-content\/uploads\/2016\/10\/VFB-Dillingen-Wappen.jpg\" alt=\"\" class=\"wp-image-15969\" srcset=\"https:\/\/www.spvgg-quierschied.de\/wp-content\/uploads\/2016\/10\/VFB-Dillingen-Wappen.jpg 247w, https:\/\/www.spvgg-quierschied.de\/wp-content\/uploads\/2016\/10\/VFB-Dillingen-Wappen-150x150.jpg 150w, https:\/\/www.spvgg-quierschied.de\/wp-content\/uploads\/2016\/10\/VFB-Dillingen-Wappen-160x161.jpg 160w\" sizes=\"auto, (max-width: 247px) 100vw, 247px\" \/><\/figure><\/div>\n\n\n\n<p>Die H\u00fctten-st\u00e4dter haben in den ersten 4 Spielen 4 Punkte ge-sammelt. Dabei wurde am Samstag der erste Saisonsieg eingefahren, gegen den FC Homburg II gab es ein deutliches 6:2. Vierfacher Torsch\u00fctze war dabei Samed Karatas. Trainiert wird der VfB von Marius Neumeier. Der gro\u00df gewachsene Defensivspieler fungiert als Spielertrainer, hat in dieser Saison aber noch kein Spiel absolviert.<\/p>\n\n\n\n<p>Ein besonderes Spiel wird die Partie sicherlich f\u00fcr unseren Neuzugang Matthias Krau\u00df. &#8222;Meddy&#8220; spielte vier Jahre f\u00fcr Dillingen, davon ein Jahr in der Oberliga, f\u00fcr dessen Aufstieg er in der Saison 17\/18 mit 19 Saisontoren ma\u00dfgeblich mit beteiligt war. <\/p>\n\n\n\n<p>Unsere Spvgg. m\u00f6chte nach der m\u00e4\u00dfigen Leistung in K\u00f6llerbach schnell wieder in die Erfolgsspur finden. Gerade zuhause soll wieder viel aggressiver und mutiger agiert werden. Gut m\u00f6glich, dass Trainer Thomas Bettinger deswegen auch personell gegen\u00fcber dem Spiel von Samstag umstellen wird. Leiten wird das Spiel Schiedsrichter Sahin D\u00fcndar aus Bexbach. <\/p>\n\n\n\n<p><strong>Gen\u00fcgend Karten sind noch da! Ab 17.30 Uhr \u00f6ffnen die Kassen. Um vor Ort nichts ausf\u00fcllen zu m\u00fcssen k\u00f6nnt Ihr euch im Vorfeld ein Kontaktformular ausdrucken: <span class=\"has-inline-color has-vivid-red-color\"><a href=\"https:\/\/www.spvgg-quierschied.de\/?p=23967\">Mehr dazu hier. <\/a><\/span><\/strong><\/p>\n\n\n\n<p><\/p>\n","protected":false},"excerpt":{"rendered":"<p>Am Mittwochabend kommt es bereits zum 5. Spieltag der Schr\u00f6der Liga Saar. Unsere Sportvereinigung trifft dabei auf den VfB Dillingen. Ansto\u00df ist um 19:00 Uhr. Die H\u00fctten-st\u00e4dter haben in den ersten 4 Spielen 4 Punkte ge-sammelt. Dabei wurde am Samstag&hellip;<\/p>\n<p class=\"more-link-p\"><a class=\"more-link\" href=\"https:\/\/www.spvgg-quierschied.de\/?p=23978\">Read more &rarr;<\/a><\/p>\n","protected":false},"author":4,"featured_media":15969,"comment_status":"closed","ping_status":"closed","sticky":false,"template":"","format":"standard","meta":{"footnotes":""},"categories":[8],"tags":[],"class_list":["post-23978","post","type-post","status-publish","format-standard","has-post-thumbnail","hentry","category-1-mannschaft"],"_links":{"self":[{"href":"https:\/\/www.spvgg-quierschied.de\/index.php?rest_route=\/wp\/v2\/posts\/23978","targetHints":{"allow":["GET"]}}],"collection":[{"href":"https:\/\/www.spvgg-quierschied.de\/index.php?rest_route=\/wp\/v2\/posts"}],"about":[{"href":"https:\/\/www.spvgg-quierschied.de\/index.php?rest_route=\/wp\/v2\/types\/post"}],"author":[{"embeddable":true,"href":"https:\/\/www.spvgg-quierschied.de\/index.php?rest_route=\/wp\/v2\/users\/4"}],"replies":[{"embeddable":true,"href":"https:\/\/www.spvgg-quierschied.de\/index.php?rest_route=%2Fwp%2Fv2%2Fcomments&post=23978"}],"version-history":[{"count":9,"href":"https:\/\/www.spvgg-quierschied.de\/index.php?rest_route=\/wp\/v2\/posts\/23978\/revisions"}],"predecessor-version":[{"id":23987,"href":"https:\/\/www.spvgg-quierschied.de\/index.php?rest_route=\/wp\/v2\/posts\/23978\/revisions\/23987"}],"wp:featuredmedia":[{"embeddable":true,"href":"https:\/\/www.spvgg-quierschied.de\/index.php?rest_route=\/wp\/v2\/media\/15969"}],"wp:attachment":[{"href":"https:\/\/www.spvgg-quierschied.de\/index.php?rest_route=%2Fwp%2Fv2%2Fmedia&parent=23978"}],"wp:term":[{"taxonomy":"category","embeddable":true,"href":"https:\/\/www.spvgg-quierschied.de\/index.php?rest_route=%2Fwp%2Fv2%2Fcategories&post=23978"},{"taxonomy":"post_tag","embeddable":true,"href":"https:\/\/www.spvgg-quierschied.de\/index.php?rest_route=%2Fwp%2Fv2%2Ftags&post=23978"}],"curies":[{"name":"wp","href":"https:\/\/api.w.org\/{rel}","templated":true}]}}