{"id":23706,"date":"2020-07-12T17:00:30","date_gmt":"2020-07-12T15:00:30","guid":{"rendered":"http:\/\/www.spvgg-quierschied.de\/?p=23706"},"modified":"2020-07-13T11:04:55","modified_gmt":"2020-07-13T09:04:55","slug":"news-jugend","status":"publish","type":"post","link":"https:\/\/www.spvgg-quierschied.de\/?p=23706","title":{"rendered":"News Jugend"},"content":{"rendered":"\n<p>Nach fast 20 Jahren in der Jugendabteilung beendete Eddi Fernsner &#8211; wie auf der letzten Mitgliederversammlung 2019 angek\u00fcndigt &#8211; zum 30. Juni sein Engagement als Jugendleiter der Spvgg Quierschied.<\/p>\n\n\n\n<p>Vor seiner Zeit als Jugendleiter war Eddi, wie vielen Quierschdern sicherlich bekannt ist, lange Jahre Spieler und Kapit\u00e4n der 1. Mannschaft. Au\u00dferdem war er als Jugendtrainer und in den Erfolgsjahren zwischen 2010 und 2016 als Betreuer der 1. Mannschaft t\u00e4tig. <strong>Das ist Vereinstreue pur!&nbsp;<\/strong><\/p>\n\n\n\n<p>Solch ein treues und starkes Engagement sieht man heute immer seltener!<\/p>\n\n\n\n<p>Daf\u00fcr wird sich der Verein bei n\u00e4chster Gelegenheit, wom\u00f6glich im Rahmen des ersten Heimspiels nach dem Wiederbeginn, noch einmal offiziell und herzlich bedanken!&nbsp;<\/p>\n\n\n\n<p><strong>Vorab schon einmal ein gro\u00dfes Dankesch\u00f6n von den Trainern, Jugendspielern und ihren Eltern!<\/strong><\/p>\n\n\n\n<p><strong>Audi-Schanzer-Fu\u00dfballcamp<\/strong><\/p>\n\n\n\n<p>Bereits zum dritten Mal waren die Trainer der Audi-Schanzer-Fu\u00dfballschule auf dem SportplatzFranzenhaus!<\/p>\n\n\n\n<p>Wie immer wurden Sie unterst\u00fctzt von den Organisatoren Mike Schumacher und dem Fischbacher Jugendleiter Marc Zundel , der sich aktiv als Trainer \u00a0w\u00e4hrend den  5 Trainigstagen beteiligte!<\/p>\n\n\n\n<p>40 Jugendspieler aus Quierschieder und umliegenden Vereinen hatten sich zum Fu\u00dfballcamp angemeldet und freuten sich riesig auf 5 Tage professionelles Training und sonstige Aktivit\u00e4ten.<\/p>\n\n\n\n<p>Als w\u00e4re es so geplant. P\u00fcnktlich mit Beginn des Fu\u00dfballcamps kam es zu weiteren \u201eCorona-lockerungen\u201c. Ab Montag war endlich wieder <strong>Fu\u00dfballspielen mit Kontakt<\/strong> in Kleingruppen mit 10 Teilnehmern erlaubt. Wie sehr dies die Kids vermisst hatten, zeigte sich darin mit welcher Begeisterung und Disziplin sie im Training mitmachten.<\/p>\n\n\n\n<p>H\u00f6hepunkte waren nat\u00fcrlich auch die \u00dcbergabe des einheitlichen Trikotsatzes mit Namen plus eine Trainingsjacke , das Abschiedsgeschenk der Trainer am letzten Tag und nat\u00fcrlich das t\u00e4gliche gemeinsame Mittagessen!<\/p>\n\n\n\n<p>Trainer, Kinder und die Eltern waren sich einig, dass das Camp auch n\u00e4chstes Jahr wieder stattfinden muss!<\/p>\n","protected":false},"excerpt":{"rendered":"<p>Nach fast 20 Jahren in der Jugendabteilung beendete Eddi Fernsner &#8211; wie auf der letzten Mitgliederversammlung 2019 angek\u00fcndigt &#8211; zum 30. Juni sein Engagement als Jugendleiter der Spvgg Quierschied. Vor seiner Zeit als Jugendleiter war Eddi, wie vielen Quierschdern sicherlich&hellip;<\/p>\n<p class=\"more-link-p\"><a class=\"more-link\" href=\"https:\/\/www.spvgg-quierschied.de\/?p=23706\">Read more &rarr;<\/a><\/p>\n","protected":false},"author":12,"featured_media":0,"comment_status":"closed","ping_status":"closed","sticky":false,"template":"","format":"standard","meta":{"footnotes":""},"categories":[4],"tags":[26],"class_list":["post-23706","post","type-post","status-publish","format-standard","hentry","category-jugendabteilung","tag-audi-schanzer-fussballcamp"],"_links":{"self":[{"href":"https:\/\/www.spvgg-quierschied.de\/index.php?rest_route=\/wp\/v2\/posts\/23706","targetHints":{"allow":["GET"]}}],"collection":[{"href":"https:\/\/www.spvgg-quierschied.de\/index.php?rest_route=\/wp\/v2\/posts"}],"about":[{"href":"https:\/\/www.spvgg-quierschied.de\/index.php?rest_route=\/wp\/v2\/types\/post"}],"author":[{"embeddable":true,"href":"https:\/\/www.spvgg-quierschied.de\/index.php?rest_route=\/wp\/v2\/users\/12"}],"replies":[{"embeddable":true,"href":"https:\/\/www.spvgg-quierschied.de\/index.php?rest_route=%2Fwp%2Fv2%2Fcomments&post=23706"}],"version-history":[{"count":6,"href":"https:\/\/www.spvgg-quierschied.de\/index.php?rest_route=\/wp\/v2\/posts\/23706\/revisions"}],"predecessor-version":[{"id":23714,"href":"https:\/\/www.spvgg-quierschied.de\/index.php?rest_route=\/wp\/v2\/posts\/23706\/revisions\/23714"}],"wp:attachment":[{"href":"https:\/\/www.spvgg-quierschied.de\/index.php?rest_route=%2Fwp%2Fv2%2Fmedia&parent=23706"}],"wp:term":[{"taxonomy":"category","embeddable":true,"href":"https:\/\/www.spvgg-quierschied.de\/index.php?rest_route=%2Fwp%2Fv2%2Fcategories&post=23706"},{"taxonomy":"post_tag","embeddable":true,"href":"https:\/\/www.spvgg-quierschied.de\/index.php?rest_route=%2Fwp%2Fv2%2Ftags&post=23706"}],"curies":[{"name":"wp","href":"https:\/\/api.w.org\/{rel}","templated":true}]}}