{"id":23692,"date":"2020-06-25T09:32:11","date_gmt":"2020-06-25T07:32:11","guid":{"rendered":"http:\/\/www.spvgg-quierschied.de\/?p=23692"},"modified":"2020-06-25T09:32:11","modified_gmt":"2020-06-25T07:32:11","slug":"neuigkeiten-aktive","status":"publish","type":"post","link":"https:\/\/www.spvgg-quierschied.de\/?p=23692","title":{"rendered":"Neuigkeiten Aktive"},"content":{"rendered":"\n<p>+++ Neuigkeiten Aktive &#8211; Verj\u00fcngungsprozess wird fortgesetzt +++<\/p>\n\n\n\n<p>Beim gestrigen letzten Training der Saison 19\/20 wurden mit Niko Culum (21) und Max Simonett (18) zwei weitere junge Neuzug\u00e4nge pr\u00e4sentiert. Niko spielte bereits 2017 noch als A-Jugendspieler aus Saarbr\u00fccken kommend f\u00fcr die Wambe und wechselte danach zum FC Rastpfuhl. Dort bestritt er 48 Spiele in Verbands- und Saarlandliga. Er ist f\u00fcr die Defensive geplant. Max kommt von Hellas Bildstock ans Franzenhaus. Mit seinen 18 Jahren bestritt er in dieser Saison 14 Spiele (4 Tore) f\u00fcr den Verbandsligisten und ist im Angriff anzusiedeln. Robin Gehring (18, ohne Foto) kommt aus der A-Jugend des FC Homburg nach Quierschied. Er soll Aktiven Erfahrungen sammeln und spielt in der Innenverteidigung. Au\u00dferdem wird Luca Lambert (ohne Foto) aus unserer eigenen A-Jugend ab sofort zur 1. Mannschaft hochgezogen. Luca ist bereits seit Januar bei der Ersten mit dabei und zeigte in vielen Testspielen der Vorbereitung, dass wier hier ein tolles Talent in unseren Reihen besitzen. Luca wird in Ruhe aufgebaut, wird aber sicher schon in der neuen Runde Saarlandliga-Luft schnuppern. Er kann in Abwehr und Mittelfeld spielen. Torj\u00e4ger Matthias Krau\u00df (27, VfB Dillingen, ohne Foto) ist bereits l\u00e4nger als Neuzugang bekannt. Neu-Trainer Thomas Bettinger richtete gestern zum ersten Mal ein paar Worte vor versammelter Mannschaft, um sie nun noch einmal in Pause zu schicken und am 19. Juli zum Auftakt wieder begr\u00fc\u00dfen zu d\u00fcrfen.<\/p>\n\n\n\n<p>Auch in der 2. Mannschaft d\u00fcrfen wir neue Spieler begr\u00fc\u00dfen. Max M\u00e4s (21) kommt vom SC Friedrichsthal aus der Bezirksliga. Dort absolvierte er in dieser Spielzeit 16 Spiele und erzielte 2 Tore. Johannes Hell kommt vom SV Bardenbach. Der 25-j\u00e4hrige bestritt in dieser Runde 12 Partien in der Landesliga. Desweiteren st\u00f6\u00dft aus der eigenen A-Jugend Tobias Meiser (ohne Foto) mit zum Landesliga-Team. Tobi ist 18 Jahre und wurde bereits in der letzten Saison in das Team durch Training integriert. Die 2. Mannschaft absolviert am Samstag ihr letztes Training, den Wiederbeginn geben wir noch bekannt. In der kommenden Runde wird die Zw\u00e4dd wie bereits l\u00e4nger bekannt von Manuel Dillenburger und seinem Co-Trainer Yannik Eiler trainiert.<\/p>\n\n\n\n<p>Wir hei\u00dfen alle Neuzug\u00e4nge ganz herzlich Willkommen bei der Wambe &#x26ab;&#x26aa;.<\/p>\n\n\n\n<p>Wann die neue Saison wieder starten kann, ist offen. Sowohl von der Saarl\u00e4ndischen Landesregierung als auch vom Saarl\u00e4ndischen Fu\u00dfballverband gab es bislang keine sicheren Signale, es wird weiter auf den September als Wiederbeginn gehofft.<\/p>\n\n\n\n<figure class=\"wp-block-image size-large\"><img loading=\"lazy\" decoding=\"async\" width=\"860\" height=\"893\" src=\"https:\/\/www.spvgg-quierschied.de\/wp-content\/uploads\/2020\/06\/Screenshot_20200625-084718_Chrome.jpg\" alt=\"\" class=\"wp-image-23693\" srcset=\"https:\/\/www.spvgg-quierschied.de\/wp-content\/uploads\/2020\/06\/Screenshot_20200625-084718_Chrome.jpg 860w, https:\/\/www.spvgg-quierschied.de\/wp-content\/uploads\/2020\/06\/Screenshot_20200625-084718_Chrome-289x300.jpg 289w, https:\/\/www.spvgg-quierschied.de\/wp-content\/uploads\/2020\/06\/Screenshot_20200625-084718_Chrome-768x797.jpg 768w, https:\/\/www.spvgg-quierschied.de\/wp-content\/uploads\/2020\/06\/Screenshot_20200625-084718_Chrome-560x581.jpg 560w, https:\/\/www.spvgg-quierschied.de\/wp-content\/uploads\/2020\/06\/Screenshot_20200625-084718_Chrome-260x270.jpg 260w, https:\/\/www.spvgg-quierschied.de\/wp-content\/uploads\/2020\/06\/Screenshot_20200625-084718_Chrome-160x166.jpg 160w\" sizes=\"auto, (max-width: 860px) 100vw, 860px\" \/><figcaption>Max Simonett. <\/figcaption><\/figure>\n\n\n\n<figure class=\"wp-block-image size-large\"><img loading=\"lazy\" decoding=\"async\" width=\"655\" height=\"1024\" src=\"https:\/\/www.spvgg-quierschied.de\/wp-content\/uploads\/2020\/06\/FB_IMG_1593067465849-655x1024.jpg\" alt=\"\" class=\"wp-image-23694\" srcset=\"https:\/\/www.spvgg-quierschied.de\/wp-content\/uploads\/2020\/06\/FB_IMG_1593067465849-655x1024.jpg 655w, https:\/\/www.spvgg-quierschied.de\/wp-content\/uploads\/2020\/06\/FB_IMG_1593067465849-192x300.jpg 192w, https:\/\/www.spvgg-quierschied.de\/wp-content\/uploads\/2020\/06\/FB_IMG_1593067465849-768x1201.jpg 768w, https:\/\/www.spvgg-quierschied.de\/wp-content\/uploads\/2020\/06\/FB_IMG_1593067465849-982x1536.jpg 982w, https:\/\/www.spvgg-quierschied.de\/wp-content\/uploads\/2020\/06\/FB_IMG_1593067465849-560x876.jpg 560w, https:\/\/www.spvgg-quierschied.de\/wp-content\/uploads\/2020\/06\/FB_IMG_1593067465849-260x407.jpg 260w, https:\/\/www.spvgg-quierschied.de\/wp-content\/uploads\/2020\/06\/FB_IMG_1593067465849-160x250.jpg 160w, https:\/\/www.spvgg-quierschied.de\/wp-content\/uploads\/2020\/06\/FB_IMG_1593067465849.jpg 1080w\" sizes=\"auto, (max-width: 655px) 100vw, 655px\" \/><figcaption>Niko Culum.<\/figcaption><\/figure>\n\n\n\n<figure class=\"wp-block-image size-large\"><img loading=\"lazy\" decoding=\"async\" width=\"1024\" height=\"768\" src=\"https:\/\/www.spvgg-quierschied.de\/wp-content\/uploads\/2020\/06\/20200619_184150-1024x768.jpg\" alt=\"\" class=\"wp-image-23695\" srcset=\"https:\/\/www.spvgg-quierschied.de\/wp-content\/uploads\/2020\/06\/20200619_184150-1024x768.jpg 1024w, https:\/\/www.spvgg-quierschied.de\/wp-content\/uploads\/2020\/06\/20200619_184150-300x225.jpg 300w, https:\/\/www.spvgg-quierschied.de\/wp-content\/uploads\/2020\/06\/20200619_184150-768x576.jpg 768w, https:\/\/www.spvgg-quierschied.de\/wp-content\/uploads\/2020\/06\/20200619_184150-1536x1152.jpg 1536w, https:\/\/www.spvgg-quierschied.de\/wp-content\/uploads\/2020\/06\/20200619_184150-2048x1536.jpg 2048w, https:\/\/www.spvgg-quierschied.de\/wp-content\/uploads\/2020\/06\/20200619_184150-560x420.jpg 560w, https:\/\/www.spvgg-quierschied.de\/wp-content\/uploads\/2020\/06\/20200619_184150-260x195.jpg 260w, https:\/\/www.spvgg-quierschied.de\/wp-content\/uploads\/2020\/06\/20200619_184150-160x120.jpg 160w\" sizes=\"auto, (max-width: 1024px) 100vw, 1024px\" \/><figcaption>Max M\u00e4s (links), Johannes Hell und Neu-Trainer Manuel Dillenburger.<\/figcaption><\/figure>\n","protected":false},"excerpt":{"rendered":"<p>+++ Neuigkeiten Aktive &#8211; Verj\u00fcngungsprozess wird fortgesetzt +++ Beim gestrigen letzten Training der Saison 19\/20 wurden mit Niko Culum (21) und Max Simonett (18) zwei weitere junge Neuzug\u00e4nge pr\u00e4sentiert. Niko spielte bereits 2017 noch als A-Jugendspieler aus Saarbr\u00fccken kommend f\u00fcr&hellip;<\/p>\n<p class=\"more-link-p\"><a class=\"more-link\" href=\"https:\/\/www.spvgg-quierschied.de\/?p=23692\">Read more &rarr;<\/a><\/p>\n","protected":false},"author":4,"featured_media":0,"comment_status":"closed","ping_status":"closed","sticky":false,"template":"","format":"standard","meta":{"footnotes":""},"categories":[8,9],"tags":[],"class_list":["post-23692","post","type-post","status-publish","format-standard","hentry","category-1-mannschaft","category-2-mannschaft"],"_links":{"self":[{"href":"https:\/\/www.spvgg-quierschied.de\/index.php?rest_route=\/wp\/v2\/posts\/23692","targetHints":{"allow":["GET"]}}],"collection":[{"href":"https:\/\/www.spvgg-quierschied.de\/index.php?rest_route=\/wp\/v2\/posts"}],"about":[{"href":"https:\/\/www.spvgg-quierschied.de\/index.php?rest_route=\/wp\/v2\/types\/post"}],"author":[{"embeddable":true,"href":"https:\/\/www.spvgg-quierschied.de\/index.php?rest_route=\/wp\/v2\/users\/4"}],"replies":[{"embeddable":true,"href":"https:\/\/www.spvgg-quierschied.de\/index.php?rest_route=%2Fwp%2Fv2%2Fcomments&post=23692"}],"version-history":[{"count":1,"href":"https:\/\/www.spvgg-quierschied.de\/index.php?rest_route=\/wp\/v2\/posts\/23692\/revisions"}],"predecessor-version":[{"id":23696,"href":"https:\/\/www.spvgg-quierschied.de\/index.php?rest_route=\/wp\/v2\/posts\/23692\/revisions\/23696"}],"wp:attachment":[{"href":"https:\/\/www.spvgg-quierschied.de\/index.php?rest_route=%2Fwp%2Fv2%2Fmedia&parent=23692"}],"wp:term":[{"taxonomy":"category","embeddable":true,"href":"https:\/\/www.spvgg-quierschied.de\/index.php?rest_route=%2Fwp%2Fv2%2Fcategories&post=23692"},{"taxonomy":"post_tag","embeddable":true,"href":"https:\/\/www.spvgg-quierschied.de\/index.php?rest_route=%2Fwp%2Fv2%2Ftags&post=23692"}],"curies":[{"name":"wp","href":"https:\/\/api.w.org\/{rel}","templated":true}]}}