{"id":23671,"date":"2020-06-09T21:45:09","date_gmt":"2020-06-09T19:45:09","guid":{"rendered":"http:\/\/www.spvgg-quierschied.de\/?p=23671"},"modified":"2020-08-25T13:54:31","modified_gmt":"2020-08-25T11:54:31","slug":"saison-2019-2020-ist-abgebrochen","status":"publish","type":"post","link":"https:\/\/www.spvgg-quierschied.de\/?p=23671","title":{"rendered":"Saison 2019\/2020 ist abgebrochen"},"content":{"rendered":"\n<p>Am heutigen Dienstagabend fand der erste virtuelle Verbandstag des <strong>Saarl\u00e4ndischen Fu\u00dfballverband<\/strong> statt. Dabei ging es vor allem um den Umgang der wegen der Corona-Krise ruhenden Saison 2019\/2020. Vorab m\u00f6chten wir dem SFV und Vizepr\u00e4sident Adrian Z\u00f6hler ein Kompliment f\u00fcr einen sehr guten Ablauf dieser Premiere machen. <\/p>\n\n\n\n<p>Neben unserem Delegierten verfolgten auch einige Fu\u00dfballer und Verantwortliche den auf Youtube live \u00fcbertragenen Verbandstag.Die Vereine haben entschieden, dass die Saison abgebrochen wird. Betroffen ist der gesamte Fu\u00dfball im Saarland mit all seinen Abteilungen, sprich auf unsere Sportvereinigung bezogen Aktive, Jugend und AH-Abteilung. <\/p>\n\n\n\n<p>Entschieden wurde, dass der jeweilige Meister durch einen Quotienten aus dem jetzigen Tabellenstand ermittelt wird (Punkte : Spiele x 100). Gegen einen weiteren Aufsteiger, etwa die besten Tabellenzweiten gab es ein mehrheitliches Nein. Ausnahme Saarlandliga, hier wird ein zweiter Vertreter in die Oberliga geschickt. Aus allen Ligen soll der Tabellenletzte &#8211; ebenfalls per Quotientenregel ermittelt &#8211; absteigen. Das kam sehr \u00fcberraschend und ist f\u00fcr viele Vereine mit knappem R\u00fcckstand sicherlich ein wahrer Schock, denn damit hat nicht wirklich jemand gerechnet, die Mehrheit der Vereine stimmte aber daf\u00fcr. <\/p>\n\n\n\n<p>Damit besteht nun Klarheit, die Saison ist beendet, die Vereine wissen wo sie dran sind. Klarheit dagegen herrscht weiter nicht, wann es denn wieder weiter gehen kann. Das kann auch der SFV nicht voraus sagen, die Pandemie ist weiter gegenw\u00e4rtig und Mediziner und Politiker werden entscheiden, wann was wieder verantwortbar ist. Wie unsere Spvgg. nun weiter verf\u00e4hrt, schlie\u00dflich sind einige Mannschaften wieder im Training (unter Auflagen), wird die n\u00e4chsten Tage diskutiert werden. M\u00f6glicherweise werden die Mannschaften ihr Training mit den jetzigen Teams auslaufen lassen, m\u00f6glicherweise irgendwann ein Abschlussfest machen und dann abstimmen, wann es wieder weiter geht mit Neuzug\u00e4ngen bzw. den neuen Jahrg\u00e4ngen in der Jugend. <\/p>\n\n\n\n<p>Wir werden Euch dar\u00fcber informieren!Verpassen m\u00f6chten wir es nicht, dem Meister der Saarlandliga <strong>Fu\u00dfballverein Eppelborn<\/strong> &#8211; die wir eigentlich n\u00e4chsten Monat beim Jost + Pilger Cup sehen w\u00fcrden &#8211; sowie dem Meister der Landesliga S\u00fcd <strong>SV Walpershofen 1930 e. V<\/strong><a href=\"https:\/\/www.facebook.com\/svwalpershofen\/?__cft__[0]=AZXw8jU6HH8w4_f__ArNqCGabBOa6qsExa_Epv-cekm2pciTSQ3UsjrFnU5_b5OHyQ-_TBWVJknsP8d0ubxq1hT_i29Z5srmgJpaGD3QpnvgpA_U36Sm9i_wXHdz4aPrLRzo1GyIX6bPOkNgAw2dFOO85Au6-d72ZmAgzQVrA5BP-Q&amp;__tn__=kK-R\"><strong>.<\/strong><\/a> ganz herzlich zu Meisterschaft und Aufstieg zu gratulieren! Wir halten Euch weiter auf dem Laufenden.<\/p>\n","protected":false},"excerpt":{"rendered":"<p>Am heutigen Dienstagabend fand der erste virtuelle Verbandstag des Saarl\u00e4ndischen Fu\u00dfballverband statt. Dabei ging es vor allem um den Umgang der wegen der Corona-Krise ruhenden Saison 2019\/2020. Vorab m\u00f6chten wir dem SFV und Vizepr\u00e4sident Adrian Z\u00f6hler ein Kompliment f\u00fcr einen&hellip;<\/p>\n<p class=\"more-link-p\"><a class=\"more-link\" href=\"https:\/\/www.spvgg-quierschied.de\/?p=23671\">Read more &rarr;<\/a><\/p>\n","protected":false},"author":4,"featured_media":0,"comment_status":"closed","ping_status":"closed","sticky":false,"template":"","format":"standard","meta":{"footnotes":""},"categories":[5,7],"tags":[],"class_list":["post-23671","post","type-post","status-publish","format-standard","hentry","category-aktive","category-vorstand"],"_links":{"self":[{"href":"https:\/\/www.spvgg-quierschied.de\/index.php?rest_route=\/wp\/v2\/posts\/23671","targetHints":{"allow":["GET"]}}],"collection":[{"href":"https:\/\/www.spvgg-quierschied.de\/index.php?rest_route=\/wp\/v2\/posts"}],"about":[{"href":"https:\/\/www.spvgg-quierschied.de\/index.php?rest_route=\/wp\/v2\/types\/post"}],"author":[{"embeddable":true,"href":"https:\/\/www.spvgg-quierschied.de\/index.php?rest_route=\/wp\/v2\/users\/4"}],"replies":[{"embeddable":true,"href":"https:\/\/www.spvgg-quierschied.de\/index.php?rest_route=%2Fwp%2Fv2%2Fcomments&post=23671"}],"version-history":[{"count":1,"href":"https:\/\/www.spvgg-quierschied.de\/index.php?rest_route=\/wp\/v2\/posts\/23671\/revisions"}],"predecessor-version":[{"id":23672,"href":"https:\/\/www.spvgg-quierschied.de\/index.php?rest_route=\/wp\/v2\/posts\/23671\/revisions\/23672"}],"wp:attachment":[{"href":"https:\/\/www.spvgg-quierschied.de\/index.php?rest_route=%2Fwp%2Fv2%2Fmedia&parent=23671"}],"wp:term":[{"taxonomy":"category","embeddable":true,"href":"https:\/\/www.spvgg-quierschied.de\/index.php?rest_route=%2Fwp%2Fv2%2Fcategories&post=23671"},{"taxonomy":"post_tag","embeddable":true,"href":"https:\/\/www.spvgg-quierschied.de\/index.php?rest_route=%2Fwp%2Fv2%2Ftags&post=23671"}],"curies":[{"name":"wp","href":"https:\/\/api.w.org\/{rel}","templated":true}]}}