{"id":23663,"date":"2020-05-18T20:04:24","date_gmt":"2020-05-18T18:04:24","guid":{"rendered":"http:\/\/www.spvgg-quierschied.de\/?p=23663"},"modified":"2020-08-25T13:54:40","modified_gmt":"2020-08-25T11:54:40","slug":"aktive-trainieren-in-kleingruppen-clubheim-wieder-geoeffnet","status":"publish","type":"post","link":"https:\/\/www.spvgg-quierschied.de\/?p=23663","title":{"rendered":"Aktive trainieren in Kleingruppen &#8211; Clubheim wieder ge\u00f6ffnet"},"content":{"rendered":"\n<p>Nach einem engen Austausch mit der Gemeinde und der Vorlage eines Kozeptes zur Einhaltung der Hygiene-Vorschriften, wird in dieser Woche in der Aktiven-Abteilung auf freiwilliger Basis wieder in Kleingruppen trainiert. So steht der Mittwoch der 1. Mannschaft und der Freitag der 2. Mannschaft zur Verf\u00fcgung. Es gelten strenge Auflagen, die an alle Teilnehmer ausf\u00fchrlich kommuniziert worden sind und diszipliniert umgesetzt werden.  <\/p>\n\n\n\n<p>\u00dcber 2 Monate stand der Sportplatz still. Sicherlich wird die Trainingsgestaltung unter dem Motto &#8222;Abstand halten&#8220;, eine andere als vor der Corona Krise sein, doch viele Fu\u00dfballer freuen sich darauf, mal wieder einen Ball am Fu\u00df zu haben und die Kameraden zu treffen. <\/p>\n\n\n\n<p>Genau das ist sicherlich auch ein hei\u00df ersehnter Wunsch unserer vielen Jugendspieler und deren Trainern. Zu gerne wollen wir wieder die Kids dem Ball nachjagen sehen. Doch die angesprochenen Auflagen sind sind sehr anspruchsvoll und m\u00fcssen sehr verantwortungsbewusst umgesetzt werden. Deswegen findet aktuell noch kein Jugendtraining statt. Unser Vorstand ist aber im regen Austausch dar\u00fcber, ob und wie auch f\u00fcr die Kids Training angeboten werden kann. Wir hoffen auf das Verst\u00e4ndnis aller Eltern und der Jugendspieler, dass wir hier noch keine endg\u00fcltige Entscheidung getroffen haben.<\/p>\n\n\n\n<p>Auch unsere P\u00e4chterin Eva Meloni hat die Gastst\u00e4tte am Franzenhaus wieder ge\u00f6ffnet. Auch dies unter strengen Auflagen. Nach einer langen Durststrecke, w\u00fcrde auch sie sich bestimmt \u00fcber Euren Besuch freuen. Werktags ist von 16 bis 22 Uhr ge\u00f6ffnet.<\/p>\n\n\n\n<p>Wir weisen darauf hin, dass derzeit keine mit dem Vorstand unabgesprochenen Aktivit\u00e4ten auf dem Sportplatz stattfinden d\u00fcrfen. <\/p>\n\n\n\n<p>Wir alle hoffen, dass sich die gro\u00dfe Disziplin mit Beachtung aller Vorgaben auszahlt und wir bald wieder zur\u00fcck in den alten sportlichen Alltag finden. <\/p>\n\n\n\n<p>Wie es mit der ruhenden Saison 2019\/2020 weitergehen wird, entscheidet sich am 09. Juni auf dem virtuellen Verbandstag des Saarl\u00e4ndischen Fu\u00dfballverbandes.<\/p>\n","protected":false},"excerpt":{"rendered":"<p>Nach einem engen Austausch mit der Gemeinde und der Vorlage eines Kozeptes zur Einhaltung der Hygiene-Vorschriften, wird in dieser Woche in der Aktiven-Abteilung auf freiwilliger Basis wieder in Kleingruppen trainiert. So steht der Mittwoch der 1. Mannschaft und der Freitag&hellip;<\/p>\n<p class=\"more-link-p\"><a class=\"more-link\" href=\"https:\/\/www.spvgg-quierschied.de\/?p=23663\">Read more &rarr;<\/a><\/p>\n","protected":false},"author":4,"featured_media":0,"comment_status":"closed","ping_status":"closed","sticky":false,"template":"","format":"standard","meta":{"footnotes":""},"categories":[5,7],"tags":[],"class_list":["post-23663","post","type-post","status-publish","format-standard","hentry","category-aktive","category-vorstand"],"_links":{"self":[{"href":"https:\/\/www.spvgg-quierschied.de\/index.php?rest_route=\/wp\/v2\/posts\/23663","targetHints":{"allow":["GET"]}}],"collection":[{"href":"https:\/\/www.spvgg-quierschied.de\/index.php?rest_route=\/wp\/v2\/posts"}],"about":[{"href":"https:\/\/www.spvgg-quierschied.de\/index.php?rest_route=\/wp\/v2\/types\/post"}],"author":[{"embeddable":true,"href":"https:\/\/www.spvgg-quierschied.de\/index.php?rest_route=\/wp\/v2\/users\/4"}],"replies":[{"embeddable":true,"href":"https:\/\/www.spvgg-quierschied.de\/index.php?rest_route=%2Fwp%2Fv2%2Fcomments&post=23663"}],"version-history":[{"count":2,"href":"https:\/\/www.spvgg-quierschied.de\/index.php?rest_route=\/wp\/v2\/posts\/23663\/revisions"}],"predecessor-version":[{"id":23665,"href":"https:\/\/www.spvgg-quierschied.de\/index.php?rest_route=\/wp\/v2\/posts\/23663\/revisions\/23665"}],"wp:attachment":[{"href":"https:\/\/www.spvgg-quierschied.de\/index.php?rest_route=%2Fwp%2Fv2%2Fmedia&parent=23663"}],"wp:term":[{"taxonomy":"category","embeddable":true,"href":"https:\/\/www.spvgg-quierschied.de\/index.php?rest_route=%2Fwp%2Fv2%2Fcategories&post=23663"},{"taxonomy":"post_tag","embeddable":true,"href":"https:\/\/www.spvgg-quierschied.de\/index.php?rest_route=%2Fwp%2Fv2%2Ftags&post=23663"}],"curies":[{"name":"wp","href":"https:\/\/api.w.org\/{rel}","templated":true}]}}