{"id":23650,"date":"2020-05-18T11:33:30","date_gmt":"2020-05-18T09:33:30","guid":{"rendered":"http:\/\/www.spvgg-quierschied.de\/?p=23650"},"modified":"2020-05-18T18:32:21","modified_gmt":"2020-05-18T16:32:21","slug":"ausserordentliche-virtuelle-verbandstagung-des-sfv","status":"publish","type":"post","link":"https:\/\/www.spvgg-quierschied.de\/?p=23650","title":{"rendered":"Au\u00dferordentlicher virtueller Verbandstag des SFV"},"content":{"rendered":"\n<p>Seit nun 9 Wochen ruht der Trainings- und Spielbetrieb am Sportplatz Franzenhaus. Zurzeit ist immer noch nicht abzusehen ab wann und in welcher Form Spiele und Veranstaltungen in einer \u201cneuen Normalit\u00e4t\u201c m\u00f6glich sind!&nbsp;<\/p>\n\n\n\n<p>Am 09.06 entscheidet nun ein virtueller au\u00dferordentlicher Verbands-Tag des SFV, ob und in welcher Form die aktuelle Saison Im SFV abgebrochen wird. Der Trend geht eindeutig zum Abbruch der Saison.&nbsp;\u00dcber die Wertung der laufenden Saison haben die Vereine aber h\u00f6chst unterschiedliche Vorstellungen. Dies gilt insbesondere f\u00fcr einen eventuellen Auf- und Abstieg in den jeweiligen Ligen.<\/p>\n\n\n\n<p>Der Vorstand des SFV hat nun einen Antrag zur Entscheidungsfindung bei diesem virtuellen Verbandstag vorgelegt.<strong>Wir zitieren nachfolgend den Antrag des Vorstands.<\/strong> (Quelle Bericht auf Homepage des SFV)<\/p>\n\n\n\n<p>Der Vorstand des Saarl\u00e4ndischen Fu\u00dfballverbandes hat den Vereinen \u00fcber das SFV-eigene Postfach den Antrag des Vorstandes zum Spielbetrieb f\u00fcr den virtuellen Au\u00dferordentlichen Verbandstag am 9. Juni 2020 zugestellt.<\/p>\n\n\n\n<p>Die Kernpunkte des Antrags sind:<\/p>\n\n\n\n<p>\u2022&nbsp;&nbsp;&nbsp; Die Saison 2019\/2020 wird abgebrochen.<br>\u2022&nbsp;&nbsp;&nbsp; Der Meister steigt auf und wird nach derzeitigem Tabellenstand anhand der Quotientenregelung errechnet.<br>\u2022&nbsp;&nbsp;&nbsp; Es werden keine Absteiger ermittelt.<br>\u2022&nbsp;&nbsp;&nbsp; Die Regelung gilt f\u00fcr alle Spiel- und Altersklassen im Meisterschaftsbetrieb des SFV. Ein Antrag des Vorstandes zu den SFV-Pokalrunden erfolgt noch.<\/p>\n\n\n\n<p><strong>Der vollst\u00e4ndige Antrag und die Begr\u00fcndung kann auf der Homepage des SFV www.saar-fv.de eingesehen werden.<br><\/strong><\/p>\n","protected":false},"excerpt":{"rendered":"<p>Seit nun 9 Wochen ruht der Trainings- und Spielbetrieb am Sportplatz Franzenhaus. Zurzeit ist immer noch nicht abzusehen ab wann und in welcher Form Spiele und Veranstaltungen in einer \u201cneuen Normalit\u00e4t\u201c m\u00f6glich sind!&nbsp; Am 09.06 entscheidet nun ein virtueller au\u00dferordentlicher&hellip;<\/p>\n<p class=\"more-link-p\"><a class=\"more-link\" href=\"https:\/\/www.spvgg-quierschied.de\/?p=23650\">Read more &rarr;<\/a><\/p>\n","protected":false},"author":12,"featured_media":0,"comment_status":"closed","ping_status":"closed","sticky":false,"template":"","format":"standard","meta":{"footnotes":""},"categories":[7],"tags":[],"class_list":["post-23650","post","type-post","status-publish","format-standard","hentry","category-vorstand"],"_links":{"self":[{"href":"https:\/\/www.spvgg-quierschied.de\/index.php?rest_route=\/wp\/v2\/posts\/23650","targetHints":{"allow":["GET"]}}],"collection":[{"href":"https:\/\/www.spvgg-quierschied.de\/index.php?rest_route=\/wp\/v2\/posts"}],"about":[{"href":"https:\/\/www.spvgg-quierschied.de\/index.php?rest_route=\/wp\/v2\/types\/post"}],"author":[{"embeddable":true,"href":"https:\/\/www.spvgg-quierschied.de\/index.php?rest_route=\/wp\/v2\/users\/12"}],"replies":[{"embeddable":true,"href":"https:\/\/www.spvgg-quierschied.de\/index.php?rest_route=%2Fwp%2Fv2%2Fcomments&post=23650"}],"version-history":[{"count":9,"href":"https:\/\/www.spvgg-quierschied.de\/index.php?rest_route=\/wp\/v2\/posts\/23650\/revisions"}],"predecessor-version":[{"id":23659,"href":"https:\/\/www.spvgg-quierschied.de\/index.php?rest_route=\/wp\/v2\/posts\/23650\/revisions\/23659"}],"wp:attachment":[{"href":"https:\/\/www.spvgg-quierschied.de\/index.php?rest_route=%2Fwp%2Fv2%2Fmedia&parent=23650"}],"wp:term":[{"taxonomy":"category","embeddable":true,"href":"https:\/\/www.spvgg-quierschied.de\/index.php?rest_route=%2Fwp%2Fv2%2Fcategories&post=23650"},{"taxonomy":"post_tag","embeddable":true,"href":"https:\/\/www.spvgg-quierschied.de\/index.php?rest_route=%2Fwp%2Fv2%2Ftags&post=23650"}],"curies":[{"name":"wp","href":"https:\/\/api.w.org\/{rel}","templated":true}]}}