{"id":23638,"date":"2020-05-07T13:52:16","date_gmt":"2020-05-07T11:52:16","guid":{"rendered":"http:\/\/www.spvgg-quierschied.de\/?p=23638"},"modified":"2020-08-25T13:54:47","modified_gmt":"2020-08-25T11:54:47","slug":"der-vorstand-zu-corona-und-lockerungen-im-sportbetrieb","status":"publish","type":"post","link":"https:\/\/www.spvgg-quierschied.de\/?p=23638","title":{"rendered":"Der Vorstand zu Corona und Lockerungen im Sportbetrieb"},"content":{"rendered":"\n<p>Offizielle Stellungnahme des Vorstandes<\/p>\n\n\n\n<p>Liebe Sportfreunde,<\/p>\n\n\n\n<p>wir wollen alle endlich wieder unserem geliebten Fu\u00dfballsport nachgehen d\u00fcrfen. Die Sehnsucht nach dem Sport und der Geselligkeit und dem Gemeinschaftsgef\u00fchl drumherum ist bei uns allen &#8211; wie auch bei euch &#8211; sehr gro\u00df. Die Corona-Krise geht auch an unserer Sportvereinigung nicht spurlos vorbei. <\/p>\n\n\n\n<p>Unser Vorstand muss sehr viel Zeit und Arbeit aufbringen, damit alles irgendwann einmal wieder so sein wird, wie es vorher war. Hierzu wird auch die Unterst\u00fctzung aller Freunde, Mitglieder, G\u00f6nner und Sponsoren von N\u00f6ten sein. Falls sich jemand aktiv unterst\u00fctzend einbringen m\u00f6chte: Jedes Vorstandsmitglied dient als Ansprechpartner, Kontaktdaten k\u00f6nnen auch auf <a href=\"https:\/\/www.spvgg-quierschied.de\/?page_id=309\">https:\/\/www.spvgg-quierschied.de\/?page_id=309<\/a> eingesehen werden. <\/p>\n\n\n\n<p>Erfreulich war gestern die von der Regierung verk\u00fcndeten ersten, vorsichtigen Schritte auf dem Weg zur\u00fcck zum Sport und die Perspektive, unsere Sportanlage unter Einhaltung von Regeln f\u00fcr das Training in Gruppen wieder \u00f6ffnen zu d\u00fcrfen. Wir warten hierzu noch auf genauere Infos und Vorgaben der Landesregierung und werden dann mit aller Vorsicht und Vernunft mit der Gemeinde Quierschied abstimmen, was wann wieder m\u00f6glich sein wird.<\/p>\n\n\n\n<p>Nach wie vor gilt: Die Pandemie geh\u00f6rt weiter zum Alltag &#8211; und das noch f\u00fcr eine lange Zeit. Solange geht unser aller Gesundheit vor! Deshalb bleibt unsere Sportanlage vorerst geschlossen. \u00dcber die m\u00f6gliche \u00d6ffnung unserer Vereinsgastst\u00e4tte informiert euch P\u00e4chterin Eva Meloni. <\/p>\n\n\n\n<p>Wir hoffen auf euer Verst\u00e4ndnis. Sobald sich die Lage \u00e4ndert, informieren wir euch wie gewohnt zeitnah.<\/p>\n\n\n\n<p>Bleibt gesund und munter!<\/p>\n\n\n\n<p>Der Vorstand der Spvgg.<\/p>\n","protected":false},"excerpt":{"rendered":"<p>Offizielle Stellungnahme des Vorstandes Liebe Sportfreunde, wir wollen alle endlich wieder unserem geliebten Fu\u00dfballsport nachgehen d\u00fcrfen. Die Sehnsucht nach dem Sport und der Geselligkeit und dem Gemeinschaftsgef\u00fchl drumherum ist bei uns allen &#8211; wie auch bei euch &#8211; sehr gro\u00df.&hellip;<\/p>\n<p class=\"more-link-p\"><a class=\"more-link\" href=\"https:\/\/www.spvgg-quierschied.de\/?p=23638\">Read more &rarr;<\/a><\/p>\n","protected":false},"author":4,"featured_media":0,"comment_status":"closed","ping_status":"closed","sticky":false,"template":"","format":"standard","meta":{"footnotes":""},"categories":[7],"tags":[],"class_list":["post-23638","post","type-post","status-publish","format-standard","hentry","category-vorstand"],"_links":{"self":[{"href":"https:\/\/www.spvgg-quierschied.de\/index.php?rest_route=\/wp\/v2\/posts\/23638","targetHints":{"allow":["GET"]}}],"collection":[{"href":"https:\/\/www.spvgg-quierschied.de\/index.php?rest_route=\/wp\/v2\/posts"}],"about":[{"href":"https:\/\/www.spvgg-quierschied.de\/index.php?rest_route=\/wp\/v2\/types\/post"}],"author":[{"embeddable":true,"href":"https:\/\/www.spvgg-quierschied.de\/index.php?rest_route=\/wp\/v2\/users\/4"}],"replies":[{"embeddable":true,"href":"https:\/\/www.spvgg-quierschied.de\/index.php?rest_route=%2Fwp%2Fv2%2Fcomments&post=23638"}],"version-history":[{"count":3,"href":"https:\/\/www.spvgg-quierschied.de\/index.php?rest_route=\/wp\/v2\/posts\/23638\/revisions"}],"predecessor-version":[{"id":23641,"href":"https:\/\/www.spvgg-quierschied.de\/index.php?rest_route=\/wp\/v2\/posts\/23638\/revisions\/23641"}],"wp:attachment":[{"href":"https:\/\/www.spvgg-quierschied.de\/index.php?rest_route=%2Fwp%2Fv2%2Fmedia&parent=23638"}],"wp:term":[{"taxonomy":"category","embeddable":true,"href":"https:\/\/www.spvgg-quierschied.de\/index.php?rest_route=%2Fwp%2Fv2%2Fcategories&post=23638"},{"taxonomy":"post_tag","embeddable":true,"href":"https:\/\/www.spvgg-quierschied.de\/index.php?rest_route=%2Fwp%2Fv2%2Ftags&post=23638"}],"curies":[{"name":"wp","href":"https:\/\/api.w.org\/{rel}","templated":true}]}}