{"id":23629,"date":"2020-04-28T11:04:50","date_gmt":"2020-04-28T09:04:50","guid":{"rendered":"http:\/\/www.spvgg-quierschied.de\/?p=23629"},"modified":"2020-04-28T11:39:44","modified_gmt":"2020-04-28T09:39:44","slug":"corona-sorgt-weiterhin-fuer-stillstand","status":"publish","type":"post","link":"https:\/\/www.spvgg-quierschied.de\/?p=23629","title":{"rendered":"Corona sorgt weiterhin f\u00fcr Stillstand"},"content":{"rendered":"\n<p>Seit vielen Wochen sind die Sportst\u00e4tten in Deutschland geschlossen, der Betrieb ist in den Vereinen stillgelegt. So nat\u00fcrlich auch bei unserer Sportvereinigung. Wie es weitergeht, ist offen. Der Saarl\u00e4ndische Fu\u00dfballverband stand zuletzt mit den Vereinen in Kontakt, holte sich zudem in einer Umfrage Meinungen ein, wie es denn mit der laufenden Saison weitergehen soll. Das Ergebnis liegt seit Sonntag vor. Nur 25% stimmten f\u00fcr eine Fortsetzung der Runde im September ab (nach dem Gro\u00dfveranstaltungsverbot bis 31.08). 70% tendierten zu einem Abbruch, jedoch mit unterschiedlichen Vorstellungen wie die Saison gewertet wird. 5% enthielten sich. <\/p>\n\n\n\n<p>Jetzt wartet der SFV, was die Regierung in ihrer n\u00e4chsten Erkl\u00e4rung verk\u00fcnden wird und pr\u00fcft die rechtliche Sicherheit in Sachen Saison-Abbruch. Hier muss ggf. n\u00e4mlich ein Verbandstag entscheiden, der dann auch vielleicht online \u00fcber die B\u00fchne gehen k\u00f6nnte.<\/p>\n\n\n\n<p>Die Gesundheit steht \u00fcber allem, trotzdem hoffen viele in unserem Verein, endlich wieder auf den Sportplatz kicken gehen zu d\u00fcrfen oder aber wenigstens eine Perspektive im Blick zu haben. <\/p>\n\n\n\n<p>Wenn es dazu Neuigkeiten gibt, melden wir uns nat\u00fcrlich. Bis dahin, bleibt zuversichtlich! <\/p>\n\n\n\n<p><strong>Hier die SFV Pressemeldung vom vergangenen Sonntag:<\/strong><\/p>\n\n\n\n<p>Meinungsumfrage bei den Vereinen zum Spielbetrieb<br>Knapper Ausgang bei vier Szenarien<br> An der Meinungsumfrage des Saarl\u00e4ndischen Fu\u00dfballverbandes, wie es mit dem Spielbetrieb im <br> Saarland weitergehen soll, haben sich 275 von insgesamt 370 Vereinen beteiligt.<br> \uf0b7 80 Vereine (29 %) sprachen sich f\u00fcr den Abbruch der Saison nur mit Aufsteigern aus.<br> \uf0b7 69 Vereine (25 %) bef\u00fcrworten eine Fortsetzung der Saison 2019\/20<br> \uf0b7 61 Vereine (22 %) sind f\u00fcr eine Annullierung der laufenden Saison 2019\/20<br> \uf0b7 53 Vereine (19 %) sind f\u00fcr einen Abbruch der Saison mit Wertung der Vorrunden- oder <br> jetzigen Tabelle mit Auf- und Absteigern<br> \uf0b7 12 Vereine (5 %) konnten zum jetzigen Zeitpunkt keine Aussage treffen.<br> Der Vorstand des SFV hatte den Vereinen ausdr\u00fccklich mitgeteilt, dass das Ergebnis der Umfrage <br> keine Entscheidung ist, sondern lediglich ein Meinungsbild darstellt.<br> Der Vorstand wird nun \u00fcber das Ergebnis beraten.<\/p>\n","protected":false},"excerpt":{"rendered":"<p>Seit vielen Wochen sind die Sportst\u00e4tten in Deutschland geschlossen, der Betrieb ist in den Vereinen stillgelegt. So nat\u00fcrlich auch bei unserer Sportvereinigung. Wie es weitergeht, ist offen. Der Saarl\u00e4ndische Fu\u00dfballverband stand zuletzt mit den Vereinen in Kontakt, holte sich zudem&hellip;<\/p>\n<p class=\"more-link-p\"><a class=\"more-link\" href=\"https:\/\/www.spvgg-quierschied.de\/?p=23629\">Read more &rarr;<\/a><\/p>\n","protected":false},"author":4,"featured_media":0,"comment_status":"closed","ping_status":"closed","sticky":false,"template":"","format":"standard","meta":{"footnotes":""},"categories":[7],"tags":[],"class_list":["post-23629","post","type-post","status-publish","format-standard","hentry","category-vorstand"],"_links":{"self":[{"href":"https:\/\/www.spvgg-quierschied.de\/index.php?rest_route=\/wp\/v2\/posts\/23629","targetHints":{"allow":["GET"]}}],"collection":[{"href":"https:\/\/www.spvgg-quierschied.de\/index.php?rest_route=\/wp\/v2\/posts"}],"about":[{"href":"https:\/\/www.spvgg-quierschied.de\/index.php?rest_route=\/wp\/v2\/types\/post"}],"author":[{"embeddable":true,"href":"https:\/\/www.spvgg-quierschied.de\/index.php?rest_route=\/wp\/v2\/users\/4"}],"replies":[{"embeddable":true,"href":"https:\/\/www.spvgg-quierschied.de\/index.php?rest_route=%2Fwp%2Fv2%2Fcomments&post=23629"}],"version-history":[{"count":5,"href":"https:\/\/www.spvgg-quierschied.de\/index.php?rest_route=\/wp\/v2\/posts\/23629\/revisions"}],"predecessor-version":[{"id":23634,"href":"https:\/\/www.spvgg-quierschied.de\/index.php?rest_route=\/wp\/v2\/posts\/23629\/revisions\/23634"}],"wp:attachment":[{"href":"https:\/\/www.spvgg-quierschied.de\/index.php?rest_route=%2Fwp%2Fv2%2Fmedia&parent=23629"}],"wp:term":[{"taxonomy":"category","embeddable":true,"href":"https:\/\/www.spvgg-quierschied.de\/index.php?rest_route=%2Fwp%2Fv2%2Fcategories&post=23629"},{"taxonomy":"post_tag","embeddable":true,"href":"https:\/\/www.spvgg-quierschied.de\/index.php?rest_route=%2Fwp%2Fv2%2Ftags&post=23629"}],"curies":[{"name":"wp","href":"https:\/\/api.w.org\/{rel}","templated":true}]}}