{"id":23370,"date":"2020-03-04T08:08:00","date_gmt":"2020-03-04T07:08:00","guid":{"rendered":"http:\/\/www.spvgg-quierschied.de\/?p=23370"},"modified":"2020-03-04T08:59:44","modified_gmt":"2020-03-04T07:59:44","slug":"heute-abend-geht-es-bereits-weiter","status":"publish","type":"post","link":"https:\/\/www.spvgg-quierschied.de\/?p=23370","title":{"rendered":"Heute Abend geht es bereits weiter &#8211; Primstal kommt ans Franzenhaus"},"content":{"rendered":"\n<p><strong>Nur 3 Tage nach dem ersten Spiel in Auersmacher geht es f\u00fcr unsere 1. Mannschaft am heutigen Mittwoch weiter. Um 19:00 Uhr empf\u00e4ngt unser Team zum ersten Heimspiel im Jahr des 115. Geburtstags den VfL Primstal am Franzenhaus.<\/strong><\/p>\n\n\n\n<p><strong>22. Spieltag Saarlandliga, Mi. 04.03.20 19:00 Uhr, Spvgg Quierschied &#8211; VfL Primstal<\/strong><\/p>\n\n\n\n<p><strong>Spvgg<\/strong>: Bei Festlegung der Spieltermine erschien das Spiel gegen den VfL Primstal unseren Verantwortlichen wie ein kleiner Dorn im Auge. Erstens hat es das Auftaktprogramm sowieso schon in sich, zweitens hat man einen Tag weniger Regeneration als der Gegner, der bereits am Samstag spielte. Doch nach der Niederlage in Auersmacher kommt es unserer Mannschaft gerade Recht, dass es z\u00fcgig weitergeht. Schlie\u00dflich will man das verlorene Spiel schnell ad acta legen und direkt f\u00fcr ein positives Erlebnis sorgen. 3 Punkte w\u00fcrden der Wambe f\u00fcr das Tabellenbild unwahrscheinlich gut tun an diesem Mittwoch. Dazu muss jeder Einzelne gegen\u00fcber dem Auftakt aber nochmal eine Schippe drauflegen und keinesfalls daran denken, Primstal auch nur im Ansatz zu untersch\u00e4tzen.<\/p>\n\n\n\n<div class=\"wp-block-image\"><figure class=\"alignright size-large\"><img loading=\"lazy\" decoding=\"async\" width=\"100\" height=\"108\" src=\"https:\/\/www.spvgg-quierschied.de\/wp-content\/uploads\/2016\/09\/Vfl-Primstal.png\" alt=\"\" class=\"wp-image-15693\"\/><\/figure><\/div>\n\n\n\n<p><strong>VfL: <\/strong>Denn die G\u00e4ste aus dem Nordsaarland spielen eine gute Saison, gelten als kompakte, defensiv stabile Mannschaft mit einigen guten Kickern in ihren Reihen. \u00dcberwintert hat die Truppe von Trainer Andreas Caryot auf dem 6. Tabellenplatz der Saarlandliga. Nach der Heimniederlage am Samstag gegen Neunkirchen (0:1) rangieren unsere G\u00e4ste aktuell mit 34 Punkten auf Platz 7. Wie unsere Spvgg ist Primstal also ebenfalls nicht siegreich aus dem Winter gekommen, sodass die G\u00e4steelf sicherlich auch alles geben wird, um schnell den ersten Dreier einzufahren.<\/p>\n\n\n\n<p><strong>Das Hinspiel:<\/strong> <a href=\"https:\/\/www.spvgg-quierschied.de\/?p=21857\">Anfang August gab es ein spannendes 0:0 zwischen den beiden Mannschaften im Primstaler Allerswaldstadion. <\/a><\/p>\n\n\n\n<p><strong>Der Schiedsrichter:<\/strong> Geleitet wird die Partie von Julian Geid. Ihm zur Seite stehen die Assistenten Frederic Meier und Pascal Herges. <\/p>\n\n\n\n<p><\/p>\n","protected":false},"excerpt":{"rendered":"<p>Nur 3 Tage nach dem ersten Spiel in Auersmacher geht es f\u00fcr unsere 1. Mannschaft am heutigen Mittwoch weiter. Um 19:00 Uhr empf\u00e4ngt unser Team zum ersten Heimspiel im Jahr des 115. Geburtstags den VfL Primstal am Franzenhaus. 22. Spieltag&hellip;<\/p>\n<p class=\"more-link-p\"><a class=\"more-link\" href=\"https:\/\/www.spvgg-quierschied.de\/?p=23370\">Read more &rarr;<\/a><\/p>\n","protected":false},"author":4,"featured_media":15693,"comment_status":"closed","ping_status":"closed","sticky":false,"template":"","format":"standard","meta":{"footnotes":""},"categories":[8],"tags":[],"class_list":["post-23370","post","type-post","status-publish","format-standard","has-post-thumbnail","hentry","category-1-mannschaft"],"_links":{"self":[{"href":"https:\/\/www.spvgg-quierschied.de\/index.php?rest_route=\/wp\/v2\/posts\/23370","targetHints":{"allow":["GET"]}}],"collection":[{"href":"https:\/\/www.spvgg-quierschied.de\/index.php?rest_route=\/wp\/v2\/posts"}],"about":[{"href":"https:\/\/www.spvgg-quierschied.de\/index.php?rest_route=\/wp\/v2\/types\/post"}],"author":[{"embeddable":true,"href":"https:\/\/www.spvgg-quierschied.de\/index.php?rest_route=\/wp\/v2\/users\/4"}],"replies":[{"embeddable":true,"href":"https:\/\/www.spvgg-quierschied.de\/index.php?rest_route=%2Fwp%2Fv2%2Fcomments&post=23370"}],"version-history":[{"count":12,"href":"https:\/\/www.spvgg-quierschied.de\/index.php?rest_route=\/wp\/v2\/posts\/23370\/revisions"}],"predecessor-version":[{"id":23385,"href":"https:\/\/www.spvgg-quierschied.de\/index.php?rest_route=\/wp\/v2\/posts\/23370\/revisions\/23385"}],"wp:featuredmedia":[{"embeddable":true,"href":"https:\/\/www.spvgg-quierschied.de\/index.php?rest_route=\/wp\/v2\/media\/15693"}],"wp:attachment":[{"href":"https:\/\/www.spvgg-quierschied.de\/index.php?rest_route=%2Fwp%2Fv2%2Fmedia&parent=23370"}],"wp:term":[{"taxonomy":"category","embeddable":true,"href":"https:\/\/www.spvgg-quierschied.de\/index.php?rest_route=%2Fwp%2Fv2%2Fcategories&post=23370"},{"taxonomy":"post_tag","embeddable":true,"href":"https:\/\/www.spvgg-quierschied.de\/index.php?rest_route=%2Fwp%2Fv2%2Ftags&post=23370"}],"curies":[{"name":"wp","href":"https:\/\/api.w.org\/{rel}","templated":true}]}}