{"id":2330,"date":"2012-03-13T08:02:32","date_gmt":"2012-03-13T08:02:32","guid":{"rendered":"http:\/\/www.spvgg-quierschied.de\/?p=2330"},"modified":"2012-03-13T09:31:24","modified_gmt":"2012-03-13T09:31:24","slug":"erster-dreier-fur-die-zweite","status":"publish","type":"post","link":"https:\/\/www.spvgg-quierschied.de\/?p=2330","title":{"rendered":"Erster Dreier f\u00fcr die Zweite"},"content":{"rendered":"<p>Mit nur einem Punkt aus zwei Spielen ist unsere Bezirksliga-Reserve nicht gerade optimal ins neue Jahr gestartet. Am 24. Spieltag der Kreisliga B Saarbr\u00fccken war man nun beim Tabellendritten SV Ritterstra\u00dfe II zu Gast. Unsere Spvgg. war von Anfang an spielbestimmend und durch die schnellen Angreifer Sebastian L\u00f6b und Kevin Schaum stets gef\u00e4hrlich. Die erste gro\u00dfe Torchance hatte dann allerdings \u00fcberraschend der Gastgeber. Nachdem sich ein Angreifer im Laufduell gegen Michael Giebels durchsetzte landete sein Schuss am Pfosten. Gl\u00fcck gehabt ! Doch auch auf der anderen Seite gab es nun M\u00f6glichkeiten und die F\u00fchrung wurde f\u00e4llig. Doch vor dem Seitenwechsel sollte kein Treffer fallen. Kurios: Der Schiedsrichter beendete die erste H\u00e4lfte bereits nach 40 Minuten.<br \/>\nIn der 58. Minute war es dann soweit. Oliver Wirth spielte zu Sebastian L\u00f6b und dieser nutzte die Gelegenheit zum 1:0 f\u00fcr die Spvgg. In der Folge ergaben sich weitere Szenen, in denen Quierschied den Sack h\u00e4tte zu machen m\u00fcssen. Die beste Chance hatte Kevin Fink, ganz alleine vor dem Kasten schoss er den Ball jedoch rechts vorbei. Die Wambe schafften es, das knappe 1:0 \u00fcber die Zeit zu retten und ergatterten sich damit nach einer guten Leistung drei verdiente Ausw\u00e4rtspunkte.<\/p>\n<p><span style=\"text-decoration: underline;\">24. Spieltag Kreisliga B Saarbr\u00fccken SV Ritterstra\u00dfe II &#8211; Spvgg Quierschied II 0:1 (0:0)<\/span><br \/>\nSpvgg II: Jung, Ruser, Leo T., Konrad, Giebels, Navrath, Fink, Schmitt, L\u00f6b, Wirth, Schaum \/ Eingewechselt: Sch\u00e4fer, Regneri, Zimmer, Leo D.<\/p>\n","protected":false},"excerpt":{"rendered":"<p>Mit nur einem Punkt aus zwei Spielen ist unsere Bezirksliga-Reserve nicht gerade optimal ins neue Jahr gestartet. Am 24. Spieltag der Kreisliga B Saarbr\u00fccken war man nun beim Tabellendritten SV Ritterstra\u00dfe II zu Gast. Unsere Spvgg. war von Anfang an&hellip;<\/p>\n<p class=\"more-link-p\"><a class=\"more-link\" href=\"https:\/\/www.spvgg-quierschied.de\/?p=2330\">Read more &rarr;<\/a><\/p>\n","protected":false},"author":4,"featured_media":0,"comment_status":"closed","ping_status":"open","sticky":false,"template":"","format":"standard","meta":{"footnotes":""},"categories":[10],"tags":[],"class_list":["post-2330","post","type-post","status-publish","format-standard","hentry","category-3-mannschaft"],"_links":{"self":[{"href":"https:\/\/www.spvgg-quierschied.de\/index.php?rest_route=\/wp\/v2\/posts\/2330","targetHints":{"allow":["GET"]}}],"collection":[{"href":"https:\/\/www.spvgg-quierschied.de\/index.php?rest_route=\/wp\/v2\/posts"}],"about":[{"href":"https:\/\/www.spvgg-quierschied.de\/index.php?rest_route=\/wp\/v2\/types\/post"}],"author":[{"embeddable":true,"href":"https:\/\/www.spvgg-quierschied.de\/index.php?rest_route=\/wp\/v2\/users\/4"}],"replies":[{"embeddable":true,"href":"https:\/\/www.spvgg-quierschied.de\/index.php?rest_route=%2Fwp%2Fv2%2Fcomments&post=2330"}],"version-history":[{"count":2,"href":"https:\/\/www.spvgg-quierschied.de\/index.php?rest_route=\/wp\/v2\/posts\/2330\/revisions"}],"predecessor-version":[{"id":2420,"href":"https:\/\/www.spvgg-quierschied.de\/index.php?rest_route=\/wp\/v2\/posts\/2330\/revisions\/2420"}],"wp:attachment":[{"href":"https:\/\/www.spvgg-quierschied.de\/index.php?rest_route=%2Fwp%2Fv2%2Fmedia&parent=2330"}],"wp:term":[{"taxonomy":"category","embeddable":true,"href":"https:\/\/www.spvgg-quierschied.de\/index.php?rest_route=%2Fwp%2Fv2%2Fcategories&post=2330"},{"taxonomy":"post_tag","embeddable":true,"href":"https:\/\/www.spvgg-quierschied.de\/index.php?rest_route=%2Fwp%2Fv2%2Ftags&post=2330"}],"curies":[{"name":"wp","href":"https:\/\/api.w.org\/{rel}","templated":true}]}}