{"id":23267,"date":"2020-02-15T12:38:39","date_gmt":"2020-02-15T11:38:39","guid":{"rendered":"http:\/\/www.spvgg-quierschied.de\/?p=23267"},"modified":"2020-02-15T13:19:54","modified_gmt":"2020-02-15T12:19:54","slug":"gute-neuigkeiten-aus-der-1-mannschaft","status":"publish","type":"post","link":"https:\/\/www.spvgg-quierschied.de\/?p=23267","title":{"rendered":"Gute Neuigkeiten aus der 1. Mannschaft"},"content":{"rendered":"\n<p>Nachdem im vergangenen Sommer bei unserer 1. Mannschaft ein Umbruch stattfinden musste, freut sich unsere sportliche Leitung dar\u00fcber, f\u00fcr die kommende Saison den Kader der Saarlandliga-Mannschaft weitestgehend zusammenhalten zu k\u00f6nnen. Genau das war auch das Ziel der Planungen, um sich kontinuierlich mit dieser Mannschaft weiter zu entwickeln und die wichtige Bindung zwischen Spielern, Verein und Fans aufrecht zu erhalten &#8211; und zu intensivieren.<\/p>\n\n\n\n<p>Ab Sommer wird der neue Cheftrainer Thomas Bettinger weiterhin von Marc Birkelbach als Co-Trainer unterst\u00fctzt, der damit in seine vierte Saison am Franzenhaus gehen wird.<\/p>\n\n\n\n<p>Zudem d\u00fcrfen wir uns \u00fcber die Vertragverl\u00e4ngerungen von Spielf\u00fchrer Dominik Engel sowie seinen Mannschaftskameraden Benny Schmitt, Johannes Reichrath, Marc Maurer, Mirco Zavaglia, Sascha Schaum, Lars Weinmann, Lukas Gr\u00fcnbeck, Marius Schwartz, Lars Kaula, Samuel Ikas, Fabian Gessner und Eigengew\u00e4chs Julian Fernsner freuen. Besonders hervorheben m\u00f6chten wir auch einen Jungen, der im Sommer in sein 7. Jahr bei der Wambe gehen wird &#8211; und aus dem Verein nicht mehr wegzudenken ist: Jens Lorang.  Damit ist &#8222;Lori&#8220; am l\u00e4ngsten ohne Unterbrechung mit an Bord.<\/p>\n\n\n\n<p>Das sind erfreuliche Nachrichten rund um unsere 1. Mannschaft, weitere News zu Personalfragen folgen demn\u00e4chst.<\/p>\n\n\n\n<p> <\/p>\n\n\n\n<figure class=\"wp-block-image size-large\"><img loading=\"lazy\" decoding=\"async\" width=\"832\" height=\"1024\" src=\"https:\/\/www.spvgg-quierschied.de\/wp-content\/uploads\/2020\/02\/20200215_130823-832x1024.jpg\" alt=\"\" class=\"wp-image-23276\" srcset=\"https:\/\/www.spvgg-quierschied.de\/wp-content\/uploads\/2020\/02\/20200215_130823-832x1024.jpg 832w, https:\/\/www.spvgg-quierschied.de\/wp-content\/uploads\/2020\/02\/20200215_130823-244x300.jpg 244w, https:\/\/www.spvgg-quierschied.de\/wp-content\/uploads\/2020\/02\/20200215_130823-768x945.jpg 768w, https:\/\/www.spvgg-quierschied.de\/wp-content\/uploads\/2020\/02\/20200215_130823-560x689.jpg 560w, https:\/\/www.spvgg-quierschied.de\/wp-content\/uploads\/2020\/02\/20200215_130823-260x320.jpg 260w, https:\/\/www.spvgg-quierschied.de\/wp-content\/uploads\/2020\/02\/20200215_130823-160x197.jpg 160w, https:\/\/www.spvgg-quierschied.de\/wp-content\/uploads\/2020\/02\/20200215_130823.jpg 1080w\" sizes=\"auto, (max-width: 832px) 100vw, 832px\" \/><figcaption>Seit 2014 bei der Spvgg und bislang in 148 Meisterschaftsspielen im Einsatz: Jens Lorang. <\/figcaption><\/figure>\n","protected":false},"excerpt":{"rendered":"<p>Nachdem im vergangenen Sommer bei unserer 1. Mannschaft ein Umbruch stattfinden musste, freut sich unsere sportliche Leitung dar\u00fcber, f\u00fcr die kommende Saison den Kader der Saarlandliga-Mannschaft weitestgehend zusammenhalten zu k\u00f6nnen. Genau das war auch das Ziel der Planungen, um sich&hellip;<\/p>\n<p class=\"more-link-p\"><a class=\"more-link\" href=\"https:\/\/www.spvgg-quierschied.de\/?p=23267\">Read more &rarr;<\/a><\/p>\n","protected":false},"author":4,"featured_media":21799,"comment_status":"closed","ping_status":"closed","sticky":false,"template":"","format":"standard","meta":{"footnotes":""},"categories":[8,5],"tags":[],"class_list":["post-23267","post","type-post","status-publish","format-standard","has-post-thumbnail","hentry","category-1-mannschaft","category-aktive"],"_links":{"self":[{"href":"https:\/\/www.spvgg-quierschied.de\/index.php?rest_route=\/wp\/v2\/posts\/23267","targetHints":{"allow":["GET"]}}],"collection":[{"href":"https:\/\/www.spvgg-quierschied.de\/index.php?rest_route=\/wp\/v2\/posts"}],"about":[{"href":"https:\/\/www.spvgg-quierschied.de\/index.php?rest_route=\/wp\/v2\/types\/post"}],"author":[{"embeddable":true,"href":"https:\/\/www.spvgg-quierschied.de\/index.php?rest_route=\/wp\/v2\/users\/4"}],"replies":[{"embeddable":true,"href":"https:\/\/www.spvgg-quierschied.de\/index.php?rest_route=%2Fwp%2Fv2%2Fcomments&post=23267"}],"version-history":[{"count":13,"href":"https:\/\/www.spvgg-quierschied.de\/index.php?rest_route=\/wp\/v2\/posts\/23267\/revisions"}],"predecessor-version":[{"id":23282,"href":"https:\/\/www.spvgg-quierschied.de\/index.php?rest_route=\/wp\/v2\/posts\/23267\/revisions\/23282"}],"wp:featuredmedia":[{"embeddable":true,"href":"https:\/\/www.spvgg-quierschied.de\/index.php?rest_route=\/wp\/v2\/media\/21799"}],"wp:attachment":[{"href":"https:\/\/www.spvgg-quierschied.de\/index.php?rest_route=%2Fwp%2Fv2%2Fmedia&parent=23267"}],"wp:term":[{"taxonomy":"category","embeddable":true,"href":"https:\/\/www.spvgg-quierschied.de\/index.php?rest_route=%2Fwp%2Fv2%2Fcategories&post=23267"},{"taxonomy":"post_tag","embeddable":true,"href":"https:\/\/www.spvgg-quierschied.de\/index.php?rest_route=%2Fwp%2Fv2%2Ftags&post=23267"}],"curies":[{"name":"wp","href":"https:\/\/api.w.org\/{rel}","templated":true}]}}