{"id":23218,"date":"2020-01-28T14:12:00","date_gmt":"2020-01-28T13:12:00","guid":{"rendered":"http:\/\/www.spvgg-quierschied.de\/?p=23218"},"modified":"2020-01-29T23:16:34","modified_gmt":"2020-01-29T22:16:34","slug":"fcs-voelklingen-am-31-01-in-quierschied","status":"publish","type":"post","link":"https:\/\/www.spvgg-quierschied.de\/?p=23218","title":{"rendered":"FCS &#8211; V\u00f6lklingen am Freitag in Quierschied"},"content":{"rendered":"\n<p>Wenige Tage vor dem DFB Pokalspiel gegen den Karlsruher SC (05.02, Hermann-Neuberger Stadion V\u00f6lklingen) trifft der <strong>Regionalligist 1. FC Saarbr\u00fccken auf den Oberligisten SV R\u00f6chling V\u00f6lklingen<\/strong>. <strong>Gespielt wird am Freitag, den 31. Januar<\/strong> auf unserem Naturrasenplatz am Franzenhaus. <strong>Anpfiff ist um 19:00 Uhr<\/strong>. Der Eintritt zu dieser Partie betr\u00e4gt 3,- Euro bzw. 2,50,- Euro erm\u00e4\u00dfigt. <\/p>\n","protected":false},"excerpt":{"rendered":"<p>Wenige Tage vor dem DFB Pokalspiel gegen den Karlsruher SC (05.02, Hermann-Neuberger Stadion V\u00f6lklingen) trifft der Regionalligist 1. FC Saarbr\u00fccken auf den Oberligisten SV R\u00f6chling V\u00f6lklingen. Gespielt wird am Freitag, den 31. Januar auf unserem Naturrasenplatz am Franzenhaus. Anpfiff ist&hellip;<\/p>\n<p class=\"more-link-p\"><a class=\"more-link\" href=\"https:\/\/www.spvgg-quierschied.de\/?p=23218\">Read more &rarr;<\/a><\/p>\n","protected":false},"author":4,"featured_media":7420,"comment_status":"closed","ping_status":"closed","sticky":false,"template":"","format":"standard","meta":{"footnotes":""},"categories":[7],"tags":[],"class_list":["post-23218","post","type-post","status-publish","format-standard","has-post-thumbnail","hentry","category-vorstand"],"_links":{"self":[{"href":"https:\/\/www.spvgg-quierschied.de\/index.php?rest_route=\/wp\/v2\/posts\/23218","targetHints":{"allow":["GET"]}}],"collection":[{"href":"https:\/\/www.spvgg-quierschied.de\/index.php?rest_route=\/wp\/v2\/posts"}],"about":[{"href":"https:\/\/www.spvgg-quierschied.de\/index.php?rest_route=\/wp\/v2\/types\/post"}],"author":[{"embeddable":true,"href":"https:\/\/www.spvgg-quierschied.de\/index.php?rest_route=\/wp\/v2\/users\/4"}],"replies":[{"embeddable":true,"href":"https:\/\/www.spvgg-quierschied.de\/index.php?rest_route=%2Fwp%2Fv2%2Fcomments&post=23218"}],"version-history":[{"count":5,"href":"https:\/\/www.spvgg-quierschied.de\/index.php?rest_route=\/wp\/v2\/posts\/23218\/revisions"}],"predecessor-version":[{"id":23234,"href":"https:\/\/www.spvgg-quierschied.de\/index.php?rest_route=\/wp\/v2\/posts\/23218\/revisions\/23234"}],"wp:featuredmedia":[{"embeddable":true,"href":"https:\/\/www.spvgg-quierschied.de\/index.php?rest_route=\/wp\/v2\/media\/7420"}],"wp:attachment":[{"href":"https:\/\/www.spvgg-quierschied.de\/index.php?rest_route=%2Fwp%2Fv2%2Fmedia&parent=23218"}],"wp:term":[{"taxonomy":"category","embeddable":true,"href":"https:\/\/www.spvgg-quierschied.de\/index.php?rest_route=%2Fwp%2Fv2%2Fcategories&post=23218"},{"taxonomy":"post_tag","embeddable":true,"href":"https:\/\/www.spvgg-quierschied.de\/index.php?rest_route=%2Fwp%2Fv2%2Ftags&post=23218"}],"curies":[{"name":"wp","href":"https:\/\/api.w.org\/{rel}","templated":true}]}}