{"id":23195,"date":"2020-01-16T13:07:59","date_gmt":"2020-01-16T12:07:59","guid":{"rendered":"http:\/\/www.spvgg-quierschied.de\/?p=23195"},"modified":"2020-01-16T13:30:22","modified_gmt":"2020-01-16T12:30:22","slug":"23195","status":"publish","type":"post","link":"https:\/\/www.spvgg-quierschied.de\/?p=23195","title":{"rendered":"G- und F- Jugend stark in der Halle"},"content":{"rendered":"\n<p><strong>G-Jugend blickt auf erfolgreiche Turniere zur\u00fcck <\/strong><\/p>\n\n\n\n<p>Der Steag-Cup in der Taubenfeldhalle war der Anfang von 3 weiteren Hallenturnieren unserer G-Jugend. Mit einem ersten Platz f\u00fcr \u201eTeam wei\u00df\u201c und einem dritten Platz f\u00fcr \u201eTeam orange\u201c starteten die Bambini sehr erfolgreich beim eigenen Turnier in Quierschied.<\/p>\n\n\n\n<p>Eine Woche sp\u00e4ter am ersten Sonntag des neuen Jahres waren die Mini-Kicker beim FV Neunkirchen zum Marco-Paoloni-Cup in Wellesweiler zu Gast. In der Gruppe B hatten sie sich gegen die DJK Elversberg (4:0), TuS Wiebelskirchen (0:0), VfR Frankenholz (2:0)und JSG Saarpfalz (3:0) ohne Gegentor durchgesetzt und kein Spiel verloren.<\/p>\n\n\n\n<p>Beim vom FV Matzenberg in Gersweiler ausgetragenen Bistro-Gottschall-Cup am Sonntag, 12.01.20 erspielte Quierschied mit Gian-Luca Heinz, Luis Meiser, Marvin Thielen, Max Podevin, Lenny Lind und Angelo Raddi den 3. Platz des Turniers und gl\u00e4nzte von Anfang an durch guten Fu\u00dfball. Nach einem 1:1 gegen den FC Rastpfuhl und einem starken 0:0 gegen die JSG Schwalbach (H\u00fclzweiler) konnte sich die Mannschaft nach einem 9:0 gegen SV Blickweiler den 2. Platz in der Tabelle und somit einen Platz im Halbfinale sichern.<\/p>\n\n\n\n<p>Da ging es gegen die Sportfreunde 05 und trotz starken Leistungen &#8211; und einem 0:0, musste ein 6-Meter Schie\u00dfen den Sieger ermitteln, dass die Sportfreunde f\u00fcr sich entschieden hatten. Es blieb den Kleinen \u201enur noch\u201c das Spiel um Platz 3, den sie sich mit einem 4:1 gesichert&nbsp; hatten. Die Sportfreunde 05 wurden Zweiter und die JSG Schwalbach holte sich den Turniersieg.<\/p>\n\n\n\n<p>Bei der anschlie\u00dfenden Siegerehrung wurden noch Sonderpreise verliehen und Gian-Luca Heinz freute sich \u00fcber den Pokal f\u00fcr&nbsp; den besten Torwart des Turniers.<\/p>\n\n\n\n<p>Eine tolle Leistung unserer J\u00fcngsten von der G-Jugend!<\/p>\n\n\n\n<figure class=\"wp-block-image size-large\"><a href=\"https:\/\/www.spvgg-quierschied.de\/wp-content\/uploads\/2020\/01\/IMG-20200116-WA0003.jpg\"><img loading=\"lazy\" decoding=\"async\" width=\"1024\" height=\"578\" src=\"https:\/\/www.spvgg-quierschied.de\/wp-content\/uploads\/2020\/01\/IMG-20200116-WA0003-1024x578.jpg\" alt=\"\" class=\"wp-image-23196\" srcset=\"https:\/\/www.spvgg-quierschied.de\/wp-content\/uploads\/2020\/01\/IMG-20200116-WA0003-1024x578.jpg 1024w, https:\/\/www.spvgg-quierschied.de\/wp-content\/uploads\/2020\/01\/IMG-20200116-WA0003-300x169.jpg 300w, https:\/\/www.spvgg-quierschied.de\/wp-content\/uploads\/2020\/01\/IMG-20200116-WA0003-768x433.jpg 768w, https:\/\/www.spvgg-quierschied.de\/wp-content\/uploads\/2020\/01\/IMG-20200116-WA0003-560x316.jpg 560w, https:\/\/www.spvgg-quierschied.de\/wp-content\/uploads\/2020\/01\/IMG-20200116-WA0003-260x147.jpg 260w, https:\/\/www.spvgg-quierschied.de\/wp-content\/uploads\/2020\/01\/IMG-20200116-WA0003-160x90.jpg 160w, https:\/\/www.spvgg-quierschied.de\/wp-content\/uploads\/2020\/01\/IMG-20200116-WA0003.jpg 1496w\" sizes=\"auto, (max-width: 1024px) 100vw, 1024px\" \/><\/a><\/figure>\n\n\n\n<p><strong>F-Jugend wird Vierter beim Turnier des FV Matzenberg <\/strong><\/p>\n\n\n\n<p> Am \nSamstag den 11.01.2020 war unsere F-Jugend zu Gast beim Bistro \nGottschall Cup des FV Matzenberg in der Sporthalle Gersweiler. Nach \neinem Auftaktsieg gegen den FC Rastpfuhl mit 2:1 gab es leider eine \n3:1-Niederlage gegen die Sportfreunde Saarbr\u00fccken. So musste im letzten \nGruppenspiel zumindest ein Unentschieden her, um noch das Halbfinale zu \nerreichen. Der Gegner war die E-Jugend M\u00e4dchenmannschaft der DJK P\u00fcttlingen.\n Gegen das gr\u00f6\u00dfer gewachsene M\u00e4dchenteam gab es ein 0:0 Unentschieden. \nAufgrund der Punktgleichheit gab es im Anschluss ein 6-Meter Schie\u00dfen \ngegen die P\u00fcttlinger M\u00e4dchen. Hier gewann unsere Mannschaft mit 3:1. Im \nHalbfinale traf man dann auf den SV Klarenthal Jugend. In einer sehr \numk\u00e4mpften Partie verloren wir am Ende ungl\u00fccklich mit 3:1 und so blieb \n&#8222;nur&#8220; das Spiel um Platz 3 gegen den FV Bischmisheim. Leider ging auch \ndas Spiel mit 2:1 verloren, da die Kraft unserer F-Jugend am Ende war. <\/p>\n\n\n\n<p> Trotz allem ein sehr guter 4. Platz gegen wirklich sehr gute Gegner. Ein gro\u00dfes Lob an den FV Matzenberg f\u00fcr das toll organisierte Turnier.<\/p>\n\n\n\n<figure class=\"wp-block-image size-large\"><a href=\"https:\/\/www.spvgg-quierschied.de\/wp-content\/uploads\/2020\/01\/IMG-20200113-WA0018.jpg\"><img loading=\"lazy\" decoding=\"async\" width=\"768\" height=\"1024\" src=\"https:\/\/www.spvgg-quierschied.de\/wp-content\/uploads\/2020\/01\/IMG-20200113-WA0018-768x1024.jpg\" alt=\"\" class=\"wp-image-23197\" srcset=\"https:\/\/www.spvgg-quierschied.de\/wp-content\/uploads\/2020\/01\/IMG-20200113-WA0018-768x1024.jpg 768w, https:\/\/www.spvgg-quierschied.de\/wp-content\/uploads\/2020\/01\/IMG-20200113-WA0018-225x300.jpg 225w, https:\/\/www.spvgg-quierschied.de\/wp-content\/uploads\/2020\/01\/IMG-20200113-WA0018-1152x1536.jpg 1152w, https:\/\/www.spvgg-quierschied.de\/wp-content\/uploads\/2020\/01\/IMG-20200113-WA0018-560x747.jpg 560w, https:\/\/www.spvgg-quierschied.de\/wp-content\/uploads\/2020\/01\/IMG-20200113-WA0018-260x347.jpg 260w, https:\/\/www.spvgg-quierschied.de\/wp-content\/uploads\/2020\/01\/IMG-20200113-WA0018-160x213.jpg 160w, https:\/\/www.spvgg-quierschied.de\/wp-content\/uploads\/2020\/01\/IMG-20200113-WA0018.jpg 1200w\" sizes=\"auto, (max-width: 768px) 100vw, 768px\" \/><\/a><\/figure>\n","protected":false},"excerpt":{"rendered":"<p>G-Jugend blickt auf erfolgreiche Turniere zur\u00fcck Der Steag-Cup in der Taubenfeldhalle war der Anfang von 3 weiteren Hallenturnieren unserer G-Jugend. Mit einem ersten Platz f\u00fcr \u201eTeam wei\u00df\u201c und einem dritten Platz f\u00fcr \u201eTeam orange\u201c starteten die Bambini sehr erfolgreich beim&hellip;<\/p>\n<p class=\"more-link-p\"><a class=\"more-link\" href=\"https:\/\/www.spvgg-quierschied.de\/?p=23195\">Read more &rarr;<\/a><\/p>\n","protected":false},"author":4,"featured_media":23196,"comment_status":"closed","ping_status":"closed","sticky":false,"template":"","format":"standard","meta":{"footnotes":""},"categories":[7],"tags":[],"class_list":["post-23195","post","type-post","status-publish","format-standard","has-post-thumbnail","hentry","category-vorstand"],"_links":{"self":[{"href":"https:\/\/www.spvgg-quierschied.de\/index.php?rest_route=\/wp\/v2\/posts\/23195","targetHints":{"allow":["GET"]}}],"collection":[{"href":"https:\/\/www.spvgg-quierschied.de\/index.php?rest_route=\/wp\/v2\/posts"}],"about":[{"href":"https:\/\/www.spvgg-quierschied.de\/index.php?rest_route=\/wp\/v2\/types\/post"}],"author":[{"embeddable":true,"href":"https:\/\/www.spvgg-quierschied.de\/index.php?rest_route=\/wp\/v2\/users\/4"}],"replies":[{"embeddable":true,"href":"https:\/\/www.spvgg-quierschied.de\/index.php?rest_route=%2Fwp%2Fv2%2Fcomments&post=23195"}],"version-history":[{"count":4,"href":"https:\/\/www.spvgg-quierschied.de\/index.php?rest_route=\/wp\/v2\/posts\/23195\/revisions"}],"predecessor-version":[{"id":23202,"href":"https:\/\/www.spvgg-quierschied.de\/index.php?rest_route=\/wp\/v2\/posts\/23195\/revisions\/23202"}],"wp:featuredmedia":[{"embeddable":true,"href":"https:\/\/www.spvgg-quierschied.de\/index.php?rest_route=\/wp\/v2\/media\/23196"}],"wp:attachment":[{"href":"https:\/\/www.spvgg-quierschied.de\/index.php?rest_route=%2Fwp%2Fv2%2Fmedia&parent=23195"}],"wp:term":[{"taxonomy":"category","embeddable":true,"href":"https:\/\/www.spvgg-quierschied.de\/index.php?rest_route=%2Fwp%2Fv2%2Fcategories&post=23195"},{"taxonomy":"post_tag","embeddable":true,"href":"https:\/\/www.spvgg-quierschied.de\/index.php?rest_route=%2Fwp%2Fv2%2Ftags&post=23195"}],"curies":[{"name":"wp","href":"https:\/\/api.w.org\/{rel}","templated":true}]}}