{"id":23151,"date":"2020-01-07T11:00:00","date_gmt":"2020-01-07T10:00:00","guid":{"rendered":"http:\/\/www.spvgg-quierschied.de\/?p=23151"},"modified":"2020-01-07T12:01:18","modified_gmt":"2020-01-07T11:01:18","slug":"pressemitteilung-quierschieder-anzeiger","status":"publish","type":"post","link":"https:\/\/www.spvgg-quierschied.de\/?p=23151","title":{"rendered":"Pressemitteilung Quierschieder Anzeiger"},"content":{"rendered":"\n<p><\/p>\n\n\n\n<p>Am Montag, den 16. Dezember fand im Clubheim eine ordentliche Mitgliederversammlung der Spvgg. Quierschied statt. Die wichtigsten Punkte waren die Entlastung des alten Vorstandes und die Neuwahl des neuen Vorstandes. Der alte Vorstand wurde von den anwesenden 63 Mitgliedern einstimmig entlastet.<\/p>\n\n\n\n<p>Nach knapp vier Jahren im Amt wurde Patric Schmidt als 1. Vorsitzender verabschiedet. Klaus Meiser bedankte sich bei Schmidt f\u00fcr den Einsatz und das nicht selbstverst\u00e4ndliche Engagement an der Spitze des Vereins. Da sich kein Kandidat f\u00fcr die Wahl zum 1. Vorsitzenden finden konnte, bleibt diese Position vakant. Ebenso wie die Position des Jugendleiters. Der bisher mit dieser Aufgabe betraute Edwin Fernsner kandidierte nicht mehr f\u00fcr dieses Amt, bleibt dem Vorstand aber als Beisitzer erhalten. Fernsner war 18 Jahre als Jugendleiter t\u00e4tig und wurde f\u00fcr sein Engagement ausdr\u00fccklich von Klaus Meiser gelobt. Mit Sebastian Zenner kandidierte ein weiteres langj\u00e4hriges Vorstandsmitglied nicht mehr f\u00fcr eine neue Amtszeit. Zenner war elf Jahre lang als Leiter der \u00d6ffentlichkeitsarbeit und Marketing t\u00e4tig und zus\u00e4tzlich als Verantwortlicher der Absolventen eines Freiwilligen Sozialen Jahres der Spvgg. engagiert.Die anwesenden Mitglieder bedankten sich bei ihm mit gro\u00dfem Beifall f\u00fcr seine hervorragende Arbeit!<\/p>\n\n\n\n<p>Die Versammlung w\u00e4hlte Fred Brill zu seinem Nachfolger. Weitere neue Vorstandsmitglieder sind die Beisitzer Christian Schwartz und Diana K\u00fcmpel, die sich beide im Bereich der Organisation einbringen werden. In ihren \u00c4mtern und Aufgaben best\u00e4tigt wurden Klaus Meiser (2. Vorsitzender), Toni Sch\u00f6nenberger (Leiter Finanzen), Kai Berrang (Sportwart\/Leiter Spielausschuss), Joachim M\u00fcller (Leiter Organisation und Technik) und Thomas Seitner (Spartenleiter AH) sowie die Beisitzer Christian Meiser (Sportkoordinator), Uwe Kessler, Kristin Zimmer, Armin Quinten und Bernd Maurer. Die Position des Spartenleiters Leichtathletik bleibt wie schon in den Jahren zuvor vakant.<\/p>\n\n\n\n<p>Abschlie\u00dfend stimmte die Mitgliederversammlung einstimmig einer Anpassung der Mitgliedsbeitr\u00e4ge zu, die eine leichte Erh\u00f6hung um 50 Cent (Kinder- und Jugendliche) bzw. einen Euro (Erwachsene\/Familienbeitr\u00e4ge) pro Monat nach sich zieht.<\/p>\n\n\n\n<p>Siehe Ver\u00f6ffentlichung Quierschieder Anzeiger 2\/2020<\/p>\n\n\n\n<p><\/p>\n","protected":false},"excerpt":{"rendered":"<p>Am Montag, den 16. Dezember fand im Clubheim eine ordentliche Mitgliederversammlung der Spvgg. Quierschied statt. Die wichtigsten Punkte waren die Entlastung des alten Vorstandes und die Neuwahl des neuen Vorstandes. Der alte Vorstand wurde von den anwesenden 63 Mitgliedern einstimmig&hellip;<\/p>\n<p class=\"more-link-p\"><a class=\"more-link\" href=\"https:\/\/www.spvgg-quierschied.de\/?p=23151\">Read more &rarr;<\/a><\/p>\n","protected":false},"author":12,"featured_media":0,"comment_status":"closed","ping_status":"closed","sticky":false,"template":"","format":"standard","meta":{"footnotes":""},"categories":[7],"tags":[],"class_list":["post-23151","post","type-post","status-publish","format-standard","hentry","category-vorstand"],"_links":{"self":[{"href":"https:\/\/www.spvgg-quierschied.de\/index.php?rest_route=\/wp\/v2\/posts\/23151","targetHints":{"allow":["GET"]}}],"collection":[{"href":"https:\/\/www.spvgg-quierschied.de\/index.php?rest_route=\/wp\/v2\/posts"}],"about":[{"href":"https:\/\/www.spvgg-quierschied.de\/index.php?rest_route=\/wp\/v2\/types\/post"}],"author":[{"embeddable":true,"href":"https:\/\/www.spvgg-quierschied.de\/index.php?rest_route=\/wp\/v2\/users\/12"}],"replies":[{"embeddable":true,"href":"https:\/\/www.spvgg-quierschied.de\/index.php?rest_route=%2Fwp%2Fv2%2Fcomments&post=23151"}],"version-history":[{"count":3,"href":"https:\/\/www.spvgg-quierschied.de\/index.php?rest_route=\/wp\/v2\/posts\/23151\/revisions"}],"predecessor-version":[{"id":23154,"href":"https:\/\/www.spvgg-quierschied.de\/index.php?rest_route=\/wp\/v2\/posts\/23151\/revisions\/23154"}],"wp:attachment":[{"href":"https:\/\/www.spvgg-quierschied.de\/index.php?rest_route=%2Fwp%2Fv2%2Fmedia&parent=23151"}],"wp:term":[{"taxonomy":"category","embeddable":true,"href":"https:\/\/www.spvgg-quierschied.de\/index.php?rest_route=%2Fwp%2Fv2%2Fcategories&post=23151"},{"taxonomy":"post_tag","embeddable":true,"href":"https:\/\/www.spvgg-quierschied.de\/index.php?rest_route=%2Fwp%2Fv2%2Ftags&post=23151"}],"curies":[{"name":"wp","href":"https:\/\/api.w.org\/{rel}","templated":true}]}}