{"id":23127,"date":"2020-01-03T11:30:00","date_gmt":"2020-01-03T10:30:00","guid":{"rendered":"http:\/\/www.spvgg-quierschied.de\/?p=23127"},"modified":"2020-01-03T12:05:22","modified_gmt":"2020-01-03T11:05:22","slug":"lukas-mittermueller-wechselt-im-sommer-nach-wiesbach","status":"publish","type":"post","link":"https:\/\/www.spvgg-quierschied.de\/?p=23127","title":{"rendered":"Lukas Mitterm\u00fcller wechselt im Sommer nach Wiesbach"},"content":{"rendered":"\n<p>Mittelfeldspieler Lukas Mitterm\u00fcller (23) wird die Sportvereinigung im Sommer nach viereinhalb Jahren  verlassen. Ihn zieht es zu Oberligist FC Hertha Wiesbach. Mitterm\u00fcller teilte dies den Verantwortlichen bereits im Dezember mit. &#8222;Nat\u00fcrlich bedauern wir diese Entscheidung sehr. Denn Lukas ist ein pr\u00e4gendes Gesicht unserer Mannschaft, die 2016 den Aufstieg in die Saarlandliga schaffte. Nachdem er in der Folge j\u00e4hrlich beste Angebote ausschlug und sich stets f\u00fcr die Wambe entschied, akzeptieren und respektieren wir seine Entscheidung, h\u00f6herklassig in der Oberliga spielen zu wollen&#8220;, so Spielausschuss Kai Berrang. Mitterm\u00fcller kam Anfang 2016 aus Hasborn nach Quierschied und stieg im darauf folgenden Sommer mit der Wambe in Saarlands h\u00f6chste Liga auf. Nach St\u00fcrmer Marcel Jung im Sommer 2019 ist &#8222;Mitze&#8220; der zweite Abgang in Richtung Wiesbach.<\/p>\n\n\n\n<figure class=\"wp-block-image size-large\"><img loading=\"lazy\" decoding=\"async\" width=\"606\" height=\"908\" src=\"https:\/\/www.spvgg-quierschied.de\/wp-content\/uploads\/2018\/08\/Mitterm\u00fcller.jpg\" alt=\"\" class=\"wp-image-19931\" srcset=\"https:\/\/www.spvgg-quierschied.de\/wp-content\/uploads\/2018\/08\/Mitterm\u00fcller.jpg 606w, https:\/\/www.spvgg-quierschied.de\/wp-content\/uploads\/2018\/08\/Mitterm\u00fcller-200x300.jpg 200w, https:\/\/www.spvgg-quierschied.de\/wp-content\/uploads\/2018\/08\/Mitterm\u00fcller-560x839.jpg 560w, https:\/\/www.spvgg-quierschied.de\/wp-content\/uploads\/2018\/08\/Mitterm\u00fcller-260x390.jpg 260w, https:\/\/www.spvgg-quierschied.de\/wp-content\/uploads\/2018\/08\/Mitterm\u00fcller-160x240.jpg 160w\" sizes=\"auto, (max-width: 606px) 100vw, 606px\" \/><\/figure>\n","protected":false},"excerpt":{"rendered":"<p>Mittelfeldspieler Lukas Mitterm\u00fcller (23) wird die Sportvereinigung im Sommer nach viereinhalb Jahren verlassen. Ihn zieht es zu Oberligist FC Hertha Wiesbach. Mitterm\u00fcller teilte dies den Verantwortlichen bereits im Dezember mit. &#8222;Nat\u00fcrlich bedauern wir diese Entscheidung sehr. Denn Lukas ist ein&hellip;<\/p>\n<p class=\"more-link-p\"><a class=\"more-link\" href=\"https:\/\/www.spvgg-quierschied.de\/?p=23127\">Read more &rarr;<\/a><\/p>\n","protected":false},"author":4,"featured_media":19931,"comment_status":"closed","ping_status":"closed","sticky":false,"template":"","format":"standard","meta":{"footnotes":""},"categories":[8,7],"tags":[],"class_list":["post-23127","post","type-post","status-publish","format-standard","has-post-thumbnail","hentry","category-1-mannschaft","category-vorstand"],"_links":{"self":[{"href":"https:\/\/www.spvgg-quierschied.de\/index.php?rest_route=\/wp\/v2\/posts\/23127","targetHints":{"allow":["GET"]}}],"collection":[{"href":"https:\/\/www.spvgg-quierschied.de\/index.php?rest_route=\/wp\/v2\/posts"}],"about":[{"href":"https:\/\/www.spvgg-quierschied.de\/index.php?rest_route=\/wp\/v2\/types\/post"}],"author":[{"embeddable":true,"href":"https:\/\/www.spvgg-quierschied.de\/index.php?rest_route=\/wp\/v2\/users\/4"}],"replies":[{"embeddable":true,"href":"https:\/\/www.spvgg-quierschied.de\/index.php?rest_route=%2Fwp%2Fv2%2Fcomments&post=23127"}],"version-history":[{"count":6,"href":"https:\/\/www.spvgg-quierschied.de\/index.php?rest_route=\/wp\/v2\/posts\/23127\/revisions"}],"predecessor-version":[{"id":23133,"href":"https:\/\/www.spvgg-quierschied.de\/index.php?rest_route=\/wp\/v2\/posts\/23127\/revisions\/23133"}],"wp:featuredmedia":[{"embeddable":true,"href":"https:\/\/www.spvgg-quierschied.de\/index.php?rest_route=\/wp\/v2\/media\/19931"}],"wp:attachment":[{"href":"https:\/\/www.spvgg-quierschied.de\/index.php?rest_route=%2Fwp%2Fv2%2Fmedia&parent=23127"}],"wp:term":[{"taxonomy":"category","embeddable":true,"href":"https:\/\/www.spvgg-quierschied.de\/index.php?rest_route=%2Fwp%2Fv2%2Fcategories&post=23127"},{"taxonomy":"post_tag","embeddable":true,"href":"https:\/\/www.spvgg-quierschied.de\/index.php?rest_route=%2Fwp%2Fv2%2Ftags&post=23127"}],"curies":[{"name":"wp","href":"https:\/\/api.w.org\/{rel}","templated":true}]}}