{"id":22984,"date":"2019-12-02T17:02:40","date_gmt":"2019-12-02T16:02:40","guid":{"rendered":"http:\/\/www.spvgg-quierschied.de\/?p=22984"},"modified":"2019-12-03T11:52:35","modified_gmt":"2019-12-03T10:52:35","slug":"mit-spaetem-tor-in-die-winterpause","status":"publish","type":"post","link":"https:\/\/www.spvgg-quierschied.de\/?p=22984","title":{"rendered":"Mit sp\u00e4tem Ausgleich in die Winterpause"},"content":{"rendered":"\n<p><strong>Unsere 1. Mannschaft empfing zum letzten Spiel des Jahres die Sportfreunde K\u00f6llerbach am Franzenhaus. Zwar sprang erneut kein Sieg vor heimischem Publikum heraus, aber wenigstens retteten die Wambe in der Nachspielzeit einen Punkt.<\/strong> <\/p>\n\n\n\n<p>Bevor Yacine Hedjilen nach 24. Minuten das 1:0 f\u00fcr die G\u00e4ste erzielte, hatte Quierschied bereits einige Chancen zu verzeichnen. Die besten davon hatten Sascha Schaum, der in der 19. Minute mit einem Schuss an Torwart Sascha Segarra-Gil scheiterte bzw. Patrick Nickels mit einem Kopfball aus 5 Metern \u00fcber das Tor (20.). Somit war die F\u00fchrung der Sportfreunde nicht dem Spielverlauf entsprechend. Doch der R\u00fcckstand gab dem bis dahin guten Spiel der Wambe einen Bruch, denn die Offensivszenen blieben jetzt St\u00fcckwerk, Unkonzentriertheiten schlichen sich ein. Und wurden bitterb\u00f6se bestraft. In der 37. Minute spielte Torwart Benny Schmitt einen Kl\u00e4rungsversuch direkt in die F\u00fc\u00dfe von Hedjilen, der aus 30 Metern zum Lupfer ansetzte und zum 2:0 f\u00fcr K\u00f6llerbach traf. Das war dann auch der Halbzeitstand. <\/p>\n\n\n\n<p>Nach der Pause wollte K\u00f6llerbach die Partie entscheiden, vergab aber einige gute Chancen auf den dritten Treffer. F\u00fcr Quierschied wurde es unterdessen noch schwieriger, denn Julian Fernsner musste in der 60. Minute nach einem Disput mit dem Schiedsrichter mit der roten Karte vom Platz. Bitter: An Fernsner wurde zuvor von seinem Gegenspieler eine T\u00e4tlichkeit begangen. <\/p>\n\n\n\n<p>In der 73. Minute gab es dann aber doch wieder Hoffnung. Domme Engel traf n\u00e4mlich zum Anschlusstreffer. Zun\u00e4chst gewann er im Mittelfeld den Ball und spielte zu Patrick Nickels. Dieser scheiterte am Keeper, doch Engel k\u00f6pfte den Abpraller in das Tor. Danach ging die Spvgg. volles Risiko, w\u00e4hrend K\u00f6llerbach beste M\u00f6glichkeiten auslie\u00df, so zum Beispiel als Sascha Fess mit einem Schuss an Schmitt scheiterte (86.)<\/p>\n\n\n\n<p>Unsere Mannschaft glaubte somit weiter an sich und kam tats\u00e4chlich noch zum Ausgleich. In der 94. Minute landete eine Kopfballverl\u00e4ngerung bei Sascha Schaum, der den Ball an Segarra-Gil vorbei zum 2:2 in die Maschen spitzelte. Danach war Schluss, unsere Mannschaft erk\u00e4mpfte sich noch einen Z\u00e4hler zum Jahresabschluss &#8211; und das mit 10 Mann. <\/p>\n\n\n\n<p>Mit 28 Punkten verabschiedete sich unsere Mannschaft in die Winterpause. Am Samstag geht es in der Halle los, unsere Jungs spielen beim Turnier des SV Merchweiler. <a href=\"https:\/\/www.spvgg-quierschied.de\/?p=22553\">Hier gibt es alle Hallentermine. <\/a><\/p>\n","protected":false},"excerpt":{"rendered":"<p>Unsere 1. Mannschaft empfing zum letzten Spiel des Jahres die Sportfreunde K\u00f6llerbach am Franzenhaus. Zwar sprang erneut kein Sieg vor heimischem Publikum heraus, aber wenigstens retteten die Wambe in der Nachspielzeit einen Punkt. Bevor Yacine Hedjilen nach 24. Minuten das&hellip;<\/p>\n<p class=\"more-link-p\"><a class=\"more-link\" href=\"https:\/\/www.spvgg-quierschied.de\/?p=22984\">Read more &rarr;<\/a><\/p>\n","protected":false},"author":4,"featured_media":0,"comment_status":"closed","ping_status":"closed","sticky":false,"template":"","format":"standard","meta":{"footnotes":""},"categories":[8],"tags":[],"class_list":["post-22984","post","type-post","status-publish","format-standard","hentry","category-1-mannschaft"],"_links":{"self":[{"href":"https:\/\/www.spvgg-quierschied.de\/index.php?rest_route=\/wp\/v2\/posts\/22984","targetHints":{"allow":["GET"]}}],"collection":[{"href":"https:\/\/www.spvgg-quierschied.de\/index.php?rest_route=\/wp\/v2\/posts"}],"about":[{"href":"https:\/\/www.spvgg-quierschied.de\/index.php?rest_route=\/wp\/v2\/types\/post"}],"author":[{"embeddable":true,"href":"https:\/\/www.spvgg-quierschied.de\/index.php?rest_route=\/wp\/v2\/users\/4"}],"replies":[{"embeddable":true,"href":"https:\/\/www.spvgg-quierschied.de\/index.php?rest_route=%2Fwp%2Fv2%2Fcomments&post=22984"}],"version-history":[{"count":5,"href":"https:\/\/www.spvgg-quierschied.de\/index.php?rest_route=\/wp\/v2\/posts\/22984\/revisions"}],"predecessor-version":[{"id":22992,"href":"https:\/\/www.spvgg-quierschied.de\/index.php?rest_route=\/wp\/v2\/posts\/22984\/revisions\/22992"}],"wp:attachment":[{"href":"https:\/\/www.spvgg-quierschied.de\/index.php?rest_route=%2Fwp%2Fv2%2Fmedia&parent=22984"}],"wp:term":[{"taxonomy":"category","embeddable":true,"href":"https:\/\/www.spvgg-quierschied.de\/index.php?rest_route=%2Fwp%2Fv2%2Fcategories&post=22984"},{"taxonomy":"post_tag","embeddable":true,"href":"https:\/\/www.spvgg-quierschied.de\/index.php?rest_route=%2Fwp%2Fv2%2Ftags&post=22984"}],"curies":[{"name":"wp","href":"https:\/\/api.w.org\/{rel}","templated":true}]}}