{"id":223,"date":"2011-08-11T11:11:49","date_gmt":"2011-08-11T11:11:49","guid":{"rendered":"http:\/\/www.spvgg-quierschied.de\/?p=223"},"modified":"2011-08-30T14:51:38","modified_gmt":"2011-08-30T14:51:38","slug":"mitgliederversammlung-verschoben","status":"publish","type":"post","link":"https:\/\/www.spvgg-quierschied.de\/?p=223","title":{"rendered":"Mitgliederversammlung verschoben!"},"content":{"rendered":"<p>Die f\u00fcr den 25. August geplante ordentliche Mitgliederversammlung muss aus organisatorischen Gr\u00fcnden verschoben werden. Wann die Versammlung nachgeholt wird, ver\u00f6ffentlicht der Vorstand rechtzeitig vorher hier auf der Internetseite und im Quierschieder Anzeiger.<\/p>\n","protected":false},"excerpt":{"rendered":"<p>Die f\u00fcr den 25. August geplante ordentliche Mitgliederversammlung muss aus organisatorischen Gr\u00fcnden verschoben werden. Wann die Versammlung nachgeholt wird, ver\u00f6ffentlicht der Vorstand rechtzeitig vorher hier auf der Internetseite und im Quierschieder Anzeiger.<\/p>\n<p class=\"more-link-p\"><a class=\"more-link\" href=\"https:\/\/www.spvgg-quierschied.de\/?p=223\">Read more &rarr;<\/a><\/p>\n","protected":false},"author":1,"featured_media":0,"comment_status":"open","ping_status":"open","sticky":false,"template":"","format":"standard","meta":{"footnotes":""},"categories":[7],"tags":[],"class_list":["post-223","post","type-post","status-publish","format-standard","hentry","category-vorstand"],"_links":{"self":[{"href":"https:\/\/www.spvgg-quierschied.de\/index.php?rest_route=\/wp\/v2\/posts\/223","targetHints":{"allow":["GET"]}}],"collection":[{"href":"https:\/\/www.spvgg-quierschied.de\/index.php?rest_route=\/wp\/v2\/posts"}],"about":[{"href":"https:\/\/www.spvgg-quierschied.de\/index.php?rest_route=\/wp\/v2\/types\/post"}],"author":[{"embeddable":true,"href":"https:\/\/www.spvgg-quierschied.de\/index.php?rest_route=\/wp\/v2\/users\/1"}],"replies":[{"embeddable":true,"href":"https:\/\/www.spvgg-quierschied.de\/index.php?rest_route=%2Fwp%2Fv2%2Fcomments&post=223"}],"version-history":[{"count":2,"href":"https:\/\/www.spvgg-quierschied.de\/index.php?rest_route=\/wp\/v2\/posts\/223\/revisions"}],"predecessor-version":[{"id":270,"href":"https:\/\/www.spvgg-quierschied.de\/index.php?rest_route=\/wp\/v2\/posts\/223\/revisions\/270"}],"wp:attachment":[{"href":"https:\/\/www.spvgg-quierschied.de\/index.php?rest_route=%2Fwp%2Fv2%2Fmedia&parent=223"}],"wp:term":[{"taxonomy":"category","embeddable":true,"href":"https:\/\/www.spvgg-quierschied.de\/index.php?rest_route=%2Fwp%2Fv2%2Fcategories&post=223"},{"taxonomy":"post_tag","embeddable":true,"href":"https:\/\/www.spvgg-quierschied.de\/index.php?rest_route=%2Fwp%2Fv2%2Ftags&post=223"}],"curies":[{"name":"wp","href":"https:\/\/api.w.org\/{rel}","templated":true}]}}