{"id":22152,"date":"2019-09-12T13:56:13","date_gmt":"2019-09-12T11:56:13","guid":{"rendered":"http:\/\/www.spvgg-quierschied.de\/?p=22152"},"modified":"2019-09-12T14:30:15","modified_gmt":"2019-09-12T12:30:15","slug":"schiedsrichter-streiken-am-wochenende-spiel-der-1-und-2-am-freitagabend","status":"publish","type":"post","link":"https:\/\/www.spvgg-quierschied.de\/?p=22152","title":{"rendered":"Schiedsrichter streiken am Wochenende &#8211; Internes Spiel der 1. und 2. am Freitagabend"},"content":{"rendered":"\n<p>An diesem Wochenende bleiben die Pfeifen der Schiedsrichterinnen und Schiedsrichter auf den saarl\u00e4ndischen Sportpl\u00e4tzen stumm. Grund sind die j\u00fcngsten, uns\u00e4glichen Angriffe auf Schiedsrichter. Um dies ganz klar zu sagen: Die Spvgg. Quierschied verurteilt jegliche Form von Gewalt auf und neben dem Spielfeld! Meckern geh\u00f6rt dazu, mehr aber nicht. Es darf nicht sein, dass sich Schiedsrichter bei der Aus\u00fcbung ihres Hobbys nicht sicher f\u00fchlen. Fakt ist: &#8222;Ohne Schiri geht es nicht&#8220; \u2013 das wird an diesem Wochenende deutlich. <\/p>\n\n\n\n<p>Deshalb hoffen wir, dass dieses deutliche Signal der Schiedsrichter geh\u00f6rt wird und nachhaltig Wirkung zeigt. Um dies zu erreichen, sind alle gefragt \u2013 Vereinsverantwortliche, Trainer, Spieler, Eltern und Fans! Lasst uns gemeinsam daf\u00fcr sorgen, dass Schiedsrichter stets mit Respekt behandelt werden \u2013 gerade dann, wenn man mal anderer Meinung ist!<\/p>\n\n\n\n<p>Um trotz des Streiks im Rhythmus zu bleiben, bestreiten unsere 1. und 2. Mannschaft am Freitagabend auf dem heimischen Kunstrasen ein internes Testspiel. Die Rolle der Schiedsrichter \u00fcbernehmen Vorstandsmitglieder und Betreuer. Anpfiff wird um 19:00 Uhr sein. Wer die Botschaft der Schiris verstanden hat und auf Fu\u00dfball nicht verzichten will, ist herzlich eingeladen, vorbeizukommen und zuzuschauen.<\/p>\n\n\n\n<p>Die abgesagten Spiele werden am Mi. 25.09 (Spvgg &#8211; Hasborn) bzw. Sa. 23.11 (Spvgg II &#8211; Karlsbrunn) nachgeholt. <\/p>\n","protected":false},"excerpt":{"rendered":"<p>An diesem Wochenende bleiben die Pfeifen der Schiedsrichterinnen und Schiedsrichter auf den saarl\u00e4ndischen Sportpl\u00e4tzen stumm. Grund sind die j\u00fcngsten, uns\u00e4glichen Angriffe auf Schiedsrichter. Um dies ganz klar zu sagen: Die Spvgg. Quierschied verurteilt jegliche Form von Gewalt auf und neben&hellip;<\/p>\n<p class=\"more-link-p\"><a class=\"more-link\" href=\"https:\/\/www.spvgg-quierschied.de\/?p=22152\">Read more &rarr;<\/a><\/p>\n","protected":false},"author":4,"featured_media":0,"comment_status":"closed","ping_status":"closed","sticky":false,"template":"","format":"standard","meta":{"footnotes":""},"categories":[7],"tags":[],"class_list":["post-22152","post","type-post","status-publish","format-standard","hentry","category-vorstand"],"_links":{"self":[{"href":"https:\/\/www.spvgg-quierschied.de\/index.php?rest_route=\/wp\/v2\/posts\/22152","targetHints":{"allow":["GET"]}}],"collection":[{"href":"https:\/\/www.spvgg-quierschied.de\/index.php?rest_route=\/wp\/v2\/posts"}],"about":[{"href":"https:\/\/www.spvgg-quierschied.de\/index.php?rest_route=\/wp\/v2\/types\/post"}],"author":[{"embeddable":true,"href":"https:\/\/www.spvgg-quierschied.de\/index.php?rest_route=\/wp\/v2\/users\/4"}],"replies":[{"embeddable":true,"href":"https:\/\/www.spvgg-quierschied.de\/index.php?rest_route=%2Fwp%2Fv2%2Fcomments&post=22152"}],"version-history":[{"count":4,"href":"https:\/\/www.spvgg-quierschied.de\/index.php?rest_route=\/wp\/v2\/posts\/22152\/revisions"}],"predecessor-version":[{"id":22156,"href":"https:\/\/www.spvgg-quierschied.de\/index.php?rest_route=\/wp\/v2\/posts\/22152\/revisions\/22156"}],"wp:attachment":[{"href":"https:\/\/www.spvgg-quierschied.de\/index.php?rest_route=%2Fwp%2Fv2%2Fmedia&parent=22152"}],"wp:term":[{"taxonomy":"category","embeddable":true,"href":"https:\/\/www.spvgg-quierschied.de\/index.php?rest_route=%2Fwp%2Fv2%2Fcategories&post=22152"},{"taxonomy":"post_tag","embeddable":true,"href":"https:\/\/www.spvgg-quierschied.de\/index.php?rest_route=%2Fwp%2Fv2%2Ftags&post=22152"}],"curies":[{"name":"wp","href":"https:\/\/api.w.org\/{rel}","templated":true}]}}