{"id":220,"date":"2011-08-10T11:11:14","date_gmt":"2011-08-10T11:11:14","guid":{"rendered":"http:\/\/www.spvgg-quierschied.de\/?p=220"},"modified":"2011-08-30T14:51:56","modified_gmt":"2011-08-30T14:51:56","slug":"dauerkarte-sichern","status":"publish","type":"post","link":"https:\/\/www.spvgg-quierschied.de\/?p=220","title":{"rendered":"Dauerkarte sichern!"},"content":{"rendered":"<p><a href=\"https:\/\/www.spvgg-quierschied.de\/wp-content\/uploads\/2011\/08\/Dauerkarte.jpg\"><img loading=\"lazy\" decoding=\"async\" class=\"size-medium wp-image-221 alignleft\" title=\"Dauerkarte 2011\/2012\" src=\"https:\/\/www.spvgg-quierschied.de\/wp-content\/uploads\/2011\/08\/Dauerkarte-300x188.jpg\" alt=\"\" width=\"210\" height=\"132\" \/><\/a>Der Anfang ist gemacht! Die ersten Dauerkarten gingen an das j\u00fcngste und eines der langj\u00e4hrigsten Mitglieder der Sportvereinigung. Leo Meiser und Fritz Wolf hei\u00dfen die Gl\u00fccklichen, die von unserem 1. Vorsitzenden Lutz Maurer zu ihren Ehrentagen &#8211; Leo wird ein Jahr alt, Fritz Wolf 85 &#8211; je eine Dauerkarte \u00fcberreicht bekamen.<br \/>\nDass die Sportvereinigung Quierschied f\u00fcr einen Fu\u00dfballverein in den Niederungen des Amateurfu\u00dfballs viele Zuschauer hat, konnte man in den vergangenen Jahren bei Heim- wie auch bei Ausw\u00e4rtsspielen immer wieder sehen. Um diese tolle Unterst\u00fctzung auch nach dem Aufstieg in die Bezirksliga beizubehalten oder gar noch weiter auszubauen, gibt es ab sofort im Clubheim oder bei Kassierer Toni Sch\u00f6neberger (toni-schoenenberger@t-online.de, Tel: 06897\/6927) Dauerkarten zu kaufen. Auch nach dem Saisonstart gilt unser Angebot noch. Die verpassten Heimspiele werden dann mit dem Gesamtpreis verrechnet. Vereins-Mitglieder bezahlen f\u00fcr alle 17 Liga-Heimspiele nur 25 Euro (statt 34 Euro) und Nicht-Mitglieder bekommen ihre Dauerkarte f\u00fcr 35 Euro (statt 42,50 Euro). Die deutliche Ersparnis kann dann f\u00fcr eine Rostwurst, das ein oder andere Kaltgetr\u00e4nk oder als praktisches M\u00fcnzgeld zur \u201eSpende f\u00fcr die Jugend\u201c genutzt werden&#8230;<\/p>\n","protected":false},"excerpt":{"rendered":"<p>Der Anfang ist gemacht! Die ersten Dauerkarten gingen an das j\u00fcngste und eines der langj\u00e4hrigsten Mitglieder der Sportvereinigung. Leo Meiser und Fritz Wolf hei\u00dfen die Gl\u00fccklichen, die von unserem 1. Vorsitzenden Lutz Maurer zu ihren Ehrentagen &#8211; Leo wird ein&hellip;<\/p>\n<p class=\"more-link-p\"><a class=\"more-link\" href=\"https:\/\/www.spvgg-quierschied.de\/?p=220\">Read more &rarr;<\/a><\/p>\n","protected":false},"author":1,"featured_media":0,"comment_status":"open","ping_status":"open","sticky":false,"template":"","format":"standard","meta":{"footnotes":""},"categories":[7],"tags":[],"class_list":["post-220","post","type-post","status-publish","format-standard","hentry","category-vorstand"],"_links":{"self":[{"href":"https:\/\/www.spvgg-quierschied.de\/index.php?rest_route=\/wp\/v2\/posts\/220","targetHints":{"allow":["GET"]}}],"collection":[{"href":"https:\/\/www.spvgg-quierschied.de\/index.php?rest_route=\/wp\/v2\/posts"}],"about":[{"href":"https:\/\/www.spvgg-quierschied.de\/index.php?rest_route=\/wp\/v2\/types\/post"}],"author":[{"embeddable":true,"href":"https:\/\/www.spvgg-quierschied.de\/index.php?rest_route=\/wp\/v2\/users\/1"}],"replies":[{"embeddable":true,"href":"https:\/\/www.spvgg-quierschied.de\/index.php?rest_route=%2Fwp%2Fv2%2Fcomments&post=220"}],"version-history":[{"count":3,"href":"https:\/\/www.spvgg-quierschied.de\/index.php?rest_route=\/wp\/v2\/posts\/220\/revisions"}],"predecessor-version":[{"id":271,"href":"https:\/\/www.spvgg-quierschied.de\/index.php?rest_route=\/wp\/v2\/posts\/220\/revisions\/271"}],"wp:attachment":[{"href":"https:\/\/www.spvgg-quierschied.de\/index.php?rest_route=%2Fwp%2Fv2%2Fmedia&parent=220"}],"wp:term":[{"taxonomy":"category","embeddable":true,"href":"https:\/\/www.spvgg-quierschied.de\/index.php?rest_route=%2Fwp%2Fv2%2Fcategories&post=220"},{"taxonomy":"post_tag","embeddable":true,"href":"https:\/\/www.spvgg-quierschied.de\/index.php?rest_route=%2Fwp%2Fv2%2Ftags&post=220"}],"curies":[{"name":"wp","href":"https:\/\/api.w.org\/{rel}","templated":true}]}}