{"id":21955,"date":"2019-08-12T08:28:50","date_gmt":"2019-08-12T06:28:50","guid":{"rendered":"http:\/\/www.spvgg-quierschied.de\/?p=21955"},"modified":"2019-08-12T08:28:50","modified_gmt":"2019-08-12T06:28:50","slug":"starker-auftritt-wird-am-ende-nicht-belohnt","status":"publish","type":"post","link":"https:\/\/www.spvgg-quierschied.de\/?p=21955","title":{"rendered":"Starker Auftritt wird am Ende nicht  belohnt"},"content":{"rendered":"\n<p>Am 2. Spieltag der Landesliga S\u00fcd stand f\u00fcr unsere zweite Mannschaft das erste Ausw\u00e4rtsspiel beim Titelanw\u00e4rter SV Walpershofen an. Seit Jahren wieder ein Spiel, bei dem die &#8222;Zw\u00e4dd&#8220; nichts zu verlieren hatte. Denn die Vorzeichen waren klar. Alles andere als ein Sieg der Heimelf w\u00e4re eine \u00dcberraschung gewesen. Und an der war man nah dran.<\/p>\n\n\n\n<p>Die taktische Marschrichtung der Wambe war auf schnelles Umschalten ausgerichtet, was vor allem im ersten Durchgang sehr gut funktionierte. So geh\u00f6rte die erste Gro\u00dfchance des Spiels nach 13 Minuten Spielertrainer Markus Woll, der alleine vor dem Tor am Schlussmann scheiterte. Acht Minuten sp\u00e4ter wurde eine Hereingabe von Kai Seewald in der Mitte knapp verpasst. Nur wiederum eine Minute sp\u00e4ter auch die erste Chance f\u00fcr die Gastgeber. Nach einem unn\u00f6tigen Ballverlust in der eigenen H\u00e4lfte konnte Fabian Wiest die Situation entsch\u00e4rfen.\u00a0In der 30. Minute\u00a0dann die verdiente F\u00fchrung f\u00fcr die &#8222;Zw\u00e4dd&#8220;. Ein Eckball f\u00fcr Walpershofen wurde abgefangen und \u00fcber Sascha Scheid schnell umgeschaltet und Markus Woll erzielte das 0:1. Drei Minuten nach der F\u00fchrung hatten die Wambe Gl\u00fcck, dass eine Hereingabe frei vor dem Tor nicht genutzt wurde. Unbeeindruckt hatten die Wambe aber weitere Gro\u00dfchancen. In der 36. und 44.\u00a0Minute hatte jeder schon den Torschrei auf den Lippen, der Ball verfehlte sein Ziel aber knapp. Kurz vor der Pause war die Hintermannschaft der &#8222;Zw\u00e4dd&#8220; nicht aufmerksam genug und pl\u00f6tzlich stand es 1:1. So ging es dann in die Pause.<\/p>\n\n\n\n<p>Die Gastgeber legten nun eine Schippe drauf und gingen nach 49 Minuten mit 2:1 in F\u00fchrung. Sie lie\u00dfen den Ball gut und schnell laufen.\u00a0 In der Folge hatte man Gl\u00fcck nicht h\u00f6her in R\u00fcckstand zu geraten. Nach 58 Minuten wurde der zweiten Mannschaft ein berechtigter Handelfmeter zugesprochen. Markus Woll verwandelte zum 2:2 Ausgleich. Leider hielt der Ausgleich nicht lange und Walpershofen konnte in der 65. Minute aus spitzen Winkel wieder in F\u00fchrung gehen. Bis zum Schluss versuchte die &#8222;Zw\u00e4dd&#8220; noch den Ausgleich zu erzielen,\u00a0 jedoch konnte die Heimelf kurz vor Abpfiff noch auf 4:2 erh\u00f6hen. <\/p>\n\n\n\n<p>Eine ungl\u00fcckliche Niederlage, die, wenn man die Gro\u00dfchancen der ersten Halbzeit genutzt h\u00e4tte, vermeidbar gewesen w\u00e4re. Ein Unentschieden w\u00e4re aufgrund der beiden Halbzeiten gerecht und verdient gewesen. So muss man aber mit der Niederlage leben und jetzt in er neuen Liga lernen umzugehen. Auf diese Leistung l\u00e4sst sich aber aufbauen und man kann n\u00e4chste Woche beim Wambefeschd-Heimspiel gegen Bliesransbach wieder Punkte einfahren. <\/p>\n\n\n\n<p><\/p>\n","protected":false},"excerpt":{"rendered":"<p>Am 2. Spieltag der Landesliga S\u00fcd stand f\u00fcr unsere zweite Mannschaft das erste Ausw\u00e4rtsspiel beim Titelanw\u00e4rter SV Walpershofen an. Seit Jahren wieder ein Spiel, bei dem die &#8222;Zw\u00e4dd&#8220; nichts zu verlieren hatte. Denn die Vorzeichen waren klar. Alles andere als&hellip;<\/p>\n<p class=\"more-link-p\"><a class=\"more-link\" href=\"https:\/\/www.spvgg-quierschied.de\/?p=21955\">Read more &rarr;<\/a><\/p>\n","protected":false},"author":11,"featured_media":0,"comment_status":"closed","ping_status":"closed","sticky":false,"template":"","format":"standard","meta":{"footnotes":""},"categories":[9],"tags":[],"class_list":["post-21955","post","type-post","status-publish","format-standard","hentry","category-2-mannschaft"],"_links":{"self":[{"href":"https:\/\/www.spvgg-quierschied.de\/index.php?rest_route=\/wp\/v2\/posts\/21955","targetHints":{"allow":["GET"]}}],"collection":[{"href":"https:\/\/www.spvgg-quierschied.de\/index.php?rest_route=\/wp\/v2\/posts"}],"about":[{"href":"https:\/\/www.spvgg-quierschied.de\/index.php?rest_route=\/wp\/v2\/types\/post"}],"author":[{"embeddable":true,"href":"https:\/\/www.spvgg-quierschied.de\/index.php?rest_route=\/wp\/v2\/users\/11"}],"replies":[{"embeddable":true,"href":"https:\/\/www.spvgg-quierschied.de\/index.php?rest_route=%2Fwp%2Fv2%2Fcomments&post=21955"}],"version-history":[{"count":1,"href":"https:\/\/www.spvgg-quierschied.de\/index.php?rest_route=\/wp\/v2\/posts\/21955\/revisions"}],"predecessor-version":[{"id":21956,"href":"https:\/\/www.spvgg-quierschied.de\/index.php?rest_route=\/wp\/v2\/posts\/21955\/revisions\/21956"}],"wp:attachment":[{"href":"https:\/\/www.spvgg-quierschied.de\/index.php?rest_route=%2Fwp%2Fv2%2Fmedia&parent=21955"}],"wp:term":[{"taxonomy":"category","embeddable":true,"href":"https:\/\/www.spvgg-quierschied.de\/index.php?rest_route=%2Fwp%2Fv2%2Fcategories&post=21955"},{"taxonomy":"post_tag","embeddable":true,"href":"https:\/\/www.spvgg-quierschied.de\/index.php?rest_route=%2Fwp%2Fv2%2Ftags&post=21955"}],"curies":[{"name":"wp","href":"https:\/\/api.w.org\/{rel}","templated":true}]}}