{"id":21847,"date":"2019-07-29T23:17:28","date_gmt":"2019-07-29T21:17:28","guid":{"rendered":"http:\/\/www.spvgg-quierschied.de\/?p=21847"},"modified":"2019-07-30T00:35:11","modified_gmt":"2019-07-29T22:35:11","slug":"erste-spielt-am-mittwoch-in-primstal","status":"publish","type":"post","link":"https:\/\/www.spvgg-quierschied.de\/?p=21847","title":{"rendered":"Erste spielt am Mittwoch in Primstal"},"content":{"rendered":"\n<p class=\"wp-block-paragraph\"><strong>F\u00fcr unsere 1. Mannschaft geht es nach dem Auftaktsieg gegen Neunkirchen bereits am Mittwochabend weiter. Die Wambe sind beim VfL Primstal in der englischen Woche zu Gast. Anpfiff wird um 19:00 Uhr im Allerswaldstadion (Am Schwimmbad 10, 66620 Primstal) sein. Unsere Jungs hoffen auf gute Unterst\u00fctzung im ersten Ausw\u00e4rtsspiel der Saison.<\/strong><\/p>\n\n\n\n<p class=\"wp-block-paragraph\"><strong>2. Spieltag Saarlandliga, Mittwoch 31.07.2019 19:00 Uhr VfL Primstal &#8211; Spvgg Quierschied<\/strong><\/p>\n\n\n\n<div class=\"wp-block-image\"><figure class=\"alignright\"><img loading=\"lazy\" decoding=\"async\" width=\"100\" height=\"108\" src=\"https:\/\/www.spvgg-quierschied.de\/wp-content\/uploads\/2016\/09\/Vfl-Primstal.png\" alt=\"\" class=\"wp-image-15693\"\/><\/figure><\/div>\n\n\n\n<p class=\"wp-block-paragraph\"><strong>VfL:<\/strong> Wie unsere Spvgg. ist auch Primstal mit 3 Punkten in die neue Saison gestartet. Zum Auftakt ging es f\u00fcr die Mannschaft von Trainer Andreas Caryot zum SV Saar 05 Saarbr\u00fccken. Sicherlich ein schwieriges Ausw\u00e4rtsspiel, doch die Mannschaft aus dem Nordsaarland gewann ein wenig \u00fcberraschend mit 2:0. Pascal Limke und Trainersohn Jonas Caryot hie\u00dfen die Torsch\u00fctzen und sorgten f\u00fcr einen guten Start in die neue Runde. Und den will sich der VfL &#8211; \u00e4hnlich wie die Wambe &#8211; sicherlich am Mittwoch vers\u00fc\u00dfen. Mit Top-Torj\u00e4ger Tim Roob (16 Tore) verlie\u00df der beste St\u00fcrmer aus der Vorsaison den VfL in Richtung Hasborn und stellte damit nat\u00fcrlich einen schmerzhaften Abgang dar. Ersetzen soll ihn Patrick Clos , der aus Baumholder kam und dort in der Landesliga West (Pfalz) 25 Tore schoss. Ansonsten verf\u00fcgen die Primstaler \u00fcber eine eingespielte und mittlerweile routinierte Mannschaft, die in dieser Spielzeit nach einer kr\u00e4ftezehrenden letzten Saison &#8211; teilweise mit Abstiegssorgen &#8211; um andere Pl\u00e4tze mitspielen m\u00f6chte. <\/p>\n\n\n\n<p class=\"wp-block-paragraph\"><strong>Spvgg: <\/strong>Unsere Mannschaft sollte also nach dem Primstaler Sieg in Saarbr\u00fccken wissen, welches Kaliber am Mittwoch auf sie zukommt. Das Neunkirchen-Spiel ist aus den K\u00f6pfen, die n\u00e4chste knifflige Aufgabe steht vor der T\u00fcr. Das Ziel in dieser Runde lautet kontinuierlich punkten, um schnell in ruhige Fahrwasser zu kommen. Und da muss Spieltag f\u00fcr Spieltag eine starke Leistung her. Gegen\u00fcber dem Match am Samstag muss Trainer Robin Vogtland auf Offensivspieler Sascha Schaum verzichten. Er verletzte sich an der Schulter und f\u00e4llt auf unbestimmte Zeit aus, eine genaue Diagnose ist im Laufe der Woche zu erwarten. Doch genau aus solchen Gr\u00fcnden wurde unser Kader in dieser Saison breiter aufgestellt. Wie entscheidend auch eine gute Bank sein kann, hat man am vergangenen Samstag gesehen. Von daher wird unsere Startelf gut genug best\u00fcckt sein um in Primstal etwas entf\u00fchren zu k\u00f6nnen. <\/p>\n\n\n\n<p class=\"wp-block-paragraph\"><strong>Letzte Saison<\/strong>:<a href=\"https:\/\/www.spvgg-quierschied.de\/?p=20076\"> Im Hinspiel im August 2018 trennten sich die beiden Teams 3:3<\/a>, <a href=\"https:\/\/www.spvgg-quierschied.de\/?p=21328\">im R\u00fcckspiel gewann Quierschied im M\u00e4rz in Primstal mit 3:1.<\/a> <\/p>\n\n\n\n<p class=\"wp-block-paragraph\"><strong>Der Schiedsrichter:<\/strong> Geleitet wird das Spiel von Justin Joel Hasmann. Ihm assestieren Pasquale de Marco und Frederic Meier. <\/p>\n","protected":false},"excerpt":{"rendered":"<p>F\u00fcr unsere 1. Mannschaft geht es nach dem Auftaktsieg gegen Neunkirchen bereits am Mittwochabend weiter. Die Wambe sind beim VfL Primstal in der englischen Woche zu Gast. Anpfiff wird um 19:00 Uhr im Allerswaldstadion (Am Schwimmbad 10, 66620 Primstal) sein.&hellip;<\/p>\n<p class=\"more-link-p\"><a class=\"more-link\" href=\"https:\/\/www.spvgg-quierschied.de\/?p=21847\">Read more &rarr;<\/a><\/p>\n","protected":false},"author":4,"featured_media":15693,"comment_status":"closed","ping_status":"closed","sticky":false,"template":"","format":"standard","meta":{"footnotes":""},"categories":[8],"tags":[],"class_list":["post-21847","post","type-post","status-publish","format-standard","has-post-thumbnail","hentry","category-1-mannschaft"],"_links":{"self":[{"href":"https:\/\/www.spvgg-quierschied.de\/index.php?rest_route=\/wp\/v2\/posts\/21847","targetHints":{"allow":["GET"]}}],"collection":[{"href":"https:\/\/www.spvgg-quierschied.de\/index.php?rest_route=\/wp\/v2\/posts"}],"about":[{"href":"https:\/\/www.spvgg-quierschied.de\/index.php?rest_route=\/wp\/v2\/types\/post"}],"author":[{"embeddable":true,"href":"https:\/\/www.spvgg-quierschied.de\/index.php?rest_route=\/wp\/v2\/users\/4"}],"replies":[{"embeddable":true,"href":"https:\/\/www.spvgg-quierschied.de\/index.php?rest_route=%2Fwp%2Fv2%2Fcomments&post=21847"}],"version-history":[{"count":7,"href":"https:\/\/www.spvgg-quierschied.de\/index.php?rest_route=\/wp\/v2\/posts\/21847\/revisions"}],"predecessor-version":[{"id":21854,"href":"https:\/\/www.spvgg-quierschied.de\/index.php?rest_route=\/wp\/v2\/posts\/21847\/revisions\/21854"}],"wp:featuredmedia":[{"embeddable":true,"href":"https:\/\/www.spvgg-quierschied.de\/index.php?rest_route=\/wp\/v2\/media\/15693"}],"wp:attachment":[{"href":"https:\/\/www.spvgg-quierschied.de\/index.php?rest_route=%2Fwp%2Fv2%2Fmedia&parent=21847"}],"wp:term":[{"taxonomy":"category","embeddable":true,"href":"https:\/\/www.spvgg-quierschied.de\/index.php?rest_route=%2Fwp%2Fv2%2Fcategories&post=21847"},{"taxonomy":"post_tag","embeddable":true,"href":"https:\/\/www.spvgg-quierschied.de\/index.php?rest_route=%2Fwp%2Fv2%2Ftags&post=21847"}],"curies":[{"name":"wp","href":"https:\/\/api.w.org\/{rel}","templated":true}]}}