{"id":21671,"date":"2019-05-27T11:53:29","date_gmt":"2019-05-27T09:53:29","guid":{"rendered":"http:\/\/www.spvgg-quierschied.de\/?p=21671"},"modified":"2019-05-28T15:53:27","modified_gmt":"2019-05-28T13:53:27","slug":"chancen-ueber-chancen-vergeben","status":"publish","type":"post","link":"https:\/\/www.spvgg-quierschied.de\/?p=21671","title":{"rendered":"Chancen \u00fcber Chancen vergeben"},"content":{"rendered":"\n<p>Zum letzten Saisonspiel ging es f\u00fcr unsere 1. Mannschaft am Sonntag nach K\u00f6llerbach. Die Gastgeber vom k\u00fcnftigen Spvgg.-Coach Robin Vogtland k\u00e4mpften noch um die Meisterschaft, waren dabei aber auf Sch\u00fctzenhilfe des FV Eppelborn in Elversberg angwiesen. <\/p>\n\n\n\n<p>Unsere Quierschieder Mannschaft stellte sich quasi von alleine auf, mit Aldo Testa spielte ein Akteur der 2. Mannschaft von Beginn an. Fast 400 Zuschauer kamen bei bestem Wetter nach K\u00f6llerbach und die sahen ein spannendes Fu\u00dfballspiel. Die erste Chance hatte K\u00f6llerbachs Yannick Nonnweiler der mit einem Fallr\u00fcckzieher aber an Fabian Gessner scheiterte. Nach 15 Minuten musste Fabian dann ausgewechselt werden, er verletzte sich schwer am Knie. Es darf nicht wahr sein, unsere Verletzungen rei\u00dfen einfach nicht ab. Gute Besserung Fabian! Quierschied spielte nun mit Benny Schmitt im Tor &#8211; und nun auch gef\u00e4llig nach vorne. Julian Fernsner zog nach 20 Minuten ab, der Ball flog aber knapp rechts vorbei. Nach 25 Minuten schepperte es am K\u00f6llerbacher Geh\u00e4use. Philipp Klein flankte nach innen, Sascha Schaum k\u00f6pfte auf das Tor &#8211; scheiterte aber an dem Innenpfosten. Nach 28 Minuten gingen die Sportfreunde mit 1:0 in F\u00fchrung. Torj\u00e4ger Valentin Solovej dr\u00fcckte den Ball nach Angriff \u00fcber links aus kurzer Distanz \u00fcber die Linie. <\/p>\n\n\n\n<p>Quierschied war \u00fcberhaupt nicht geschockt und gab eine starke Visitenkarte ab. Erneut scheiterten die Wambe am Aluminium. Testa spielte zu Fernsner, doch auch er traf nur den Pfosten. Mit dem knappen Vorsprung f\u00fcr die Heimelf wurden die Seiten gewechselt. Dabei sprach sich die deutliche Elversberger F\u00fchrung rum, K\u00f6llerbach wusste dass es &#8222;nur noch&#8220; um die Relegation geht. Die Zuschauer sahen auch in der zweiten H\u00e4lfte ganz starke G\u00e4ste die weiterhin beste Chancen vergaben. Phlipp Kleins Kopfball klatschte auf die Latte, Florian Webers Abschluss nach einer Ecke wurde auf der Linie gekl\u00e4rt. Und Fernsner lief erneut auf das Tor zu, doch auch hier rettete ein Spieler f\u00fcr den bereits geschlagenen Keeper auf der Linie. Wahnsinn! In der 80. Minute traf Yannick Nonnweiler dann mit einem direkten Freisto\u00df zum 2:0 und erneut Solovej sogar zum 3:0. <\/p>\n\n\n\n<p>Das Ergebnis spiegelte nach den 90 Minuten den Spielverlauf nicht wirklich wieder, war aber verschmerzbar da es f\u00fcr unsere Sportvereinigung um nichts mehr ging. Am Ende schlie\u00dfen die Wambe die Tabelle mit Platz 10 ab. Den Sportfreunden K\u00f6llerbach w\u00fcnschen wir f\u00fcr die Relegation alles gute! Unsere Mannschaft wird sich jetzt erholen, ehe es ab dem 17.6. wieder mit dem Training losgeht. Am 21.6 steigt das erste Testspiel gegen den 1. FC Saarbr\u00fccken. <\/p>\n\n\n\n<ul class=\"wp-block-gallery columns-3 is-cropped wp-block-gallery-1 is-layout-flex wp-block-gallery-is-layout-flex\"><li class=\"blocks-gallery-item\"><figure><a href=\"https:\/\/www.spvgg-quierschied.de\/wp-content\/uploads\/2019\/05\/SF-K\u00f6llerbach-Spvgg-Saison-19-20-b-1024x682.jpg\"><img loading=\"lazy\" decoding=\"async\" width=\"1024\" height=\"682\" src=\"https:\/\/www.spvgg-quierschied.de\/wp-content\/uploads\/2019\/05\/SF-K\u00f6llerbach-Spvgg-Saison-19-20-b-1024x682.jpg\" alt=\"\" data-id=\"21674\" data-link=\"https:\/\/www.spvgg-quierschied.de\/?attachment_id=21674\" class=\"wp-image-21674\" srcset=\"https:\/\/www.spvgg-quierschied.de\/wp-content\/uploads\/2019\/05\/SF-K\u00f6llerbach-Spvgg-Saison-19-20-b-1024x682.jpg 1024w, https:\/\/www.spvgg-quierschied.de\/wp-content\/uploads\/2019\/05\/SF-K\u00f6llerbach-Spvgg-Saison-19-20-b-300x200.jpg 300w, https:\/\/www.spvgg-quierschied.de\/wp-content\/uploads\/2019\/05\/SF-K\u00f6llerbach-Spvgg-Saison-19-20-b-768x512.jpg 768w, https:\/\/www.spvgg-quierschied.de\/wp-content\/uploads\/2019\/05\/SF-K\u00f6llerbach-Spvgg-Saison-19-20-b-560x373.jpg 560w, https:\/\/www.spvgg-quierschied.de\/wp-content\/uploads\/2019\/05\/SF-K\u00f6llerbach-Spvgg-Saison-19-20-b-260x173.jpg 260w, https:\/\/www.spvgg-quierschied.de\/wp-content\/uploads\/2019\/05\/SF-K\u00f6llerbach-Spvgg-Saison-19-20-b-160x107.jpg 160w, https:\/\/www.spvgg-quierschied.de\/wp-content\/uploads\/2019\/05\/SF-K\u00f6llerbach-Spvgg-Saison-19-20-b.jpg 1229w\" sizes=\"auto, (max-width: 1024px) 100vw, 1024px\" \/><\/a><\/figure><\/li><li class=\"blocks-gallery-item\"><figure><a href=\"https:\/\/www.spvgg-quierschied.de\/wp-content\/uploads\/2019\/05\/SF-K\u00f6llerbach-Spvgg-Saison-19-20-c-1024x682.jpg\"><img loading=\"lazy\" decoding=\"async\" width=\"1024\" height=\"682\" src=\"https:\/\/www.spvgg-quierschied.de\/wp-content\/uploads\/2019\/05\/SF-K\u00f6llerbach-Spvgg-Saison-19-20-c-1024x682.jpg\" alt=\"\" data-id=\"21675\" data-link=\"https:\/\/www.spvgg-quierschied.de\/?attachment_id=21675\" class=\"wp-image-21675\" srcset=\"https:\/\/www.spvgg-quierschied.de\/wp-content\/uploads\/2019\/05\/SF-K\u00f6llerbach-Spvgg-Saison-19-20-c-1024x682.jpg 1024w, https:\/\/www.spvgg-quierschied.de\/wp-content\/uploads\/2019\/05\/SF-K\u00f6llerbach-Spvgg-Saison-19-20-c-300x200.jpg 300w, https:\/\/www.spvgg-quierschied.de\/wp-content\/uploads\/2019\/05\/SF-K\u00f6llerbach-Spvgg-Saison-19-20-c-768x512.jpg 768w, https:\/\/www.spvgg-quierschied.de\/wp-content\/uploads\/2019\/05\/SF-K\u00f6llerbach-Spvgg-Saison-19-20-c-560x373.jpg 560w, https:\/\/www.spvgg-quierschied.de\/wp-content\/uploads\/2019\/05\/SF-K\u00f6llerbach-Spvgg-Saison-19-20-c-260x173.jpg 260w, https:\/\/www.spvgg-quierschied.de\/wp-content\/uploads\/2019\/05\/SF-K\u00f6llerbach-Spvgg-Saison-19-20-c-160x107.jpg 160w, https:\/\/www.spvgg-quierschied.de\/wp-content\/uploads\/2019\/05\/SF-K\u00f6llerbach-Spvgg-Saison-19-20-c.jpg 1229w\" sizes=\"auto, (max-width: 1024px) 100vw, 1024px\" \/><\/a><\/figure><\/li><li class=\"blocks-gallery-item\"><figure><a href=\"https:\/\/www.spvgg-quierschied.de\/wp-content\/uploads\/2019\/05\/SF-K\u00f6llerbach-Spvgg-Saison-19-20-d-1024x683.jpg\"><img loading=\"lazy\" decoding=\"async\" width=\"1024\" height=\"683\" src=\"https:\/\/www.spvgg-quierschied.de\/wp-content\/uploads\/2019\/05\/SF-K\u00f6llerbach-Spvgg-Saison-19-20-d-1024x683.jpg\" alt=\"\" data-id=\"21676\" data-link=\"https:\/\/www.spvgg-quierschied.de\/?attachment_id=21676\" class=\"wp-image-21676\" srcset=\"https:\/\/www.spvgg-quierschied.de\/wp-content\/uploads\/2019\/05\/SF-K\u00f6llerbach-Spvgg-Saison-19-20-d-1024x683.jpg 1024w, https:\/\/www.spvgg-quierschied.de\/wp-content\/uploads\/2019\/05\/SF-K\u00f6llerbach-Spvgg-Saison-19-20-d-300x200.jpg 300w, https:\/\/www.spvgg-quierschied.de\/wp-content\/uploads\/2019\/05\/SF-K\u00f6llerbach-Spvgg-Saison-19-20-d-768x512.jpg 768w, https:\/\/www.spvgg-quierschied.de\/wp-content\/uploads\/2019\/05\/SF-K\u00f6llerbach-Spvgg-Saison-19-20-d-560x374.jpg 560w, https:\/\/www.spvgg-quierschied.de\/wp-content\/uploads\/2019\/05\/SF-K\u00f6llerbach-Spvgg-Saison-19-20-d-260x173.jpg 260w, https:\/\/www.spvgg-quierschied.de\/wp-content\/uploads\/2019\/05\/SF-K\u00f6llerbach-Spvgg-Saison-19-20-d-160x107.jpg 160w, https:\/\/www.spvgg-quierschied.de\/wp-content\/uploads\/2019\/05\/SF-K\u00f6llerbach-Spvgg-Saison-19-20-d.jpg 1229w\" sizes=\"auto, (max-width: 1024px) 100vw, 1024px\" \/><\/a><\/figure><\/li><li class=\"blocks-gallery-item\"><figure><a href=\"https:\/\/www.spvgg-quierschied.de\/wp-content\/uploads\/2019\/05\/SF-K\u00f6llerbach-Spvgg-Saison-19-20-1024x683.jpg\"><img loading=\"lazy\" decoding=\"async\" width=\"1024\" height=\"683\" src=\"https:\/\/www.spvgg-quierschied.de\/wp-content\/uploads\/2019\/05\/SF-K\u00f6llerbach-Spvgg-Saison-19-20-1024x683.jpg\" alt=\"\" data-id=\"21677\" data-link=\"https:\/\/www.spvgg-quierschied.de\/?attachment_id=21677\" class=\"wp-image-21677\" srcset=\"https:\/\/www.spvgg-quierschied.de\/wp-content\/uploads\/2019\/05\/SF-K\u00f6llerbach-Spvgg-Saison-19-20-1024x683.jpg 1024w, https:\/\/www.spvgg-quierschied.de\/wp-content\/uploads\/2019\/05\/SF-K\u00f6llerbach-Spvgg-Saison-19-20-300x200.jpg 300w, https:\/\/www.spvgg-quierschied.de\/wp-content\/uploads\/2019\/05\/SF-K\u00f6llerbach-Spvgg-Saison-19-20-768x512.jpg 768w, https:\/\/www.spvgg-quierschied.de\/wp-content\/uploads\/2019\/05\/SF-K\u00f6llerbach-Spvgg-Saison-19-20-560x374.jpg 560w, https:\/\/www.spvgg-quierschied.de\/wp-content\/uploads\/2019\/05\/SF-K\u00f6llerbach-Spvgg-Saison-19-20-260x173.jpg 260w, https:\/\/www.spvgg-quierschied.de\/wp-content\/uploads\/2019\/05\/SF-K\u00f6llerbach-Spvgg-Saison-19-20-160x107.jpg 160w, https:\/\/www.spvgg-quierschied.de\/wp-content\/uploads\/2019\/05\/SF-K\u00f6llerbach-Spvgg-Saison-19-20.jpg 1229w\" sizes=\"auto, (max-width: 1024px) 100vw, 1024px\" \/><\/a><\/figure><\/li><\/ul>\n","protected":false},"excerpt":{"rendered":"<p>Zum letzten Saisonspiel ging es f\u00fcr unsere 1. Mannschaft am Sonntag nach K\u00f6llerbach. Die Gastgeber vom k\u00fcnftigen Spvgg.-Coach Robin Vogtland k\u00e4mpften noch um die Meisterschaft, waren dabei aber auf Sch\u00fctzenhilfe des FV Eppelborn in Elversberg angwiesen. Unsere Quierschieder Mannschaft stellte&hellip;<\/p>\n<p class=\"more-link-p\"><a class=\"more-link\" href=\"https:\/\/www.spvgg-quierschied.de\/?p=21671\">Read more &rarr;<\/a><\/p>\n","protected":false},"author":4,"featured_media":21674,"comment_status":"closed","ping_status":"closed","sticky":false,"template":"","format":"standard","meta":{"footnotes":""},"categories":[8],"tags":[],"class_list":["post-21671","post","type-post","status-publish","format-standard","has-post-thumbnail","hentry","category-1-mannschaft"],"_links":{"self":[{"href":"https:\/\/www.spvgg-quierschied.de\/index.php?rest_route=\/wp\/v2\/posts\/21671","targetHints":{"allow":["GET"]}}],"collection":[{"href":"https:\/\/www.spvgg-quierschied.de\/index.php?rest_route=\/wp\/v2\/posts"}],"about":[{"href":"https:\/\/www.spvgg-quierschied.de\/index.php?rest_route=\/wp\/v2\/types\/post"}],"author":[{"embeddable":true,"href":"https:\/\/www.spvgg-quierschied.de\/index.php?rest_route=\/wp\/v2\/users\/4"}],"replies":[{"embeddable":true,"href":"https:\/\/www.spvgg-quierschied.de\/index.php?rest_route=%2Fwp%2Fv2%2Fcomments&post=21671"}],"version-history":[{"count":4,"href":"https:\/\/www.spvgg-quierschied.de\/index.php?rest_route=\/wp\/v2\/posts\/21671\/revisions"}],"predecessor-version":[{"id":21679,"href":"https:\/\/www.spvgg-quierschied.de\/index.php?rest_route=\/wp\/v2\/posts\/21671\/revisions\/21679"}],"wp:featuredmedia":[{"embeddable":true,"href":"https:\/\/www.spvgg-quierschied.de\/index.php?rest_route=\/wp\/v2\/media\/21674"}],"wp:attachment":[{"href":"https:\/\/www.spvgg-quierschied.de\/index.php?rest_route=%2Fwp%2Fv2%2Fmedia&parent=21671"}],"wp:term":[{"taxonomy":"category","embeddable":true,"href":"https:\/\/www.spvgg-quierschied.de\/index.php?rest_route=%2Fwp%2Fv2%2Fcategories&post=21671"},{"taxonomy":"post_tag","embeddable":true,"href":"https:\/\/www.spvgg-quierschied.de\/index.php?rest_route=%2Fwp%2Fv2%2Ftags&post=21671"}],"curies":[{"name":"wp","href":"https:\/\/api.w.org\/{rel}","templated":true}]}}