{"id":21247,"date":"2019-02-13T17:00:14","date_gmt":"2019-02-13T16:00:14","guid":{"rendered":"http:\/\/www.spvgg-quierschied.de\/?p=21247"},"modified":"2019-02-13T17:37:15","modified_gmt":"2019-02-13T16:37:15","slug":"planungen-fuer-die-kommende-saison-laufen","status":"publish","type":"post","link":"https:\/\/www.spvgg-quierschied.de\/?p=21247","title":{"rendered":"Planungen f\u00fcr die kommende Saison laufen"},"content":{"rendered":"\n<p class=\"wp-block-paragraph\">Die Planungen f\u00fcr die n\u00e4chste Saison bei der Sportvereinigung sind in vollem Gang. Schon fr\u00fchzeitig stand fest, dass Robin Vogtland ab Sommer den Trainerposten von Pascal Bauer \u00fcbernehmen wird, den es beruflich nach Frankfurt zieht. Vogtland zur Seite stehen wird Marc Birkelbach als Co-Trainer und Torwarttrainer. Birkelbach geh\u00f6rt schon seit Beginn der laufenden Saison zum Trainerstab und ist als solcher wichtiger Bestandteil des Teams. Au\u00dferdem trainiert er die B-Jugend unserer Jugend-Spielgemeinschaft bei unserem Partner DJK Bildstock. <\/p>\n\n\n\n<div class=\"wp-block-media-text alignwide\"><figure class=\"wp-block-media-text__media\"><img loading=\"lazy\" decoding=\"async\" width=\"644\" height=\"966\" src=\"https:\/\/www.spvgg-quierschied.de\/wp-content\/uploads\/2019\/02\/Birkelbach.jpg\" alt=\"\" class=\"wp-image-21255\" srcset=\"https:\/\/www.spvgg-quierschied.de\/wp-content\/uploads\/2019\/02\/Birkelbach.jpg 644w, https:\/\/www.spvgg-quierschied.de\/wp-content\/uploads\/2019\/02\/Birkelbach-200x300.jpg 200w, https:\/\/www.spvgg-quierschied.de\/wp-content\/uploads\/2019\/02\/Birkelbach-560x840.jpg 560w, https:\/\/www.spvgg-quierschied.de\/wp-content\/uploads\/2019\/02\/Birkelbach-260x390.jpg 260w, https:\/\/www.spvgg-quierschied.de\/wp-content\/uploads\/2019\/02\/Birkelbach-160x240.jpg 160w\" sizes=\"auto, (max-width: 644px) 100vw, 644px\" \/><\/figure><div class=\"wp-block-media-text__content\">\n<p class=\"has-large-font-size wp-block-paragraph\"> Marc Birkelbach <\/p>\n<\/div><\/div>\n\n\n\n<p class=\"wp-block-paragraph\">Zus\u00e4tzlich zur Weichenstellung auf den Trainerpositionen ist es uns gelungen, den Kern der Mannschaft auch f\u00fcr die kommende Saison zu halten. So haben die Spieler Benny Schmitt, Fabian Gessner, Florian Weber, Domink Engel, Johannes Reichrath, Jens Lorang, Mirco Zavaglia, Patrick Nickels, Julian Fernsner, Lukas Gr\u00fcnbeck, Lukas Mitterm\u00fcller, Philipp Klein, Sascha Schaum und Sebastian Becker ihre Vertr\u00e4ge mit der Spvgg. bereits verl\u00e4ngert. <\/p>\n\n\n\n<p class=\"wp-block-paragraph\"><strong>Spielausschuss Kai Berrang<\/strong>  dazu: &#8222;Einige unserer Spieler hatten durchaus lukrative Anfragen anderer Vereine. Deshalb sind wir froh und auch ein bisschen stolz, dass sich diese Jungs zu unserer Spvgg bekennen und gemeinsam weiter an  einer erfolgreichen Zukunft des Vereins arbeiten wollen. Die ein oder  andere Entscheidung steht noch aus, doch wir sind mit der bisherigen  Planung voll im Soll. Der Fokus gilt nun der R\u00fcckrunde, wobei unser Ziel  klar definiert ist. Wir wollen in das vierte Saarlandligajahr in Folge  gehen! Das hei\u00dft: Es geht volle Pulle in Richtung fr\u00fchzeitger  Klassenerhalt.&#8220; <\/p>\n\n\n\n<p class=\"wp-block-paragraph\">Auch erste Neuzug\u00e4nge f\u00fcr die kommende Saison stehen fest:  Innenverteidiger Samuel Ikas (25) kommt von der SG  Ballweiler-Wecklingen-Wolfersheim nach Quierschied. Zuvor spielte  &#8222;Sammy&#8220; bis Sommer 2018 erfolgreich sechs Jahre beim SV 09 B\u00fcbingen. Dort bestritt er trotz seines jungen Alters bereits 187 Saarlandligaspiele und erzielte als Defensivspieler in dieser Zeit 41 Tore. <\/p>\n\n\n\n<p class=\"wp-block-paragraph\">Zudem wechselt Mittelfeldspieler Eric Sch\u00f6n (21) von der SG  Schiffweiler\/Landsweiler-Reden ans Franzenhaus. Er spielte zuvor u.a.  bei der DJK Bildstock in der Saarlandliga sowie in der Jugend der SV  Elversberg. <\/p>\n\n\n\n<p class=\"wp-block-paragraph\">Derzeit laufen Gespr\u00e4che mit weiteren potenziellen Neuzug\u00e4ngen. Je ein weiterer Spieler soll f\u00fcr jeden Mannschaftsteil kommen &#8211; au\u00dfer auf der Torh\u00fcter-Position.<\/p>\n\n\n\n<p class=\"wp-block-paragraph\">Verlassen werden die Wambe im Sommer Johannes Britz und Daniel Sch\u00f6nfeld. Winter-Neuzugang Manuel Haag wird ab Sommer wieder als Trainer t\u00e4tig sein und kehrt zu Heimatverein DjK P\u00fcttlingen zur\u00fcck.<\/p>\n\n\n\n<p class=\"wp-block-paragraph\"><strong><br><\/strong><\/p>\n","protected":false},"excerpt":{"rendered":"<p>Die Planungen f\u00fcr die n\u00e4chste Saison bei der Sportvereinigung sind in vollem Gang. Schon fr\u00fchzeitig stand fest, dass Robin Vogtland ab Sommer den Trainerposten von Pascal Bauer \u00fcbernehmen wird, den es beruflich nach Frankfurt zieht. Vogtland zur Seite stehen wird&hellip;<\/p>\n<p class=\"more-link-p\"><a class=\"more-link\" href=\"https:\/\/www.spvgg-quierschied.de\/?p=21247\">Read more &rarr;<\/a><\/p>\n","protected":false},"author":4,"featured_media":0,"comment_status":"closed","ping_status":"closed","sticky":false,"template":"","format":"standard","meta":{"footnotes":""},"categories":[8,5],"tags":[],"class_list":["post-21247","post","type-post","status-publish","format-standard","hentry","category-1-mannschaft","category-aktive"],"_links":{"self":[{"href":"https:\/\/www.spvgg-quierschied.de\/index.php?rest_route=\/wp\/v2\/posts\/21247","targetHints":{"allow":["GET"]}}],"collection":[{"href":"https:\/\/www.spvgg-quierschied.de\/index.php?rest_route=\/wp\/v2\/posts"}],"about":[{"href":"https:\/\/www.spvgg-quierschied.de\/index.php?rest_route=\/wp\/v2\/types\/post"}],"author":[{"embeddable":true,"href":"https:\/\/www.spvgg-quierschied.de\/index.php?rest_route=\/wp\/v2\/users\/4"}],"replies":[{"embeddable":true,"href":"https:\/\/www.spvgg-quierschied.de\/index.php?rest_route=%2Fwp%2Fv2%2Fcomments&post=21247"}],"version-history":[{"count":7,"href":"https:\/\/www.spvgg-quierschied.de\/index.php?rest_route=\/wp\/v2\/posts\/21247\/revisions"}],"predecessor-version":[{"id":21258,"href":"https:\/\/www.spvgg-quierschied.de\/index.php?rest_route=\/wp\/v2\/posts\/21247\/revisions\/21258"}],"wp:attachment":[{"href":"https:\/\/www.spvgg-quierschied.de\/index.php?rest_route=%2Fwp%2Fv2%2Fmedia&parent=21247"}],"wp:term":[{"taxonomy":"category","embeddable":true,"href":"https:\/\/www.spvgg-quierschied.de\/index.php?rest_route=%2Fwp%2Fv2%2Fcategories&post=21247"},{"taxonomy":"post_tag","embeddable":true,"href":"https:\/\/www.spvgg-quierschied.de\/index.php?rest_route=%2Fwp%2Fv2%2Ftags&post=21247"}],"curies":[{"name":"wp","href":"https:\/\/api.w.org\/{rel}","templated":true}]}}