{"id":20694,"date":"2018-10-29T13:10:27","date_gmt":"2018-10-29T12:10:27","guid":{"rendered":"http:\/\/www.spvgg-quierschied.de\/?p=20694"},"modified":"2018-11-02T10:04:34","modified_gmt":"2018-11-02T09:04:34","slug":"hart-erkaempfter-auswaertspunkt","status":"publish","type":"post","link":"https:\/\/www.spvgg-quierschied.de\/?p=20694","title":{"rendered":"Hart erk\u00e4mpfter Ausw\u00e4rtspunkt"},"content":{"rendered":"<p><span style=\"color: #000000;\"><strong>Am vorletzten Spieltag der Hinrunde gastierte unsere 1. Mannschaft bei der SV 07 Elversberg II. Nach sieben sieglosen Spielen war unser Team beim Tabellenzweiten krasser Au\u00dfenseiter. Aber die Elf von Pascal Bauer wehrte sich nach Kr\u00e4ften und erk\u00e4mpfte sich mit Gl\u00fcck und Geschick einen Punkt.<\/strong><\/span><\/p>\n<p><span style=\"color: #000000;\">Vorab eine Hiobsbotschaft: Als h\u00e4tte unsere Mannschaft nicht schon genug Personalsorgen, verletzte sich auch Daniel Sch\u00f6nfeld beim Aufw\u00e4rmen. F\u00fcr ihn r\u00fcckte Alden Hodzic kurzfristig in die Startelf. Elversberg startete mit 5 Spielern aus dem Regionalliga-Aufgebot, unter anderem kamen Benno Mohr und der junge Torj\u00e4ger Kai Merk zum Einsatz. Das Spiel wurde bei kaltem und windigen Wetter in Landsweiler-Reden ausgetragen, wo Elversbergs U21 bislang 7 Siege in 7 Heimspielen einfuhr. In der ersten H\u00e4lfte sahen die etwa 150 Zuschauer nur wenige Torszenen. Elversberg bestimmte das Spiel, biss sich aber an einer defensiv gut geordneten Quierschieder Mannschaft die Z\u00e4hne aus. So gab es in der ersten halben Stunde gerade einmal je eine Chance auf jeder Seite zu verzeichnen: Elversberg in der 8. Minute mit einem eher harmlosen Schuss von Mike Scharwarth und Quierschied mit einem Kopfball von Johannes Reichrath in die Arme von SVE-Keeper Joshua Blankenburg (24.). Einen bitterb\u00f6sen Patzer leistete sich Schiri Fabian Knoll in der 45. Minute: Elversberg schlug in der letzten Situation der ersten H\u00e4lfte den Ball in den Strafraum der G\u00e4ste. Benny Schmitt pfl\u00fcckte die Kugel ab, lie\u00df sie aber direkt wieder fallen und ein SVE-Spieler staubte ins Tor ab. Inmitten von Bennys einzigem Ungeschick in diesem Spiel pfiff Knoll zur Pause, sodass das gleichzeitig erzielte Tor der Elversberger nicht z\u00e4hlte. Gro\u00dfes Gl\u00fcck f\u00fcr die Wambe!<\/span><\/p>\n<p><span style=\"color: #000000;\">Nach dem Wiederanpfiff erh\u00f6hte Elversberg den Druck. Und hatte in der 47. Minute durch Kai Merk eine gro\u00dfe Torchance, doch er schoss den Ball aus kurzer Distanz in die zweite Etage. Quierschied kam in der 49.Minute mal wieder vor das Tor, nach Flanke von Johannes Reichrath scheiterte Mirco Zavaglia mit einem Kopfball an Joshua Blankenburg. In der 53. Minute reagierte Benny Schmitt gl\u00e4nzend bei einem Schuss von Israel Suero Fernande. Quierschied kam nun zeitweise nicht mehr richtig hinten raus und konzentrierte sich auf das Verteidigen. Eine Offensivszene gab es aber in der 58. Minute, als Zavaglia nach einer Standardsituation erneut knapp mit dem Kopf scheiterte. Elversberg versuchte weiter das Tempo hochzuhalten, doch die Sportvereinigung stand richtig gut. Vor allem Philipp Klein auf der rechten Seite sowie der kurzfristig eingesprunge Alden Hodzic verdienten sich Bestnoten in einer kompakten Mannschaft, die beinahe nach 70 Minuten in F\u00fchrung gegangen w\u00e4re. Lukas Mitterm\u00fcller kam \u00fcber links, passte auf den zweiten Pfosten wo Johannes Reichrath angelaufen kam. Sein Schuss wurde aber von einem Elversberger kurz vor der Linie abgewehrt. Schade. Drei Minuten sp\u00e4ter machte Mitterm\u00fcller zwei SVE-Spieler frisch, kam aber 8 Meter vor dem Kasten nur mit seinem schw\u00e4cheren rechten Fu\u00df zum Abschluss, sodass der Torh\u00fcter keine Probleme hatte, den Ball aufzunehmen. In der 83. Minute reagierte Benny Schmitt erneut b\u00e4renstark, als der eingewechselte Jackson Courtney aus kurzer Distanz nach einem Pfosten-Abpraller an ihm scheiterte. Und Quierschied hatte erneut Gl\u00fcck, als in der 88.Minute ein Elversberger aus kurzer Distanz nur die Latte traf. Zudem bekam die SVE in der Nachspielzeit einen Freisto\u00df aus 18 Metern zugesprochen, sodass alle Quierschieder noch einmal zittern mussten. Doch der Schuss wurde sichere Beute des starken Schmitt.<\/span><\/p>\n<p><span style=\"color: #000000;\">Mit 0:0 endete die Partie, unsere Mannschaft sah erneut bei einem Spitzenteam gut aus. Gegen\u00fcber dem Spiel in Eppelborn war das in Landsweiler-Reden k\u00e4mpferisch eine enorme Steigerung. So &#8211; und nur so! &#8211; muss es jetzt weitergehen! Der Punkt war ein Anfang, weitere &#8211; am besten gleich als Dreierpacks &#8211; m\u00fcssen in den n\u00e4chsten Spielen folgen. Mit der gezeigten Leistung in Elversberg hat erneut jeder gesehen: Die Jungs k\u00f6nnen es. Und zwar dann, wenn sie als Mannschaft agieren und jeder f\u00fcr den anderen rennt und k\u00e4mpft. Das wurde in Landsweiler-Reden auch mit Beifall der Quierschieder Anh\u00e4nger honoriert.\u00a0<\/span><\/p>\n<p><span style=\"color: #000000;\">Statistik folgt&#8230;<\/span><\/p>\n<p>&nbsp;<\/p>\n","protected":false},"excerpt":{"rendered":"<p>Am vorletzten Spieltag der Hinrunde gastierte unsere 1. Mannschaft bei der SV 07 Elversberg II. Nach sieben sieglosen Spielen war unser Team beim Tabellenzweiten krasser Au\u00dfenseiter. Aber die Elf von Pascal Bauer wehrte sich nach Kr\u00e4ften und erk\u00e4mpfte sich mit&hellip;<\/p>\n<p class=\"more-link-p\"><a class=\"more-link\" href=\"https:\/\/www.spvgg-quierschied.de\/?p=20694\">Read more &rarr;<\/a><\/p>\n","protected":false},"author":4,"featured_media":0,"comment_status":"closed","ping_status":"closed","sticky":false,"template":"","format":"standard","meta":{"footnotes":""},"categories":[8],"tags":[],"class_list":["post-20694","post","type-post","status-publish","format-standard","hentry","category-1-mannschaft"],"_links":{"self":[{"href":"https:\/\/www.spvgg-quierschied.de\/index.php?rest_route=\/wp\/v2\/posts\/20694","targetHints":{"allow":["GET"]}}],"collection":[{"href":"https:\/\/www.spvgg-quierschied.de\/index.php?rest_route=\/wp\/v2\/posts"}],"about":[{"href":"https:\/\/www.spvgg-quierschied.de\/index.php?rest_route=\/wp\/v2\/types\/post"}],"author":[{"embeddable":true,"href":"https:\/\/www.spvgg-quierschied.de\/index.php?rest_route=\/wp\/v2\/users\/4"}],"replies":[{"embeddable":true,"href":"https:\/\/www.spvgg-quierschied.de\/index.php?rest_route=%2Fwp%2Fv2%2Fcomments&post=20694"}],"version-history":[{"count":13,"href":"https:\/\/www.spvgg-quierschied.de\/index.php?rest_route=\/wp\/v2\/posts\/20694\/revisions"}],"predecessor-version":[{"id":20712,"href":"https:\/\/www.spvgg-quierschied.de\/index.php?rest_route=\/wp\/v2\/posts\/20694\/revisions\/20712"}],"wp:attachment":[{"href":"https:\/\/www.spvgg-quierschied.de\/index.php?rest_route=%2Fwp%2Fv2%2Fmedia&parent=20694"}],"wp:term":[{"taxonomy":"category","embeddable":true,"href":"https:\/\/www.spvgg-quierschied.de\/index.php?rest_route=%2Fwp%2Fv2%2Fcategories&post=20694"},{"taxonomy":"post_tag","embeddable":true,"href":"https:\/\/www.spvgg-quierschied.de\/index.php?rest_route=%2Fwp%2Fv2%2Ftags&post=20694"}],"curies":[{"name":"wp","href":"https:\/\/api.w.org\/{rel}","templated":true}]}}