{"id":20691,"date":"2018-10-29T08:54:10","date_gmt":"2018-10-29T07:54:10","guid":{"rendered":"http:\/\/www.spvgg-quierschied.de\/?p=20691"},"modified":"2018-10-29T11:55:55","modified_gmt":"2018-10-29T10:55:55","slug":"zweite-klettert-an-die-tabellenspitze","status":"publish","type":"post","link":"https:\/\/www.spvgg-quierschied.de\/?p=20691","title":{"rendered":"Zweite klettert an die Tabellenspitze"},"content":{"rendered":"<p><span style=\"color: #000000;\">Am 14. Spieltag der Bezirksliga Saarbr\u00fccken stand f\u00fcr unsere zweite Mannschaft das Ausw\u00e4rtsspiel beim SV Schnappach an. Kein leichter Gegner, denn der SVS zeigt in dieser Saison ein ganz anderes Gesicht als in den Jahren zuvor und so waren sie vor dem Spieltag nicht unverdient auf dem vierten Tabellenplatz. Wieder einmal mussten die beiden Trainer Markus Woll und Yannik Eiler die Mannschaft umbauen. So\u00a0musste man\u00a0den Toptorsch\u00fctzen Hendrik Gr\u00e4tz und den seit Wochen in guter Form befindlichen Manuel Dillenburger an die erste Mannschaft abgeben. Aus diesem Grund waren, mit Jonas Fernsner und\u00a0Justin B\u00e4hring, auch wieder zwei A-Jugend-Spieler im Kader und Markus Woll selbst lief wieder in der Sturmspitze auf. Zu allem \u00dcberfluss musste Kai Seewald beim Aufw\u00e4rmen seinen Startelfeinsatz verletzungsbedingt absagen und auch Manuel Allard ging angeschlagen in die Partie.<\/span><\/p>\n<p><span style=\"color: #000000;\">Die Gastgeber zogen sich von Beginn an in ihre eigene H\u00e4lfte zur\u00fcck und machten es auf dem ohnehin schon kleinen Platz noch enger. Der erste gute Spielzug in der achten Minute \u00fcber Manuel Allard wurde im letzten Augenblick noch abgeblockt. Nach 15 Minuten dann die erste gute M\u00f6glichkeit der Partie. Sascha Scheid bediente Aldo Testa auf Au\u00dfen, dessen Schuss verfehlte sein Ziel nur knapp. Die erste Chance des SVS nach einem Freisto\u00df konnte Fabi Wiest im Tor entsch\u00e4rfen. Beide Mannschaften k\u00e4mpften leidenschaftlich auf dem tiefen Untergrund und so kamen erst wieder kurz vor der Pause nennenswerte Torchancen zustande. Die beste und um es vorweg zu nehmen\u00a0einzige und letzte Torchance\u00a0im Spiel f\u00fcr die Gastgeber, hatte Giuseppe Contarini in der 43. Minute, als er nach einem Eckball ganz alleine zum Kopfball kam und Fabi Wiest aber die Null hinten hielt. Im Gegenzug lief Aldo Testa alleine auf den gegnerischen Torwart zu, der jedoch ebenfalls gut hielt. So ging es mit 0:0 in die Pause.<\/span><\/p>\n<p><span style=\"color: #000000;\">Im zweiten Durchgang spielte nur noch die &#8222;Zw\u00e4dd&#8220;. Vor allem Sascha Scheid hatte aber das Pech an den F\u00fc\u00dfen kleben an diesem Tag. Nach 55 Minuten schoss er aus guter Position knapp dr\u00fcber und in der 61. Spielminute lie\u00df er zwei Gegenspieler ganz alt aussehen verzog aber\u00a0den Abschluss. Die F\u00fchrung w\u00e4re mehr als verdient gewesen. Schnappach war stehend K.O. und konnte den Wambe nichts mehr entgegensetzen. So kam es wie es kommen musste. Ein gut kombinierter Angriff \u00fcber Dominik Schaum fand in Markus Woll\u00a0einen dankbaren Abnehmer und das l\u00e4ngst \u00fcberf\u00e4llige 0:1 war die Folge. Zu diesem Zeitpunkt musste man die Wambe sogar eher bremsen, denn jeder Spieler wollte mehr und Angriff um Angriff rollte auf das Tor der Gastgeber. Sascha Scheid in der 75. Minute konnte nach einem Lattenschuss sich wieder nicht belohnen und Leonardo Testa schoss im zweiten Versuch den Torwart aus\u00a0zwei Metern ab. In der 80. Spielminute dann das erl\u00f6sende 0:2. Eine Flanke von Dominik Schaum verwandelte wieder Markus Woll per Direktabnahme. Dies war die Entscheidung. Bis zum Schlusspfiff passierte nicht mehr viel.<\/span><\/p>\n<p><span style=\"color: #000000;\">Ein mehr als verdienter Sieg, der auch h\u00e4tte h\u00f6her ausfallen m\u00fcssen. Wieder einmal zeigte die &#8222;Zw\u00e4dd&#8220;, dass sie in dieser Saison zu einer echten Mannschaft zusammenw\u00e4chst und R\u00fcckschl\u00e4ge wegstecken kann. Durch den Patzer des FV Fechingen gegen K\u00f6llerbach 2 konnte unsere zweite Mannschaft auf den ersten Tabellenplatz springen. Diesen will man nun bis zum Jahresende verteidigen. Den n\u00e4chsten Schritt hierf\u00fcr muss man am n\u00e4chsten Sonntag beim Heimspiel gegen Herrensohr 2 tun.<\/span><\/p>\n<p><span style=\"color: #000000;\">Statistik folgt&#8230;<\/span><\/p>\n","protected":false},"excerpt":{"rendered":"<p>Am 14. Spieltag der Bezirksliga Saarbr\u00fccken stand f\u00fcr unsere zweite Mannschaft das Ausw\u00e4rtsspiel beim SV Schnappach an. Kein leichter Gegner, denn der SVS zeigt in dieser Saison ein ganz anderes Gesicht als in den Jahren zuvor und so waren sie&hellip;<\/p>\n<p class=\"more-link-p\"><a class=\"more-link\" href=\"https:\/\/www.spvgg-quierschied.de\/?p=20691\">Read more &rarr;<\/a><\/p>\n","protected":false},"author":11,"featured_media":0,"comment_status":"closed","ping_status":"closed","sticky":false,"template":"","format":"standard","meta":{"footnotes":""},"categories":[9],"tags":[],"class_list":["post-20691","post","type-post","status-publish","format-standard","hentry","category-2-mannschaft"],"_links":{"self":[{"href":"https:\/\/www.spvgg-quierschied.de\/index.php?rest_route=\/wp\/v2\/posts\/20691","targetHints":{"allow":["GET"]}}],"collection":[{"href":"https:\/\/www.spvgg-quierschied.de\/index.php?rest_route=\/wp\/v2\/posts"}],"about":[{"href":"https:\/\/www.spvgg-quierschied.de\/index.php?rest_route=\/wp\/v2\/types\/post"}],"author":[{"embeddable":true,"href":"https:\/\/www.spvgg-quierschied.de\/index.php?rest_route=\/wp\/v2\/users\/11"}],"replies":[{"embeddable":true,"href":"https:\/\/www.spvgg-quierschied.de\/index.php?rest_route=%2Fwp%2Fv2%2Fcomments&post=20691"}],"version-history":[{"count":4,"href":"https:\/\/www.spvgg-quierschied.de\/index.php?rest_route=\/wp\/v2\/posts\/20691\/revisions"}],"predecessor-version":[{"id":20706,"href":"https:\/\/www.spvgg-quierschied.de\/index.php?rest_route=\/wp\/v2\/posts\/20691\/revisions\/20706"}],"wp:attachment":[{"href":"https:\/\/www.spvgg-quierschied.de\/index.php?rest_route=%2Fwp%2Fv2%2Fmedia&parent=20691"}],"wp:term":[{"taxonomy":"category","embeddable":true,"href":"https:\/\/www.spvgg-quierschied.de\/index.php?rest_route=%2Fwp%2Fv2%2Fcategories&post=20691"},{"taxonomy":"post_tag","embeddable":true,"href":"https:\/\/www.spvgg-quierschied.de\/index.php?rest_route=%2Fwp%2Fv2%2Ftags&post=20691"}],"curies":[{"name":"wp","href":"https:\/\/api.w.org\/{rel}","templated":true}]}}