{"id":20445,"date":"2018-10-02T11:05:52","date_gmt":"2018-10-02T09:05:52","guid":{"rendered":"http:\/\/www.spvgg-quierschied.de\/?p=20445"},"modified":"2018-11-02T10:06:14","modified_gmt":"2018-11-02T09:06:14","slug":"heimspiele-am-tag-der-deutschen-einheit","status":"publish","type":"post","link":"https:\/\/www.spvgg-quierschied.de\/?p=20445","title":{"rendered":"Heimspiele am Tag der deutschen Einheit"},"content":{"rendered":"<p><strong><span style=\"color: #000000;\">Schon am Mittwoch geht es f\u00fcr unsere Aktiven in ihren Ligen weiter. Unsere 1. Mannschaft bestreitet am Tag der Deutschen Einheit ihr drittes Heimspiel in Folge. Um 17:30 Uhr ist der SV Mettlach zu Gast. Unsere 2. Mannschaft spielt davor um 15:00 Uhr gegen den SC Friedrichsthal.\u00a0<\/span><\/strong><\/p>\n<blockquote>\n<h4 style=\"text-align: center;\"><strong><span style=\"color: #008000;\">12. Spieltag Saarlandliga, Mittwoch 03.10.2018 17:30 Uhr Spvgg Quierschied &#8211; SV Mettlach<\/span><\/strong><\/h4>\n<\/blockquote>\n<p><span style=\"color: #000000;\"><strong>Spvgg<\/strong>: Unsere 1. Mannschaft steht langsam unter Zugzwang. Nach vier sieglosen Spielen in Folge rangieren die Wambe nach 11 Spieltagen mit 12 Punkten auf dem 14. Tabellenplatz &#8211; eine Region, in der man sich eigentlich nicht aufhalten wollte. Viele unn\u00f6tige Punktverluste sorgten f\u00fcr diese Platzierung nach dem ersten Saisondrittel. Nach einem schwachen Heimspiel gegen Ottweiler\/Steinbach folgte eine gute Partie am Freitag gegen Saar 05. Allerdings reichte es auch dort nicht f\u00fcr einen Sieg. Doch der Punkt gegen den Oberliga-Absteiger war zumindest f\u00fcr die Moral wichtig und zeigte unseren Jungs einmal mehr, was sie eigentlich drauf haben. Gegen Mettlach erwarten die Wambe keine leichtere Aufgabe als gegen Saar 05. Kampfgeist ist bei jedem einzelnen Spieler mehr denn je gefragt. Die Mannschaft muss alles raushauen, um endlich wieder 3 Punkte vor dem eigenen Publikum zu holen. Im Oktober stehen einige wichtige Duelle gegen unmittelbare Tabellennachbarn an. Ende des Monats wird unsere Mannschaft dann wohl eine Tendenz haben, wo die Reise in den n\u00e4chsten Wochen und Monaten hingeht. Hoffen wir auf einen ersten Schritt am Mittwoch, um die richtige Richtung &#8211; n\u00e4mlich nach oben in der Tabelle &#8211; einzuschlagen.\u00a0<\/span><\/p>\n<p><span style=\"color: #000000;\"><strong><a href=\"https:\/\/www.spvgg-quierschied.de\/wp-content\/uploads\/2016\/09\/sv-mettlach.gif\"><img loading=\"lazy\" decoding=\"async\" class=\"alignright size-full wp-image-15813\" src=\"https:\/\/www.spvgg-quierschied.de\/wp-content\/uploads\/2016\/09\/sv-mettlach.gif\" alt=\"\" width=\"100\" height=\"100\" \/><\/a>SVM<\/strong>: Nach vielen Jahren gab es im Sommer eine Ver\u00e4nderung auf der Mettlacher Trainerbank. F\u00fcr Christoph Gl\u00e4sner \u00fcbernahm Holger Klein das Amt des Cheftrainers bei der Elf von der Saarschleife. Klein kam vom FSV Hemmersdorf ins &#8222;Villeroy &amp; Boch Stadion&#8220;. Mit seiner Mannschaft steht Klein derzeit mit 19 Punkten und 21:10 Toren auf einem starken 6. Tabellenplatz. Eine Platzierung, die man nach einer schwachen Runde 17\/18 auch anvisiert hatte. Denn daf\u00fcr wurde sich im Sommer auch entsprechend verst\u00e4rkt. Am vergangenen Sonntag gewann Mettlach zuhause gegen B\u00fcbingen mit 5:1. Gegen unsere Sportvereinigung konnte der SV Mettlach keines der letzten 4 Duelle seit dem Quierschieder Aufstieg gewinnen, ging dabei sogar dreimal als Verlierer vom Platz. Also ein Gegner der uns liegt, was hoffentlich auch am Mittwoch so bleiben wird.\u00a0<\/span><\/p>\n<p><span style=\"color: #000000;\"><strong>Das letzte Spiel<\/strong>: Im Fr\u00fchjahr trafen beide Teams zuletzt aufeinander. <a href=\"https:\/\/www.spvgg-quierschied.de\/?p=19006\" target=\"_blank\" rel=\"noopener\">Die Wambe gewannnen dabei mit 1:0<\/a> in Brotdorf, wo die Partie auf dem Kunstrasen ausgetragen werden musste.\u00a0<\/span><\/p>\n<p><span style=\"color: #000000;\"><strong>Der Schiri:<\/strong> Das Spiel wird geleitet von Matthias Edrich.<\/span><\/p>\n<blockquote>\n<h4 style=\"text-align: center;\"><span style=\"color: #008000;\"><strong>9. Spieltag Bezirksliga Saarbr\u00fccken, Mittwoch 03.10.2018 15:00 Uhr Spvgg Quierschied II &#8211; SC Friedrichsthal<\/strong><\/span><\/h4>\n<\/blockquote>\n<div id=\"attachment_1788\" style=\"width: 110px\" class=\"wp-caption alignleft\"><a href=\"https:\/\/www.spvgg-quierschied.de\/wp-content\/uploads\/2011\/11\/Logo-SC-Friedrichsthal.gif\"><img loading=\"lazy\" decoding=\"async\" aria-describedby=\"caption-attachment-1788\" class=\"size-full wp-image-1788\" src=\"https:\/\/www.spvgg-quierschied.de\/wp-content\/uploads\/2011\/11\/Logo-SC-Friedrichsthal.gif\" alt=\"\" width=\"100\" height=\"100\" \/><\/a><p id=\"caption-attachment-1788\" class=\"wp-caption-text\">Quelle: www.scfriedrichsthal.de<\/p><\/div>\n<p><span style=\"color: #000000;\">Diesen Ausflug nach Hanweiler h\u00e4tte man sich am Sonntag wirklich sparen k\u00f6nnen. Unsere Trainer Yannik Eiler und Markus Woll versuchten, die Spannung gegen den abgeschlagenen Tabellenletzten in der Trainigswoche aufrechtzuhalten und dann erf\u00e4hrt unsere Elf beim Treffpunkt, dass die Gastgeber nur 7 Spieler aufbieten und tats\u00e4chlich trotzdem antreten. Nach einer Stunde und dem Spielstand von 8:0 wurde das Spiel dann abgebrochen, als sich Hanweiler wegen einer Verletzung mit nur noch 6 Spielern auf dem Platz befand. Unser Team hatte keine Wahl und musste nat\u00fcrlich antreten, doch Spa\u00df hat das Spiel keinem gemacht. Sieht man das Positive an dieser Partie, so wurden wenigstens Kr\u00e4fte geschont und kein Spieler hat sich verletzt. Am Mittwoch werden die Derbywochen f\u00fcr unsere 2. Mannschaft eingel\u00e4utet. Doch nicht nur das: Mit Friedrichsthal, H\u00fchnerfeld und Fischbach kommen drei echte Gradmesser auf die Wambe zu. Alle stehen im vorderen Feld der Tabelle und wollen sicher n\u00e4her an die Spitze ran. Der SC Friedrichsthal ging hochambitioniert in die neue Saison, wollte um den Titel mitspielen. Doch nach 8 Spielen (die Partie gegen Fischbach wurde wegen Unwetter abgebrochen), hat die Truppe von Markus Becker und Philipp Kerber bereits 12 Punkte R\u00fcckstand auf Spitzenreiter Fechingen. Am f\u00fcr Quierschied nur 3 Punkte entfernten Tabellenf\u00fchrer will unsere Zweite unbedingt dranbleiben. Daf\u00fcr muss am Mittwoch eine starke Leistung her. Nach vielen schweren Ausf\u00e4llen von Stammspielern kommen die Wambe in dieser Saison vor allem \u00fcber das Kollektiv. Deswegen werden unsere Trainer am Mittwoch ganz genau darauf achten, dass sich eine Elf auf dem Platz befindet, die 90 Minuten alles f\u00fcr den Erfolg gibt. In der vergangenen Saison gewann Quierschied II beide Duelle gegen die &#8222;Thaler&#8220;. <a href=\"https:\/\/www.spvgg-quierschied.de\/?p=18414\" target=\"_blank\" rel=\"noopener\">Das Hinspiel<\/a> mit 3:1, das <a href=\"https:\/\/www.spvgg-quierschied.de\/?p=19370\" target=\"_blank\" rel=\"noopener\">R\u00fcckspiel mit 5:4.\u00a0<\/a><\/span><\/p>\n<p>&nbsp;<\/p>\n","protected":false},"excerpt":{"rendered":"<p>Schon am Mittwoch geht es f\u00fcr unsere Aktiven in ihren Ligen weiter. Unsere 1. Mannschaft bestreitet am Tag der Deutschen Einheit ihr drittes Heimspiel in Folge. Um 17:30 Uhr ist der SV Mettlach zu Gast. Unsere 2. Mannschaft spielt davor&hellip;<\/p>\n<p class=\"more-link-p\"><a class=\"more-link\" href=\"https:\/\/www.spvgg-quierschied.de\/?p=20445\">Read more &rarr;<\/a><\/p>\n","protected":false},"author":4,"featured_media":15813,"comment_status":"closed","ping_status":"closed","sticky":false,"template":"","format":"standard","meta":{"footnotes":""},"categories":[5],"tags":[],"class_list":["post-20445","post","type-post","status-publish","format-standard","has-post-thumbnail","hentry","category-aktive"],"_links":{"self":[{"href":"https:\/\/www.spvgg-quierschied.de\/index.php?rest_route=\/wp\/v2\/posts\/20445","targetHints":{"allow":["GET"]}}],"collection":[{"href":"https:\/\/www.spvgg-quierschied.de\/index.php?rest_route=\/wp\/v2\/posts"}],"about":[{"href":"https:\/\/www.spvgg-quierschied.de\/index.php?rest_route=\/wp\/v2\/types\/post"}],"author":[{"embeddable":true,"href":"https:\/\/www.spvgg-quierschied.de\/index.php?rest_route=\/wp\/v2\/users\/4"}],"replies":[{"embeddable":true,"href":"https:\/\/www.spvgg-quierschied.de\/index.php?rest_route=%2Fwp%2Fv2%2Fcomments&post=20445"}],"version-history":[{"count":11,"href":"https:\/\/www.spvgg-quierschied.de\/index.php?rest_route=\/wp\/v2\/posts\/20445\/revisions"}],"predecessor-version":[{"id":20456,"href":"https:\/\/www.spvgg-quierschied.de\/index.php?rest_route=\/wp\/v2\/posts\/20445\/revisions\/20456"}],"wp:featuredmedia":[{"embeddable":true,"href":"https:\/\/www.spvgg-quierschied.de\/index.php?rest_route=\/wp\/v2\/media\/15813"}],"wp:attachment":[{"href":"https:\/\/www.spvgg-quierschied.de\/index.php?rest_route=%2Fwp%2Fv2%2Fmedia&parent=20445"}],"wp:term":[{"taxonomy":"category","embeddable":true,"href":"https:\/\/www.spvgg-quierschied.de\/index.php?rest_route=%2Fwp%2Fv2%2Fcategories&post=20445"},{"taxonomy":"post_tag","embeddable":true,"href":"https:\/\/www.spvgg-quierschied.de\/index.php?rest_route=%2Fwp%2Fv2%2Ftags&post=20445"}],"curies":[{"name":"wp","href":"https:\/\/api.w.org\/{rel}","templated":true}]}}