{"id":17910,"date":"2017-08-07T09:14:44","date_gmt":"2017-08-07T07:14:44","guid":{"rendered":"http:\/\/www.spvgg-quierschied.de\/?p=17910"},"modified":"2017-08-08T12:40:21","modified_gmt":"2017-08-08T10:40:21","slug":"graetz-schiesst-tuerkiyem-ab","status":"publish","type":"post","link":"https:\/\/www.spvgg-quierschied.de\/?p=17910","title":{"rendered":"Gr\u00e4tz schie\u00dft T\u00fcrkiyem ab"},"content":{"rendered":"<p>Gleich f\u00fcnf Mal traf unser letztj\u00e4hriger Torsch\u00fctzenk\u00f6nig der Bezirksliga Saarbr\u00fccken, Hendrik Gr\u00e4tz, am Sonntag ins Schwarze. Mit seinen Buden hatte der Angreifer gro\u00dfen Aneil am \u00fcberdeutlichen und in der H\u00f6he verdienten 9:0-Sieg unserer Zweiten \u00fcber die G\u00e4ste des FC T\u00fcrkiyem Sulzbach. Zwei Mal durfte sich Amon Gadell in die Torsch\u00fctzenliste eintragen, je ein Mal Markus Woll und Robin Blaser. Unsere Zweite bestimmte die Partie von Beginn an und lie\u00df zu keinem Zeitpunkt Zweifel daran aufkommen, wer den Platz als Sieger verl\u00e4sst. Robin Blaser er\u00f6ffnete den Torreigen bereits in der vierten Minute. Zur Halbzeit stand es bereits 4:0. Gl\u00fcckwunsch an Trainer Thommy und sein Team. So kann es gerne weitergehen! Am Samstag spielt unsere 2. Mannschaft beim ASC Dudweiler. Ansto\u00df ist um 15:30 Uhr.<\/p>\n<div id=\"attachment_17915\" style=\"width: 271px\" class=\"wp-caption aligncenter\"><a href=\"https:\/\/www.spvgg-quierschied.de\/wp-content\/uploads\/2017\/08\/Hendrik-Gr\u00e4tz.jpg\"><img loading=\"lazy\" decoding=\"async\" aria-describedby=\"caption-attachment-17915\" class=\"size-medium wp-image-17915\" src=\"https:\/\/www.spvgg-quierschied.de\/wp-content\/uploads\/2017\/08\/Hendrik-Gr\u00e4tz-261x300.jpg\" alt=\"\" width=\"261\" height=\"300\" srcset=\"https:\/\/www.spvgg-quierschied.de\/wp-content\/uploads\/2017\/08\/Hendrik-Gr\u00e4tz-261x300.jpg 261w, https:\/\/www.spvgg-quierschied.de\/wp-content\/uploads\/2017\/08\/Hendrik-Gr\u00e4tz-768x882.jpg 768w, https:\/\/www.spvgg-quierschied.de\/wp-content\/uploads\/2017\/08\/Hendrik-Gr\u00e4tz-892x1024.jpg 892w, https:\/\/www.spvgg-quierschied.de\/wp-content\/uploads\/2017\/08\/Hendrik-Gr\u00e4tz-560x643.jpg 560w, https:\/\/www.spvgg-quierschied.de\/wp-content\/uploads\/2017\/08\/Hendrik-Gr\u00e4tz-260x299.jpg 260w, https:\/\/www.spvgg-quierschied.de\/wp-content\/uploads\/2017\/08\/Hendrik-Gr\u00e4tz-160x184.jpg 160w, https:\/\/www.spvgg-quierschied.de\/wp-content\/uploads\/2017\/08\/Hendrik-Gr\u00e4tz.jpg 1200w\" sizes=\"auto, (max-width: 261px) 100vw, 261px\" \/><\/a><p id=\"caption-attachment-17915\" class=\"wp-caption-text\">5-facher Torsch\u00fctze zum Auftakt: Hendrik Gr\u00e4tz.<\/p><\/div>\n<p><strong>1.Spieltag Bezirksliga Saarbr\u00fccken So. 06.08.2017 Spvgg Quierschied &#8211; FC T\u00fcrkiyem Sulzbach 9:0 (4:0)<\/strong><\/p>\n<p>Spvgg: Birkelbach, Bauer, Culum, Bernarding, Scheid, Schwartz (62. Schlicker), Allard, Woll (46. Stuppy), Blaser (70. Leinenweber), Gadell, Gr\u00e4tz<\/p>\n<p>T\u00fcrkiyem: Ay, Tokg\u00f6z, Karaeli T., Karaeli S., Dogan, Miftaraj, Can, Ayasli, Dede A., Can, Dede H.<\/p>\n<p>Tore:1:0 Blaser (4.), 2:0 Gr\u00e4tz (10.), 3:0 Woll (21.), 4:0 Gr\u00e4tz (41.), 5:0 Gadell (48.), 6:0 Gr\u00e4tz (75.), 7:0 Gr\u00e4tz (79.), 8:0 Gr\u00e4tz (80.), 9:0 Gadell (86.)<\/p>\n<p>Zuschauer: 150 Schiedsrichter: Claus Weber (Brebach)<\/p>\n","protected":false},"excerpt":{"rendered":"<p>Gleich f\u00fcnf Mal traf unser letztj\u00e4hriger Torsch\u00fctzenk\u00f6nig der Bezirksliga Saarbr\u00fccken, Hendrik Gr\u00e4tz, am Sonntag ins Schwarze. Mit seinen Buden hatte der Angreifer gro\u00dfen Aneil am \u00fcberdeutlichen und in der H\u00f6he verdienten 9:0-Sieg unserer Zweiten \u00fcber die G\u00e4ste des FC T\u00fcrkiyem&hellip;<\/p>\n<p class=\"more-link-p\"><a class=\"more-link\" href=\"https:\/\/www.spvgg-quierschied.de\/?p=17910\">Read more &rarr;<\/a><\/p>\n","protected":false},"author":1,"featured_media":17915,"comment_status":"closed","ping_status":"closed","sticky":false,"template":"","format":"standard","meta":{"footnotes":""},"categories":[9],"tags":[],"class_list":["post-17910","post","type-post","status-publish","format-standard","has-post-thumbnail","hentry","category-2-mannschaft"],"_links":{"self":[{"href":"https:\/\/www.spvgg-quierschied.de\/index.php?rest_route=\/wp\/v2\/posts\/17910","targetHints":{"allow":["GET"]}}],"collection":[{"href":"https:\/\/www.spvgg-quierschied.de\/index.php?rest_route=\/wp\/v2\/posts"}],"about":[{"href":"https:\/\/www.spvgg-quierschied.de\/index.php?rest_route=\/wp\/v2\/types\/post"}],"author":[{"embeddable":true,"href":"https:\/\/www.spvgg-quierschied.de\/index.php?rest_route=\/wp\/v2\/users\/1"}],"replies":[{"embeddable":true,"href":"https:\/\/www.spvgg-quierschied.de\/index.php?rest_route=%2Fwp%2Fv2%2Fcomments&post=17910"}],"version-history":[{"count":5,"href":"https:\/\/www.spvgg-quierschied.de\/index.php?rest_route=\/wp\/v2\/posts\/17910\/revisions"}],"predecessor-version":[{"id":17916,"href":"https:\/\/www.spvgg-quierschied.de\/index.php?rest_route=\/wp\/v2\/posts\/17910\/revisions\/17916"}],"wp:featuredmedia":[{"embeddable":true,"href":"https:\/\/www.spvgg-quierschied.de\/index.php?rest_route=\/wp\/v2\/media\/17915"}],"wp:attachment":[{"href":"https:\/\/www.spvgg-quierschied.de\/index.php?rest_route=%2Fwp%2Fv2%2Fmedia&parent=17910"}],"wp:term":[{"taxonomy":"category","embeddable":true,"href":"https:\/\/www.spvgg-quierschied.de\/index.php?rest_route=%2Fwp%2Fv2%2Fcategories&post=17910"},{"taxonomy":"post_tag","embeddable":true,"href":"https:\/\/www.spvgg-quierschied.de\/index.php?rest_route=%2Fwp%2Fv2%2Ftags&post=17910"}],"curies":[{"name":"wp","href":"https:\/\/api.w.org\/{rel}","templated":true}]}}