{"id":16952,"date":"2017-03-10T13:26:00","date_gmt":"2017-03-10T12:26:00","guid":{"rendered":"http:\/\/www.spvgg-quierschied.de\/?p=16952"},"modified":"2017-03-10T13:54:57","modified_gmt":"2017-03-10T12:54:57","slug":"16952","status":"publish","type":"post","link":"https:\/\/www.spvgg-quierschied.de\/?p=16952","title":{"rendered":"Erste mit Derby in Bildstock &#8211; Auch Zweite und Dritte ausw\u00e4rts gefragt"},"content":{"rendered":"<p><strong><span style=\"color: #000000;\">Am Sonntag steht f\u00fcr die 1. Mannschaft das Ausw\u00e4rtsspiel und Derby beim Nachbarn DJK Bildstock an. Die Partie wird um 15:00 Uhr auf dem &#8222;Sportplatz Kallenberg&#8220; angepfiffen. Unsere 2. Mannschaft f\u00e4hrt zum SC Gro\u00dfrosseln 2, das Spiel wird um 13:15 Uhr angesto\u00dfen. Und unsere 3. Mannschaft gastiert auf dem Saarbr\u00fccker Rodenhof, zum Spiel beim ESV Saarbr\u00fccken (15:00 Uhr).<\/span><\/strong><\/p>\n<p style=\"text-align: left;\"><strong><span style=\"color: #000000;\">23.\u00a0<\/span><span style=\"color: #000000;\">Spieltag Karlsberg Liga Saarland So. 12.03.2017 15:00 Uhr DJK Bildstock \u2013 Spvgg Quierschied\u00a0<a href=\"https:\/\/www.spvgg-quierschied.de\/wp-content\/uploads\/2016\/08\/DJK-WAPPEN.jpg\"><img loading=\"lazy\" decoding=\"async\" class=\"size-full wp-image-15631 alignright\" src=\"https:\/\/www.spvgg-quierschied.de\/wp-content\/uploads\/2016\/08\/DJK-WAPPEN.jpg\" alt=\"\" width=\"145\" height=\"149\" \/><\/a><\/span><\/strong><\/p>\n<p><span style=\"color: #000000;\"><strong>DJK Bildstock:<\/strong> Um die DJK Bildstock gab es zuletzt einige Schlagzeilen. Erst wurde die Spielgemeinschaft in der Jugendabteilung mit Hellas Bildstock gek\u00fcndigt, ehe danach die Meldung \u00fcber Gespr\u00e4che mit dem 1. FC Saarbr\u00fccken aufgekommen war. Diese sprachen mit der DJK \u00fcber eine m\u00f6gliche Zusammenarbeit, um die U23 des 1. FCS wieder h\u00f6herklassig spielen lassen zu k\u00f6nnen. Zumindest in der Jugend hat die DJK eine L\u00f6sung gefunden und geht mit dem SC Friedrichsthal eine neue Spielgemeinschaft ab Sommer 2017 ein. Die 1. Mannschaft lie\u00dfen all diese Schlagzeilen unbeeindruckt. Das so wichtige Auftaktspiel in Siersburg gewannen die Jungs von Trainer Bj\u00f6rn Klos mit 3:1. Am Mittwoch gab es dann eine Niederlage bei der SV Elversberg II, wobei die Bildstocker nicht das schlechtere, eher das ungl\u00fccklichere Team waren. Momentan hat Bildstock 19 Punkte auf dem Konto und rangiert auf Platz 13 der Karlsberg Liga.<\/span><\/p>\n<p><span style=\"color: #000000;\"><strong>Spvgg:<\/strong> Unsere Mannschaft muss nun alle Kr\u00e4fte in Bewegung setzen, um noch aus dem Tabellenkeller herauszukommen. Nat\u00fcrlich hat sich die Lage drastisch verschlechtert, jedoch ist in 11 Spielen noch einiges machbar. Nur: Jetzt muss es losgehen! Um in Reichweite der DJK zu bleiben, m\u00fcssen in Bildstock drei Punkte her. Um den Fans ein echtes Derby zu bieten, sind absoluter Einsatz und Siegeswille gefragt. Die DJK wei\u00df, um was es geht. Auch die Mitkonkurrenten aus Siersburg oder Steinbach wussten das gegen uns. Jetzt sollten auch unsere Jungs die entsprechende Einstellung in diesen wichtigen Duellen auf dem Platz erkennen lassen. In Bildstock werden Trainer Lothar Pesch bis auf den verletzten Philipp Klein alle Spieler zur Verf\u00fcgung stehen. Unser Coach\u00a0hat also einige Varianten parat um auf dem kleinen Bildstocker Kunstrasenplatz 3 Punkte einzufahren. Packe ma\u00b4s an!<\/span><\/p>\n<p><span style=\"color: #000000;\"><strong>Das Hinspiel:<\/strong> <a href=\"https:\/\/www.spvgg-quierschied.de\/?p=15655\" target=\"_blank\">Unsere Elf unterlag im Hinspiel gegen die DJK mit 1:4<\/a>. \u00a0<\/span><\/p>\n<p><span style=\"color: #000000;\"><strong>Wer pfeift?<\/strong> Schiedsrichter ist Carsten Schyma.<\/span><\/p>\n<hr \/>\n<h3 style=\"text-align: center;\"><span style=\"color: #000000;\">Zweite in &#8222;Rosseln&#8220; &#8211; Dritte auf dem Rodenhof<\/span><\/h3>\n<p><strong><span style=\"color: #000000;\">19.\u00a0<\/span><span style=\"color: #000000;\">Spieltag Bezirksliga Saarbr\u00fccken, So. 12.03.2017 13:15 Uhr SC Gro\u00dfrosseln 2 \u2013 Spvgg Quierschied 2\u00a0<\/span><\/strong><\/p>\n<div id=\"attachment_9728\" style=\"width: 206px\" class=\"wp-caption alignright\"><a href=\"https:\/\/www.spvgg-quierschied.de\/wp-content\/uploads\/2014\/09\/Wappen-SC-Gro\u00dfrosseln.jpg\"><img loading=\"lazy\" decoding=\"async\" aria-describedby=\"caption-attachment-9728\" class=\"size-full wp-image-9728\" src=\"https:\/\/www.spvgg-quierschied.de\/wp-content\/uploads\/2014\/09\/Wappen-SC-Gro\u00dfrosseln.jpg\" alt=\"\" width=\"196\" height=\"200\" \/><\/a><p id=\"caption-attachment-9728\" class=\"wp-caption-text\">Quelle: Verein<\/p><\/div>\n<p><span style=\"color: #000000;\">Unsere Zweite tritt bei der Verbandsliga-Reserve des SC Gro\u00dfrosseln an. Die Heimelf von Trainer Jan Oberbillig steht auf dem 5. Platz der Bezirksliga Saarbr\u00fccken. Schon 8 Punkte hat seine Mannschaft R\u00fcckstand auf unsere Wambe, die nach wie vor auf dem 4. Platz stehen. Diesen Vorsprung wollen unsere Kicker unbedingt verteidigen und bestm\u00f6glich ausbauen. Das Spiel gegen Altenwald wurde aufgearbeitet. Zwar werden unseren Coaches Tommy Nawrath\/Sebastian Zenner erneut Spieler des erweiterten Kaders der Ersten zur\u00fcckgreifen, doch beide wollen auch eine \u201eeingespielte Elf\u201c ins Rennen schicken. <a href=\"https:\/\/www.spvgg-quierschied.de\/?p=15671\" target=\"_blank\">Im Hinspiel unterlag die Spvgg dem SCG mit 1:2<\/a>. Ausgetragen wird das Spiel auf dem ungewohnten Hartplatz auf dem Sportplatz \u201ezur Nachtweide, 66352 Gro\u00dfrosseln\u201c.<\/span><\/p>\n<p><strong><span style=\"color: #000000;\">19. Spieltag KL A S\u00fcdwest, So. 12.03.2017 15:00 Uhr ESV Saarbr\u00fccken \u2013 Spvgg Quierschied 3<\/span><\/strong><\/p>\n<div id=\"attachment_7004\" style=\"width: 110px\" class=\"wp-caption alignleft\"><a href=\"https:\/\/www.spvgg-quierschied.de\/wp-content\/uploads\/2013\/08\/Logo-ESV-Saarbr\u00fccken.gif\"><img loading=\"lazy\" decoding=\"async\" aria-describedby=\"caption-attachment-7004\" class=\"size-full wp-image-7004\" src=\"https:\/\/www.spvgg-quierschied.de\/wp-content\/uploads\/2013\/08\/Logo-ESV-Saarbr\u00fccken.gif\" alt=\"\" width=\"100\" height=\"100\" \/><\/a><p id=\"caption-attachment-7004\" class=\"wp-caption-text\">Quelle: www.fussball-im-verein.de\/wappen\/20530.gif<\/p><\/div>\n<p><span style=\"color: #000000;\">Unsere Dritte musste ebenso wie unsere Zweite am Sonntag eine empfindliche Niederlage einstecken. Die war verdient, aber zu hoch. Denn zwischenzeitlich war auch unsere Elf gut im Spiel, lie\u00df aber die Durchschlagskraft vermissen. Beim ESV muss am Sonntag eine Schippe draufgelegt werden um dann auch die entscheidenden Tore f\u00fcr einen Sieg zu erzielen. Aufgrund der Parallelspiele der Ersten &amp; Zweiten muss man abwarten wer auf dem Hartplatz Rodenhof auflaufen kann. <a href=\"https:\/\/www.spvgg-quierschied.de\/?p=15657\" target=\"_blank\">Im Hinspiel gewann unsere Mannschaft mit 7:0<\/a>.<\/span><\/p>\n<p>&nbsp;<\/p>\n","protected":false},"excerpt":{"rendered":"<p>Am Sonntag steht f\u00fcr die 1. Mannschaft das Ausw\u00e4rtsspiel und Derby beim Nachbarn DJK Bildstock an. Die Partie wird um 15:00 Uhr auf dem &#8222;Sportplatz Kallenberg&#8220; angepfiffen. Unsere 2. Mannschaft f\u00e4hrt zum SC Gro\u00dfrosseln 2, das Spiel wird um 13:15&hellip;<\/p>\n<p class=\"more-link-p\"><a class=\"more-link\" href=\"https:\/\/www.spvgg-quierschied.de\/?p=16952\">Read more &rarr;<\/a><\/p>\n","protected":false},"author":4,"featured_media":15631,"comment_status":"closed","ping_status":"closed","sticky":false,"template":"","format":"standard","meta":{"footnotes":""},"categories":[5],"tags":[],"class_list":["post-16952","post","type-post","status-publish","format-standard","has-post-thumbnail","hentry","category-aktive"],"_links":{"self":[{"href":"https:\/\/www.spvgg-quierschied.de\/index.php?rest_route=\/wp\/v2\/posts\/16952","targetHints":{"allow":["GET"]}}],"collection":[{"href":"https:\/\/www.spvgg-quierschied.de\/index.php?rest_route=\/wp\/v2\/posts"}],"about":[{"href":"https:\/\/www.spvgg-quierschied.de\/index.php?rest_route=\/wp\/v2\/types\/post"}],"author":[{"embeddable":true,"href":"https:\/\/www.spvgg-quierschied.de\/index.php?rest_route=\/wp\/v2\/users\/4"}],"replies":[{"embeddable":true,"href":"https:\/\/www.spvgg-quierschied.de\/index.php?rest_route=%2Fwp%2Fv2%2Fcomments&post=16952"}],"version-history":[{"count":10,"href":"https:\/\/www.spvgg-quierschied.de\/index.php?rest_route=\/wp\/v2\/posts\/16952\/revisions"}],"predecessor-version":[{"id":16955,"href":"https:\/\/www.spvgg-quierschied.de\/index.php?rest_route=\/wp\/v2\/posts\/16952\/revisions\/16955"}],"wp:featuredmedia":[{"embeddable":true,"href":"https:\/\/www.spvgg-quierschied.de\/index.php?rest_route=\/wp\/v2\/media\/15631"}],"wp:attachment":[{"href":"https:\/\/www.spvgg-quierschied.de\/index.php?rest_route=%2Fwp%2Fv2%2Fmedia&parent=16952"}],"wp:term":[{"taxonomy":"category","embeddable":true,"href":"https:\/\/www.spvgg-quierschied.de\/index.php?rest_route=%2Fwp%2Fv2%2Fcategories&post=16952"},{"taxonomy":"post_tag","embeddable":true,"href":"https:\/\/www.spvgg-quierschied.de\/index.php?rest_route=%2Fwp%2Fv2%2Ftags&post=16952"}],"curies":[{"name":"wp","href":"https:\/\/api.w.org\/{rel}","templated":true}]}}