{"id":16893,"date":"2017-03-06T09:03:46","date_gmt":"2017-03-06T08:03:46","guid":{"rendered":"http:\/\/www.spvgg-quierschied.de\/?p=16893"},"modified":"2017-03-06T13:04:20","modified_gmt":"2017-03-06T12:04:20","slug":"schwache-vorstellung-gegen-starken-gegner","status":"publish","type":"post","link":"https:\/\/www.spvgg-quierschied.de\/?p=16893","title":{"rendered":"Schwache Vorstellung gegen starken Gegner"},"content":{"rendered":"<p><strong>Das erste Saisonspiel nach der Wintervorbereitung verlief f\u00fcr die zweite Mannschaft unserer Sportvereinigung denkbar ung\u00fcnstig. Sie unterlag im Derby und gleichzeitig dem Spitzenspiel der Bezirksliga mit 4:1.<\/strong><\/p>\n<p>Wie es nur zu oft der Fall ist bei gro\u00dfen Spielen, blieb das Geschehen auf dem Platz zun\u00e4chst hinter den hohen Erwartungen der fast 100 Zuschauer zur\u00fcck. Altenwald agierte zun\u00e4chst eher passiv und konzentrierte sich auf das Verteidigen. Dabei fehlten unserer Truppe die Ideen, den Abwehrverbund der Gegner aufzul\u00f6sen. Auf dem rutschigen Untergrund wurden sehr viele lange B\u00e4lle gespielt, die nur sehr selten bei dem Mitspieler ankamen. Nur einmal konnte sich Erstmannschafts-Leihgabe Mexhid Kadrija gegen zwei Gegenspieler durchsetzen. Sein Fernschuss wurde aber vom Torwart Dirc Becker zur Ecke abgewehrt.<br \/>\nNach knapp 15 Minuten kam Altenwald das erste Mal gef\u00e4hrlich vors Tor und konnte direkt \u201eeinnetzen\u201c. Nach einem Querschl\u00e4ger in der Quierschieder Abwehrkette und einem Steilpass des Gegners konnte ein Altenwalder Angreifer abschlie\u00dfen. Dennis Eickhoff parierte zwar, war aber gegen den Nachschuss des freistehenden St\u00fcrmers machtlos. Nach dem Gegentreffer wirkte unsere Mannschaft geschockt und es lief nur noch wenig zusammen. Altenwald kam nun immer besser ins Spiel, allerdings ohne sich wirklich zwingende Torchancen zu erspielen. So pl\u00e4tscherte die Partie dahin. Als alle schon mit dem Halbzeitpfiff des Schiedsrichters rechneten, wurde der Eintracht ein Freisto\u00df knapp hinter der Mittellinie zugesprochen. Unsere Hintermannschaft erwartete eine Flanke vor das Tor, weshalb sich fast alle Feldspieler auf der H\u00f6he des Strafraums eingefunden hatten. Die Flanke kam auch &#8211; allerdings \u00fcber Umwege: Abgef\u00e4lscht und in hohem Bogen flog der Ball in den Straftraum und keiner der Quierschieder Akteure bewegte sich zum Ball. Einzig der Altenwalder Torsch\u00fctze, der das Spielger\u00e4t \u00fcber den zu sp\u00e4t herausgeeilten Eickhoff k\u00f6pfte.<\/p>\n<p>In der Halbzeit wurde Jan-Erik Schlicker verletzungsbedingt durch Thuliv Leo ersetzt. Nach dem sehr bescheiden Auftritt aus der ersten H\u00e4lfte hatte unsere Mannschaft einiges gutzumachen, bekam aber fast direkt nach dem Wiederangriff erneut einen herben D\u00e4mpfer: Nach einer Ecke, die nicht richtig gekl\u00e4rt wurde, staubte ein Altenwalder Angreifer zum 3:0 ab. Nun versuchte unsere Mannschaft durch den Kampf wieder ins Spiel zu finden: Zuerst war es wieder \u201eMeggi\u201c, der mit einem Fernschuss am Pfosten scheiterte. Wenig sp\u00e4ter hatte er mehr Gl\u00fcck: Nach eine Flanke von Thuliv Leo legte Hendrik Gr\u00e4tz auf Kadrija ab, der den verdienten Treffer zum 1:3 markierte. Der Aufschwung, den der Treffer entfachte, wurde nur zwei Minuten sp\u00e4ter durch das 1:4 wieder zunichte gemacht.<\/p>\n<p>Am n\u00e4chsten Sonntag geht es schon um 13:15 bei der zweiten Garnitur von Gro\u00dfrosseln weiter. Um die Elf von Trainer Jan Oberbillig weiter in der Tabelle auf Distanz zu halten, muss eine erhebliche Leistungssteigerung her.<\/p>\n<p>Spvgg. Quierschied II: Eickhoff, Schlicker (46. Leo T.), Eiler, Bernarding, Schwartz (78. Leo D.), Maurer, Scheid, Schaum D., Kadrija, No\u00df N. (60. Gr\u00e4tz), Bender<br \/>\nAltenwald: Becker, Schneider, Lothsch\u00fctz, Jolly, Simonetta (35. Ulrich), Pa\u00df, Quinten (69. Bentivegna), Laino, Mergen (69. La Marca) , Allegrotti, Mehmedovic<br \/>\nTore: 1:0 13. Mehmedovic, 2:0 45+1. Pa\u00df, 3:0 49. Pa\u00df, 3:1 70. Kadrija, 4:1 72. Mehmedovic<\/p>\n<p>Zuschauer: 100<\/p>\n","protected":false},"excerpt":{"rendered":"<p>Das erste Saisonspiel nach der Wintervorbereitung verlief f\u00fcr die zweite Mannschaft unserer Sportvereinigung denkbar ung\u00fcnstig. Sie unterlag im Derby und gleichzeitig dem Spitzenspiel der Bezirksliga mit 4:1. Wie es nur zu oft der Fall ist bei gro\u00dfen Spielen, blieb das&hellip;<\/p>\n<p class=\"more-link-p\"><a class=\"more-link\" href=\"https:\/\/www.spvgg-quierschied.de\/?p=16893\">Read more &rarr;<\/a><\/p>\n","protected":false},"author":10,"featured_media":0,"comment_status":"closed","ping_status":"closed","sticky":false,"template":"","format":"standard","meta":{"footnotes":""},"categories":[9],"tags":[],"class_list":["post-16893","post","type-post","status-publish","format-standard","hentry","category-2-mannschaft"],"_links":{"self":[{"href":"https:\/\/www.spvgg-quierschied.de\/index.php?rest_route=\/wp\/v2\/posts\/16893","targetHints":{"allow":["GET"]}}],"collection":[{"href":"https:\/\/www.spvgg-quierschied.de\/index.php?rest_route=\/wp\/v2\/posts"}],"about":[{"href":"https:\/\/www.spvgg-quierschied.de\/index.php?rest_route=\/wp\/v2\/types\/post"}],"author":[{"embeddable":true,"href":"https:\/\/www.spvgg-quierschied.de\/index.php?rest_route=\/wp\/v2\/users\/10"}],"replies":[{"embeddable":true,"href":"https:\/\/www.spvgg-quierschied.de\/index.php?rest_route=%2Fwp%2Fv2%2Fcomments&post=16893"}],"version-history":[{"count":1,"href":"https:\/\/www.spvgg-quierschied.de\/index.php?rest_route=\/wp\/v2\/posts\/16893\/revisions"}],"predecessor-version":[{"id":16894,"href":"https:\/\/www.spvgg-quierschied.de\/index.php?rest_route=\/wp\/v2\/posts\/16893\/revisions\/16894"}],"wp:attachment":[{"href":"https:\/\/www.spvgg-quierschied.de\/index.php?rest_route=%2Fwp%2Fv2%2Fmedia&parent=16893"}],"wp:term":[{"taxonomy":"category","embeddable":true,"href":"https:\/\/www.spvgg-quierschied.de\/index.php?rest_route=%2Fwp%2Fv2%2Fcategories&post=16893"},{"taxonomy":"post_tag","embeddable":true,"href":"https:\/\/www.spvgg-quierschied.de\/index.php?rest_route=%2Fwp%2Fv2%2Ftags&post=16893"}],"curies":[{"name":"wp","href":"https:\/\/api.w.org\/{rel}","templated":true}]}}