{"id":16845,"date":"2017-02-24T12:07:03","date_gmt":"2017-02-24T11:07:03","guid":{"rendered":"http:\/\/www.spvgg-quierschied.de\/?p=16845"},"modified":"2017-02-24T14:45:19","modified_gmt":"2017-02-24T13:45:19","slug":"mitgliederversammlung-der-vorsitzende-bleibt-fuenf-neue-kommen-dazu","status":"publish","type":"post","link":"https:\/\/www.spvgg-quierschied.de\/?p=16845","title":{"rendered":"Mitgliederversammlung: Der Vorsitzende bleibt, f\u00fcnf Neue kommen dazu"},"content":{"rendered":"<p>Die turnusgem\u00e4\u00dfe Mitgliederversammlung vom 21. Februar verlief ohne gro\u00dfe \u00dcberraschungen. 1. Vorsitzender bleibt Patric Schmidt. Der bedankte sich bei allen Vorstandsmitgliedern f\u00fcr ihr Engagement \u2013 allen voran bei Edwin Fernsner, der nach rund zehn Jahren sein Amt als Jugendleiter zur Verf\u00fcgung stellte, dem Vorstand und der Jugendabteilung aber als Beisitzer erhalten bleibt. Ebenfalls dankte Schmidt dem ausgeschiedenen Thomas H\u00e4ck f\u00fcr sein Engagement. Neu im Vorstand sind Armin Wagner (Leiter Organisation) und die Beisitzer Jan-Erik Schlicker, Christian Meiser, Dennis Eickhoff und Bernd Maurer.<\/p>\n<p>Hier geht&#8217;s zu unserer kompletten <a href=\"https:\/\/www.spvgg-quierschied.de\/?page_id=2\">Vorstands-Zusammensetzung<\/a>.<\/p>\n","protected":false},"excerpt":{"rendered":"<p>Die turnusgem\u00e4\u00dfe Mitgliederversammlung vom 21. Februar verlief ohne gro\u00dfe \u00dcberraschungen. 1. Vorsitzender bleibt Patric Schmidt. Der bedankte sich bei allen Vorstandsmitgliedern f\u00fcr ihr Engagement \u2013 allen voran bei Edwin Fernsner, der nach rund zehn Jahren sein Amt als Jugendleiter zur&hellip;<\/p>\n<p class=\"more-link-p\"><a class=\"more-link\" href=\"https:\/\/www.spvgg-quierschied.de\/?p=16845\">Read more &rarr;<\/a><\/p>\n","protected":false},"author":1,"featured_media":0,"comment_status":"closed","ping_status":"closed","sticky":false,"template":"","format":"standard","meta":{"footnotes":""},"categories":[7],"tags":[],"class_list":["post-16845","post","type-post","status-publish","format-standard","hentry","category-vorstand"],"_links":{"self":[{"href":"https:\/\/www.spvgg-quierschied.de\/index.php?rest_route=\/wp\/v2\/posts\/16845","targetHints":{"allow":["GET"]}}],"collection":[{"href":"https:\/\/www.spvgg-quierschied.de\/index.php?rest_route=\/wp\/v2\/posts"}],"about":[{"href":"https:\/\/www.spvgg-quierschied.de\/index.php?rest_route=\/wp\/v2\/types\/post"}],"author":[{"embeddable":true,"href":"https:\/\/www.spvgg-quierschied.de\/index.php?rest_route=\/wp\/v2\/users\/1"}],"replies":[{"embeddable":true,"href":"https:\/\/www.spvgg-quierschied.de\/index.php?rest_route=%2Fwp%2Fv2%2Fcomments&post=16845"}],"version-history":[{"count":4,"href":"https:\/\/www.spvgg-quierschied.de\/index.php?rest_route=\/wp\/v2\/posts\/16845\/revisions"}],"predecessor-version":[{"id":16857,"href":"https:\/\/www.spvgg-quierschied.de\/index.php?rest_route=\/wp\/v2\/posts\/16845\/revisions\/16857"}],"wp:attachment":[{"href":"https:\/\/www.spvgg-quierschied.de\/index.php?rest_route=%2Fwp%2Fv2%2Fmedia&parent=16845"}],"wp:term":[{"taxonomy":"category","embeddable":true,"href":"https:\/\/www.spvgg-quierschied.de\/index.php?rest_route=%2Fwp%2Fv2%2Fcategories&post=16845"},{"taxonomy":"post_tag","embeddable":true,"href":"https:\/\/www.spvgg-quierschied.de\/index.php?rest_route=%2Fwp%2Fv2%2Ftags&post=16845"}],"curies":[{"name":"wp","href":"https:\/\/api.w.org\/{rel}","templated":true}]}}