{"id":16843,"date":"2017-02-24T12:08:19","date_gmt":"2017-02-24T11:08:19","guid":{"rendered":"http:\/\/www.spvgg-quierschied.de\/?p=16843"},"modified":"2017-02-24T14:43:53","modified_gmt":"2017-02-24T13:43:53","slug":"lothar-pesch-bleibt-quierschder-auch-ein-leistungstraeger-hat-verlaengert","status":"publish","type":"post","link":"https:\/\/www.spvgg-quierschied.de\/?p=16843","title":{"rendered":"Lothar Pesch bleibt Quierschder! Auch ein Leistungstr\u00e4ger hat verl\u00e4ngert"},"content":{"rendered":"<p>Positive Signale vom Franzenhaus: Trainer Lothar Pesch und Leistungstr\u00e4ger Mexhid Kadrija haben ihre Vertr\u00e4ge mit der Spvgg. Quierschied verl\u00e4ngert! Beide bleiben dem Verein treu \u2013 egal, ob unsere Mannschaft in der kommenden Saison in der Saarlandliga oder der Verbandsliga spielt. Das gilt auch f\u00fcr Yannick Schneider, der ebenfalls in der kommenden Saison das Quierschieder Trikot tragen wird. Der Trainervertrag l\u00e4uft bis Sommer 2018, \u201eMeggi\u201c Kadrija hat sogar f\u00fcr die n\u00e4chsten zwei Jahre zugesagt. Die Gespr\u00e4che mit allen Spielern der Saarlandligamannschaft laufen derzeit auf Hochtouren. Wir arbeiten intensiv daran, dass in naher Zukunft weitere positive Nachrichten zu vermelden sind!<\/p>\n<div id=\"attachment_16751\" style=\"width: 210px\" class=\"wp-caption alignleft\"><a href=\"https:\/\/www.spvgg-quierschied.de\/wp-content\/uploads\/2017\/02\/Hallenmasters-2017-Guido-M\u00fcller-19.jpg\"><img loading=\"lazy\" decoding=\"async\" aria-describedby=\"caption-attachment-16751\" class=\"size-medium wp-image-16751\" src=\"https:\/\/www.spvgg-quierschied.de\/wp-content\/uploads\/2017\/02\/Hallenmasters-2017-Guido-M\u00fcller-19-200x300.jpg\" alt=\"\" width=\"200\" height=\"300\" srcset=\"https:\/\/www.spvgg-quierschied.de\/wp-content\/uploads\/2017\/02\/Hallenmasters-2017-Guido-M\u00fcller-19-200x300.jpg 200w, https:\/\/www.spvgg-quierschied.de\/wp-content\/uploads\/2017\/02\/Hallenmasters-2017-Guido-M\u00fcller-19-260x390.jpg 260w, https:\/\/www.spvgg-quierschied.de\/wp-content\/uploads\/2017\/02\/Hallenmasters-2017-Guido-M\u00fcller-19-160x240.jpg 160w, https:\/\/www.spvgg-quierschied.de\/wp-content\/uploads\/2017\/02\/Hallenmasters-2017-Guido-M\u00fcller-19.jpg 400w\" sizes=\"auto, (max-width: 200px) 100vw, 200px\" \/><\/a><p id=\"caption-attachment-16751\" class=\"wp-caption-text\">Foto: Guido M\u00fcller.<\/p><\/div>\n<p><a href=\"https:\/\/www.spvgg-quierschied.de\/wp-content\/uploads\/2017\/02\/Kadrija.jpg\"><img loading=\"lazy\" decoding=\"async\" class=\"alignnone size-medium wp-image-16850\" src=\"https:\/\/www.spvgg-quierschied.de\/wp-content\/uploads\/2017\/02\/Kadrija-300x300.jpg\" alt=\"\" width=\"300\" height=\"300\" srcset=\"https:\/\/www.spvgg-quierschied.de\/wp-content\/uploads\/2017\/02\/Kadrija-300x300.jpg 300w, https:\/\/www.spvgg-quierschied.de\/wp-content\/uploads\/2017\/02\/Kadrija-150x150.jpg 150w, https:\/\/www.spvgg-quierschied.de\/wp-content\/uploads\/2017\/02\/Kadrija-768x767.jpg 768w, https:\/\/www.spvgg-quierschied.de\/wp-content\/uploads\/2017\/02\/Kadrija-560x559.jpg 560w, https:\/\/www.spvgg-quierschied.de\/wp-content\/uploads\/2017\/02\/Kadrija-260x260.jpg 260w, https:\/\/www.spvgg-quierschied.de\/wp-content\/uploads\/2017\/02\/Kadrija-160x160.jpg 160w, https:\/\/www.spvgg-quierschied.de\/wp-content\/uploads\/2017\/02\/Kadrija.jpg 960w\" sizes=\"auto, (max-width: 300px) 100vw, 300px\" \/><\/a> <a href=\"https:\/\/www.spvgg-quierschied.de\/wp-content\/uploads\/2017\/02\/Schneider.jpg\"><img loading=\"lazy\" decoding=\"async\" class=\"alignnone size-medium wp-image-16851\" src=\"https:\/\/www.spvgg-quierschied.de\/wp-content\/uploads\/2017\/02\/Schneider-210x300.jpg\" alt=\"\" width=\"210\" height=\"300\" srcset=\"https:\/\/www.spvgg-quierschied.de\/wp-content\/uploads\/2017\/02\/Schneider-210x300.jpg 210w, https:\/\/www.spvgg-quierschied.de\/wp-content\/uploads\/2017\/02\/Schneider-560x800.jpg 560w, https:\/\/www.spvgg-quierschied.de\/wp-content\/uploads\/2017\/02\/Schneider-260x371.jpg 260w, https:\/\/www.spvgg-quierschied.de\/wp-content\/uploads\/2017\/02\/Schneider-160x229.jpg 160w, https:\/\/www.spvgg-quierschied.de\/wp-content\/uploads\/2017\/02\/Schneider.jpg 672w\" sizes=\"auto, (max-width: 210px) 100vw, 210px\" \/><\/a><\/p>\n","protected":false},"excerpt":{"rendered":"<p>Positive Signale vom Franzenhaus: Trainer Lothar Pesch und Leistungstr\u00e4ger Mexhid Kadrija haben ihre Vertr\u00e4ge mit der Spvgg. Quierschied verl\u00e4ngert! Beide bleiben dem Verein treu \u2013 egal, ob unsere Mannschaft in der kommenden Saison in der Saarlandliga oder der Verbandsliga spielt.&hellip;<\/p>\n<p class=\"more-link-p\"><a class=\"more-link\" href=\"https:\/\/www.spvgg-quierschied.de\/?p=16843\">Read more &rarr;<\/a><\/p>\n","protected":false},"author":1,"featured_media":16751,"comment_status":"closed","ping_status":"closed","sticky":false,"template":"","format":"standard","meta":{"footnotes":""},"categories":[7],"tags":[],"class_list":["post-16843","post","type-post","status-publish","format-standard","has-post-thumbnail","hentry","category-vorstand"],"_links":{"self":[{"href":"https:\/\/www.spvgg-quierschied.de\/index.php?rest_route=\/wp\/v2\/posts\/16843","targetHints":{"allow":["GET"]}}],"collection":[{"href":"https:\/\/www.spvgg-quierschied.de\/index.php?rest_route=\/wp\/v2\/posts"}],"about":[{"href":"https:\/\/www.spvgg-quierschied.de\/index.php?rest_route=\/wp\/v2\/types\/post"}],"author":[{"embeddable":true,"href":"https:\/\/www.spvgg-quierschied.de\/index.php?rest_route=\/wp\/v2\/users\/1"}],"replies":[{"embeddable":true,"href":"https:\/\/www.spvgg-quierschied.de\/index.php?rest_route=%2Fwp%2Fv2%2Fcomments&post=16843"}],"version-history":[{"count":5,"href":"https:\/\/www.spvgg-quierschied.de\/index.php?rest_route=\/wp\/v2\/posts\/16843\/revisions"}],"predecessor-version":[{"id":16855,"href":"https:\/\/www.spvgg-quierschied.de\/index.php?rest_route=\/wp\/v2\/posts\/16843\/revisions\/16855"}],"wp:featuredmedia":[{"embeddable":true,"href":"https:\/\/www.spvgg-quierschied.de\/index.php?rest_route=\/wp\/v2\/media\/16751"}],"wp:attachment":[{"href":"https:\/\/www.spvgg-quierschied.de\/index.php?rest_route=%2Fwp%2Fv2%2Fmedia&parent=16843"}],"wp:term":[{"taxonomy":"category","embeddable":true,"href":"https:\/\/www.spvgg-quierschied.de\/index.php?rest_route=%2Fwp%2Fv2%2Fcategories&post=16843"},{"taxonomy":"post_tag","embeddable":true,"href":"https:\/\/www.spvgg-quierschied.de\/index.php?rest_route=%2Fwp%2Fv2%2Ftags&post=16843"}],"curies":[{"name":"wp","href":"https:\/\/api.w.org\/{rel}","templated":true}]}}