{"id":16838,"date":"2017-02-19T11:31:55","date_gmt":"2017-02-19T10:31:55","guid":{"rendered":"http:\/\/www.spvgg-quierschied.de\/?p=16838"},"modified":"2017-02-21T17:32:28","modified_gmt":"2017-02-21T16:32:28","slug":"schwacher-test-13-gegen-ufc-wacker","status":"publish","type":"post","link":"https:\/\/www.spvgg-quierschied.de\/?p=16838","title":{"rendered":"Schwacher Test: 1:3 gegen UFC Wacker"},"content":{"rendered":"<p>Unsere Dritte war am Samstag die einzige Quierschieder Aktivenmannschaft, die verloren hat. Dabei ging das Team von Sebastian Zenner und Thommy Nawrath mit 1:0 in F\u00fchrung. Am Ende siegte der UFC Wacker mit 3:1.<\/p>\n<p>Vielleicht fiel das 1:0 durch Andreas Breier in der 17. Minute etwas zu fr\u00fch. Allerdings gab es schon vor dem Kopfballtreffer, den Christian Meiser per Eckball vorlegte, zahlreiche Einschussm\u00f6glichkeiten. Auch danach gab es reichlich Torchancen, die jedoch allesamt teilweise kl\u00e4glich vergeben wurden. Alleine Ismar Avdic und Marco Di Napoli h\u00e4tten das Spiel bis zur Pause locker entscheidn k\u00f6nnen. Aber sie trafen nicht.<\/p>\n<p>So kam es, wie es kommen musste: Nach dem Seitenwechsel kassierte unsere Heimelf nach einem Ballverlust w\u00e4hrend des Spielaufbaus den 1:1-Ausgleich. Statt an die gute Vorstellung des ersten Durchgangs anzukn\u00fcpfen, verlor sich das Team in zahlreichen, teils haarstr\u00e4ubenden trechnischen Fehlern und Fehlp\u00e4ssen. Eine dieser Situationen nutzten die G\u00e4ste zur 2:1-F\u00fchrung. Der 3:1-Endstand fiel durch einen \u00e4u\u00dferst fragw\u00fcrdigen Elfmeter\u00a0 &#8211; was nicht in die Bewertung dieses schwachen Testspiels einflie\u00dft. Das macht es allerdings auch nicht besser.<\/p>\n<p>Um ihre Tabellenposition in der Kreisliga A zu halten oder gar zu verbessern, muss die Dritte schnellstm\u00f6glich eine Schippe drauflegen. Vor allem in Sachen Trainingsbesuch.<\/p>\n","protected":false},"excerpt":{"rendered":"<p>Unsere Dritte war am Samstag die einzige Quierschieder Aktivenmannschaft, die verloren hat. Dabei ging das Team von Sebastian Zenner und Thommy Nawrath mit 1:0 in F\u00fchrung. Am Ende siegte der UFC Wacker mit 3:1. Vielleicht fiel das 1:0 durch Andreas&hellip;<\/p>\n<p class=\"more-link-p\"><a class=\"more-link\" href=\"https:\/\/www.spvgg-quierschied.de\/?p=16838\">Read more &rarr;<\/a><\/p>\n","protected":false},"author":1,"featured_media":0,"comment_status":"closed","ping_status":"closed","sticky":false,"template":"","format":"standard","meta":{"footnotes":""},"categories":[10],"tags":[],"class_list":["post-16838","post","type-post","status-publish","format-standard","hentry","category-3-mannschaft"],"_links":{"self":[{"href":"https:\/\/www.spvgg-quierschied.de\/index.php?rest_route=\/wp\/v2\/posts\/16838","targetHints":{"allow":["GET"]}}],"collection":[{"href":"https:\/\/www.spvgg-quierschied.de\/index.php?rest_route=\/wp\/v2\/posts"}],"about":[{"href":"https:\/\/www.spvgg-quierschied.de\/index.php?rest_route=\/wp\/v2\/types\/post"}],"author":[{"embeddable":true,"href":"https:\/\/www.spvgg-quierschied.de\/index.php?rest_route=\/wp\/v2\/users\/1"}],"replies":[{"embeddable":true,"href":"https:\/\/www.spvgg-quierschied.de\/index.php?rest_route=%2Fwp%2Fv2%2Fcomments&post=16838"}],"version-history":[{"count":1,"href":"https:\/\/www.spvgg-quierschied.de\/index.php?rest_route=\/wp\/v2\/posts\/16838\/revisions"}],"predecessor-version":[{"id":16839,"href":"https:\/\/www.spvgg-quierschied.de\/index.php?rest_route=\/wp\/v2\/posts\/16838\/revisions\/16839"}],"wp:attachment":[{"href":"https:\/\/www.spvgg-quierschied.de\/index.php?rest_route=%2Fwp%2Fv2%2Fmedia&parent=16838"}],"wp:term":[{"taxonomy":"category","embeddable":true,"href":"https:\/\/www.spvgg-quierschied.de\/index.php?rest_route=%2Fwp%2Fv2%2Fcategories&post=16838"},{"taxonomy":"post_tag","embeddable":true,"href":"https:\/\/www.spvgg-quierschied.de\/index.php?rest_route=%2Fwp%2Fv2%2Ftags&post=16838"}],"curies":[{"name":"wp","href":"https:\/\/api.w.org\/{rel}","templated":true}]}}