{"id":16723,"date":"2017-02-09T10:28:03","date_gmt":"2017-02-09T09:28:03","guid":{"rendered":"http:\/\/www.spvgg-quierschied.de\/?p=16723"},"modified":"2017-02-10T11:11:24","modified_gmt":"2017-02-10T10:11:24","slug":"ein-tag-fuer-die-ewigkeit","status":"publish","type":"post","link":"https:\/\/www.spvgg-quierschied.de\/?p=16723","title":{"rendered":"Ein Tag f\u00fcr die Ewigkeit"},"content":{"rendered":"<p><span style=\"color: #000000;\">Diesen Tag werden wir nie vergessen! Am vergangenen Sonntag nahm unsere Sportvereinigung Quierschied zum zweiten Mal nach 1993 am Volksbanken-Hallenmasters des Saarl\u00e4ndischen Fu\u00dfballverbandes teil. Es war die 25. Auflage des beliebten Hallenspektakels. 3400 Zuschauer kamen in die Saarlandhalle und erlebten ein vom SV Gersweiler perfekt organisiertes Turnier. F\u00fcr viele Wambe-Fans begann der Tag schon ab 9:30 Uhr mit einer Einstimmung im Gasthaus \u201eTante Emma\u201c. Von dort aus starteten zwei Fanbusse in Richtung Landeshauptstadt. In der Saarlandhalle fanden sich dann zahlreiche Quierschieder Fans, ausgestattet mit wei\u00dfen Shirts und dem Aufdruck \u201eWambe. Halle. Zusamme.\u201c ein. 300 Tickets konnte unsere Sportvereinigung an ihre Fans ausgeben, zwischen 50 und 100 konnten sich wohl doch noch anderwertig versorgen. Der Quierschieder Fanblock war picke-packe voll. Und laut. Sehr laut. \u201eQuierschied, Quierschied\u201c hallte es durch die Saarlandhalle. Um 12:25 Uhr startete ein Showprogramm, gegen 12:35 Uhr liefen die Mannschaften unter gro\u00dfem Jubel ihrer Zuschauer auf das Spielfeld ein. Um 13:00 Uhr rollte dann der Ball auf dem Kunstrasen mit Rundumbande. Um 13:57 Uhr kam es dann eingeleitet mit einer Choreographie im Wambe-Block zum ersten Spiel unserer Sportvereinigung. Gegner war Oberligist und Titelverteidiger FV Diefflen. Diese hatten genau so viele Fans wie unsere Wambe dabei und so kam es zu dem stimmungsvollsten und gleich spannendsten Spiel des Turniers. 5:5 hie\u00df es am Ende in einer spektakul\u00e4ren Partie. Und auch in den Spielen danach sorgte Quierschied f\u00fcr beste Unterhaltung. Aus 0:3 mach 4:3 hie\u00df es gegen den VfB Dillingen. Bis drei Minuten vor Schluss lagen die Wambe fast aussichtlos zur\u00fcck, doch die fantastische Unterst\u00fctzung aus den Quierschieder Kehlen trieb unsere Hallentruppe zu einer Energieleistung, die letztlich die ersten 3 Punkte in der Gruppe B bedeutete. Auch die letzte Partie konnten unsere Burschen nach einem 0:2-R\u00fcckstand gegen K\u00f6llerbach noch drehen \u2013 und am Ende ein 4:4-Unentscheiden herausholen. Nun war klar: Quierschied ist im Halbfinale des Hallenmasters! Und das sogar als Gruppensieger. Wahnsinn. <\/span><\/p>\n<p><span style=\"color: #000000;\">Im Halbfinale ging es dann gegen den Quali-Giganten SV Saar 05 Saarbr\u00fccken, erneut also gegen einen Oberligisten. Unsere Mannschaft haute wieder alles raus und bezwang die \u201eS\u00f6hne Saarbr\u00fcckens\u201c mit 5:2. Das Endspiel war erreicht &#8211; ein Traum, den sich keiner zu tr\u00e4umen gewagt hatte, ging in Erf\u00fcllung. Gegner im Finale war der FC Hertha Wiesbach, gegen dem man schon beim Qualiturnier in Friedrichsthal im Endspiel gegen\u00fcberstand. Die Wiesbacher zeigten sich auch in der Saarlandhalle als abgekl\u00e4rtere Mannschaft, die sich fast keine Fehler leistete. Und so stand am Ende ein 4:2 Sieg f\u00fcr die Hertha zu Buche. Unsere Fans feierten ihr Team nach dem Abpfiff so lautstark, als h\u00e4tte es den Pokal geholt. Das hatten sich die \u201eSieger der Herzen\u201c mit dem sensationellen 2. Platz auch wohlverdient. Lukas Mitterm\u00fcller wurde mit 8 Toren zudem Torsch\u00fctzenk\u00f6nig und war der mit Abstand auff\u00e4lligste Spieler des Turniers. <\/span><\/p>\n<p><strong><span style=\"color: #000000;\">Die \u00fcberragende Stimmung der Spvgg- Zuschauer, die unterhaltsame Vorstellung unserer Mannschaft auf dem Feld \u2013 Quierschied begeisterte in der Saarlandhalle. Was f\u00fcr ein Tag! Danke Jungs, danke Fans!<\/span><\/strong><\/p>\n<p><strong><span style=\"color: #ff0000;\">Presseberichte:<\/span> <\/strong><\/p>\n<div id='gallery-1' class='gallery galleryid-16723 gallery-columns-5 gallery-size-thumbnail'><dl class='gallery-item'>\n\t\t\t<dt class='gallery-icon landscape'>\n\t\t\t\t<a href='https:\/\/www.spvgg-quierschied.de\/wp-content\/uploads\/2017\/02\/Pressebericht-07.02.2017-Hallenmasters-.jpg'><img loading=\"lazy\" decoding=\"async\" width=\"150\" height=\"150\" src=\"https:\/\/www.spvgg-quierschied.de\/wp-content\/uploads\/2017\/02\/Pressebericht-07.02.2017-Hallenmasters--150x150.jpg\" class=\"attachment-thumbnail size-thumbnail\" alt=\"\" aria-describedby=\"gallery-1-16731\" \/><\/a>\n\t\t\t<\/dt>\n\t\t\t\t<dd class='wp-caption-text gallery-caption' id='gallery-1-16731'>\n\t\t\t\tSaarbr\u00fccker Zeitung, 07.02.2017. \n\t\t\t\t<\/dd><\/dl><dl class='gallery-item'>\n\t\t\t<dt class='gallery-icon portrait'>\n\t\t\t\t<a href='https:\/\/www.spvgg-quierschied.de\/wp-content\/uploads\/2017\/02\/Pressebericht-06.02.2017-Hallenmasters-SB.jpg'><img loading=\"lazy\" decoding=\"async\" width=\"150\" height=\"150\" src=\"https:\/\/www.spvgg-quierschied.de\/wp-content\/uploads\/2017\/02\/Pressebericht-06.02.2017-Hallenmasters-SB-150x150.jpg\" class=\"attachment-thumbnail size-thumbnail\" alt=\"\" aria-describedby=\"gallery-1-16730\" \/><\/a>\n\t\t\t<\/dt>\n\t\t\t\t<dd class='wp-caption-text gallery-caption' id='gallery-1-16730'>\n\t\t\t\tSaarbr\u00fccker Zeitung, 06.02.2017. \n\t\t\t\t<\/dd><\/dl><dl class='gallery-item'>\n\t\t\t<dt class='gallery-icon landscape'>\n\t\t\t\t<a href='https:\/\/www.spvgg-quierschied.de\/wp-content\/uploads\/2017\/02\/Pressebericht-06.02.2017-Hallenmasters-SB-Sportteil.jpg'><img loading=\"lazy\" decoding=\"async\" width=\"150\" height=\"150\" src=\"https:\/\/www.spvgg-quierschied.de\/wp-content\/uploads\/2017\/02\/Pressebericht-06.02.2017-Hallenmasters-SB-Sportteil-150x150.jpg\" class=\"attachment-thumbnail size-thumbnail\" alt=\"\" aria-describedby=\"gallery-1-16729\" \/><\/a>\n\t\t\t<\/dt>\n\t\t\t\t<dd class='wp-caption-text gallery-caption' id='gallery-1-16729'>\n\t\t\t\tSaarbr\u00fccker Zeitung, 06.02.2017. \n\t\t\t\t<\/dd><\/dl><dl class='gallery-item'>\n\t\t\t<dt class='gallery-icon portrait'>\n\t\t\t\t<a href='https:\/\/www.spvgg-quierschied.de\/wp-content\/uploads\/2017\/02\/Masters-Forum-1.jpg'><img loading=\"lazy\" decoding=\"async\" width=\"150\" height=\"150\" src=\"https:\/\/www.spvgg-quierschied.de\/wp-content\/uploads\/2017\/02\/Masters-Forum-1-150x150.jpg\" class=\"attachment-thumbnail size-thumbnail\" alt=\"\" aria-describedby=\"gallery-1-16738\" \/><\/a>\n\t\t\t<\/dt>\n\t\t\t\t<dd class='wp-caption-text gallery-caption' id='gallery-1-16738'>\n\t\t\t\tMagazin &#8222;Forum&#8220; KW 6 2017\n\t\t\t\t<\/dd><\/dl><dl class='gallery-item'>\n\t\t\t<dt class='gallery-icon portrait'>\n\t\t\t\t<a href='https:\/\/www.spvgg-quierschied.de\/wp-content\/uploads\/2017\/02\/Masters-Forum-2.jpg'><img loading=\"lazy\" decoding=\"async\" width=\"150\" height=\"150\" src=\"https:\/\/www.spvgg-quierschied.de\/wp-content\/uploads\/2017\/02\/Masters-Forum-2-150x150.jpg\" class=\"attachment-thumbnail size-thumbnail\" alt=\"\" aria-describedby=\"gallery-1-16739\" \/><\/a>\n\t\t\t<\/dt>\n\t\t\t\t<dd class='wp-caption-text gallery-caption' id='gallery-1-16739'>\n\t\t\t\tMagazin &#8222;Forum&#8220; KW 6 2017\n\t\t\t\t<\/dd><\/dl><br style=\"clear: both\" \/>\n\t\t<\/div>\n\n<p><strong><span style=\"color: #ff0000;\">Bericht im SR Fernsehen: <a href=\"http:\/\/sr-mediathek.sr-online.de\/index.php?seite=7&amp;id=47778\" target=\"_blank\">Sportarena am Sonntag<\/a><\/span><\/strong><\/p>\n<p style=\"text-align: center;\"><strong><span style=\"color: #ff0000;\">Ergebnisse\/Spvgg-Torsch\u00fctzen:<\/span><\/strong><\/p>\n<table style=\"height: 313px;\" width=\"1262\">\n<tbody>\n<tr>\n<td><span style=\"color: #000000;\"><strong>Gruppe A:<\/strong><\/span><\/td>\n<td><span style=\"color: #000000;\"><strong>Gruppe B:<\/strong><\/span><\/td>\n<\/tr>\n<tr>\n<td width=\"169\"><span style=\"color: #000000;\">FC Hertha Wiesbach<\/span><\/td>\n<td width=\"169\"><span style=\"color: #000000;\"><strong>VfB Dillingen<\/strong><\/span><\/td>\n<\/tr>\n<tr>\n<td width=\"169\"><span style=\"color: #000000;\">SV R\u00f6chling V\u00f6lklingen<\/span><\/td>\n<td width=\"169\"><span style=\"color: #000000;\">Spvgg. Quierschied<\/span><\/td>\n<\/tr>\n<tr>\n<td width=\"169\"><span style=\"color: #000000;\">SG Lebach-Landsweiler<\/span><\/td>\n<td width=\"169\"><span style=\"color: #000000;\">SF K\u00f6llerbach<\/span><\/td>\n<\/tr>\n<tr>\n<td width=\"169\"><span style=\"color: #000000;\">SV Saar 05 Saarbr\u00fccken<\/span><\/td>\n<td width=\"169\"><span style=\"color: #000000;\">FV 07 Diefflen<\/span><\/td>\n<\/tr>\n<tr>\n<td colspan=\"2\"><\/td>\n<\/tr>\n<\/tbody>\n<\/table>\n<p>&nbsp;<\/p>\n<table width=\"100%\">\n<tbody>\n<tr>\n<td colspan=\"5\" width=\"449\"><\/td>\n<\/tr>\n<tr>\n<td colspan=\"5\" width=\"449\"><span style=\"color: #000000;\"><strong>Vorrunde:<\/strong><\/span><\/td>\n<\/tr>\n<tr>\n<td><span style=\"color: #000000;\">13:00<\/span><\/td>\n<td width=\"169\"><span style=\"color: #000000;\">FC Hertha Wiesbach<\/span><\/td>\n<td><span style=\"color: #000000;\">\u2013<\/span><\/td>\n<td width=\"169\"><span style=\"color: #000000;\">SG Lebach-Landsweiler<\/span><\/td>\n<td><span style=\"color: #000000;\">3 : 2<\/span><\/td>\n<\/tr>\n<tr>\n<td><span style=\"color: #000000;\">13:19<\/span><\/td>\n<td><span style=\"color: #000000;\">SV R\u00f6chling V\u00f6lklingen<\/span><\/td>\n<td><span style=\"color: #000000;\">\u2013<\/span><\/td>\n<td><span style=\"color: #000000;\">SV Saar 05 Saarbr\u00fccken<\/span><\/td>\n<td><span style=\"color: #000000;\">2 : 5<\/span><\/td>\n<\/tr>\n<tr>\n<td><span style=\"color: #000000;\">13:38<\/span><\/td>\n<td><span style=\"color: #000000;\">VfB Dillingen<\/span><\/td>\n<td><span style=\"color: #000000;\">\u2013<\/span><\/td>\n<td><span style=\"color: #000000;\">SF K\u00f6llerbach<\/span><\/td>\n<td><span style=\"color: #000000;\">3 : 3<\/span><\/td>\n<\/tr>\n<tr>\n<td><span style=\"color: #000000;\"><strong>13:57<\/strong><\/span><\/td>\n<td><span style=\"color: #000000;\"><strong>Spvgg. Quierschied<\/strong><\/span><\/td>\n<td><span style=\"color: #000000;\"><strong>\u2013<\/strong><\/span><\/td>\n<td><span style=\"color: #000000;\"><strong>FV Diefflen<\/strong><\/span><\/td>\n<td><span style=\"color: #000000;\"><strong>5 : 5 Tore: Allard, Lorang, Kadrija (2), Schaum S.)<\/strong><\/span><\/td>\n<\/tr>\n<tr>\n<td><span style=\"color: #000000;\">14:16<\/span><\/td>\n<td><span style=\"color: #000000;\">FC Hertha Wiesbach<\/span><\/td>\n<td><span style=\"color: #000000;\">\u2013<\/span><\/td>\n<td><span style=\"color: #000000;\">SV R\u00f6chling V\u00f6lklingen<\/span><\/td>\n<td><span style=\"color: #000000;\">1 : 1<\/span><\/td>\n<\/tr>\n<tr>\n<td><span style=\"color: #000000;\">14:35<\/span><\/td>\n<td><span style=\"color: #000000;\">SG Lebach-Landsweiler<\/span><\/td>\n<td><span style=\"color: #000000;\">\u2013<\/span><\/td>\n<td><span style=\"color: #000000;\">SV Saar 05 Saarbr\u00fccken<\/span><\/td>\n<td><span style=\"color: #000000;\">3 : 6<\/span><\/td>\n<\/tr>\n<tr>\n<td><span style=\"color: #000000;\"><strong>14:54<\/strong><\/span><\/td>\n<td><span style=\"color: #000000;\"><strong>VfB Dillingen<\/strong><\/span><\/td>\n<td><span style=\"color: #000000;\"><strong>\u2013<\/strong><\/span><\/td>\n<td><span style=\"color: #000000;\"><strong>Spvgg. Quierschied<\/strong><\/span><\/td>\n<td><span style=\"color: #000000;\"><strong>3 : 4 Tore: Mitterm\u00fcller 3, Allard<\/strong><\/span><\/td>\n<\/tr>\n<tr>\n<td><span style=\"color: #000000;\">15:13<\/span><\/td>\n<td><span style=\"color: #000000;\">SF K\u00f6llerbach<\/span><\/td>\n<td><span style=\"color: #000000;\">\u2013<\/span><\/td>\n<td><span style=\"color: #000000;\">FV Diefflen<\/span><\/td>\n<td><span style=\"color: #000000;\">2 : 3<\/span><\/td>\n<\/tr>\n<tr>\n<td><span style=\"color: #000000;\">15:32<\/span><\/td>\n<td><span style=\"color: #000000;\">SG Lebach-Landsweiler<\/span><\/td>\n<td><span style=\"color: #000000;\">\u2013<\/span><\/td>\n<td><span style=\"color: #000000;\">SV R\u00f6chling V\u00f6lklingen<\/span><\/td>\n<td><span style=\"color: #000000;\">5 : 4<\/span><\/td>\n<\/tr>\n<tr>\n<td><span style=\"color: #000000;\">15:51<\/span><\/td>\n<td><span style=\"color: #000000;\">SV Saar 05 Saarbr\u00fccken<\/span><\/td>\n<td><span style=\"color: #000000;\">\u2013<\/span><\/td>\n<td><span style=\"color: #000000;\">FC Hertha Wiesbach<\/span><\/td>\n<td><span style=\"color: #000000;\">1 : 5<\/span><\/td>\n<\/tr>\n<tr>\n<td><span style=\"color: #000000;\"><strong>16:10<\/strong><\/span><\/td>\n<td><span style=\"color: #000000;\"><strong>SF K\u00f6llerbach<\/strong><\/span><\/td>\n<td><span style=\"color: #000000;\"><strong>\u2013<\/strong><\/span><\/td>\n<td><span style=\"color: #000000;\"><strong>Spvgg. Quierschied<\/strong><\/span><\/td>\n<td><span style=\"color: #000000;\"><strong>4 : 4 Tore: Mitterm\u00fcller 2, Kadrija 2<\/strong><\/span><\/td>\n<\/tr>\n<tr>\n<td><span style=\"color: #000000;\">16:29<\/span><\/td>\n<td><span style=\"color: #000000;\">FV 07 Diefflen<\/span><\/td>\n<td><span style=\"color: #000000;\">\u2013<\/span><\/td>\n<td><span style=\"color: #000000;\">VfB Dillingen<\/span><\/td>\n<td><span style=\"color: #000000;\">3 : 6<\/span><\/td>\n<\/tr>\n<tr>\n<td colspan=\"5\" width=\"449\"><span style=\"color: #000000;\">\u00a0<\/span><\/td>\n<\/tr>\n<\/tbody>\n<\/table>\n<table style=\"height: 603px;\" width=\"1262\">\n<tbody>\n<tr>\n<td colspan=\"5\"><\/td>\n<\/tr>\n<tr>\n<td colspan=\"5\"><span style=\"color: #000000;\"><strong>Halbfinale:<\/strong><\/span><\/td>\n<\/tr>\n<tr>\n<td><span style=\"color: #000000;\">16:58<\/span><\/td>\n<td width=\"169\"><span style=\"color: #000000;\">FC Hertha Wiesbach<\/span><\/td>\n<td><span style=\"color: #000000;\">\u2013<\/span><\/td>\n<td width=\"169\"><span style=\"color: #000000;\">VfB Dillingen<\/span><\/td>\n<td><span style=\"color: #000000;\">6 : 1<\/span><\/td>\n<\/tr>\n<tr>\n<td><span style=\"color: #000000;\"><strong>17:17<\/strong><\/span><\/td>\n<td><span style=\"color: #000000;\"><strong>Spvgg. Quierschied<\/strong><\/span><\/td>\n<td><span style=\"color: #000000;\"><strong>\u2013<\/strong><\/span><\/td>\n<td><span style=\"color: #000000;\"><strong>SV Saar 05 Saarbr\u00fccken<\/strong><\/span><\/td>\n<td><span style=\"color: #000000;\"><strong>5 : 2 Tore: Mitterm\u00fcller, Kadrija, Allard, Schaum S., Testa<\/strong><\/span><\/td>\n<\/tr>\n<tr>\n<td colspan=\"5\"><span style=\"color: #000000;\"><strong>Spiel um Platz 3 und 4:<\/strong><\/span><\/td>\n<\/tr>\n<tr>\n<td><span style=\"color: #000000;\">17:41<\/span><\/td>\n<td><span style=\"color: #000000;\">VfB Dillingen<\/span><\/td>\n<td><span style=\"color: #000000;\">\u2013<\/span><\/td>\n<td><span style=\"color: #000000;\">SV Saar 05 Saarbr\u00fccken<\/span><\/td>\n<td><span style=\"color: #000000;\">9 : 7<\/span><\/td>\n<\/tr>\n<tr>\n<td colspan=\"5\"><span style=\"color: #000000;\"><strong>Finale:<\/strong><\/span><\/td>\n<\/tr>\n<tr>\n<td><span style=\"color: #000000;\"><strong>18:00<\/strong><\/span><\/td>\n<td><span style=\"color: #000000;\"><strong>FC Hertha Wiesbach<\/strong><\/span><\/td>\n<td><span style=\"color: #000000;\"><strong>\u2013<\/strong><\/span><\/td>\n<td><span style=\"color: #000000;\"><strong>Spvgg. Quierschied<\/strong><\/span><\/td>\n<td><span style=\"color: #000000;\"><strong>4 : 2 Tore: Mitterm\u00fcller (2)<\/strong><\/span><\/td>\n<\/tr>\n<\/tbody>\n<\/table>\n","protected":false},"excerpt":{"rendered":"<p>Diesen Tag werden wir nie vergessen! Am vergangenen Sonntag nahm unsere Sportvereinigung Quierschied zum zweiten Mal nach 1993 am Volksbanken-Hallenmasters des Saarl\u00e4ndischen Fu\u00dfballverbandes teil. Es war die 25. Auflage des beliebten Hallenspektakels. 3400 Zuschauer kamen in die Saarlandhalle und erlebten&hellip;<\/p>\n<p class=\"more-link-p\"><a class=\"more-link\" href=\"https:\/\/www.spvgg-quierschied.de\/?p=16723\">Read more &rarr;<\/a><\/p>\n","protected":false},"author":4,"featured_media":16731,"comment_status":"closed","ping_status":"closed","sticky":false,"template":"","format":"standard","meta":{"footnotes":""},"categories":[5,1],"tags":[],"class_list":["post-16723","post","type-post","status-publish","format-standard","has-post-thumbnail","hentry","category-aktive","category-allgemein"],"_links":{"self":[{"href":"https:\/\/www.spvgg-quierschied.de\/index.php?rest_route=\/wp\/v2\/posts\/16723","targetHints":{"allow":["GET"]}}],"collection":[{"href":"https:\/\/www.spvgg-quierschied.de\/index.php?rest_route=\/wp\/v2\/posts"}],"about":[{"href":"https:\/\/www.spvgg-quierschied.de\/index.php?rest_route=\/wp\/v2\/types\/post"}],"author":[{"embeddable":true,"href":"https:\/\/www.spvgg-quierschied.de\/index.php?rest_route=\/wp\/v2\/users\/4"}],"replies":[{"embeddable":true,"href":"https:\/\/www.spvgg-quierschied.de\/index.php?rest_route=%2Fwp%2Fv2%2Fcomments&post=16723"}],"version-history":[{"count":7,"href":"https:\/\/www.spvgg-quierschied.de\/index.php?rest_route=\/wp\/v2\/posts\/16723\/revisions"}],"predecessor-version":[{"id":16740,"href":"https:\/\/www.spvgg-quierschied.de\/index.php?rest_route=\/wp\/v2\/posts\/16723\/revisions\/16740"}],"wp:featuredmedia":[{"embeddable":true,"href":"https:\/\/www.spvgg-quierschied.de\/index.php?rest_route=\/wp\/v2\/media\/16731"}],"wp:attachment":[{"href":"https:\/\/www.spvgg-quierschied.de\/index.php?rest_route=%2Fwp%2Fv2%2Fmedia&parent=16723"}],"wp:term":[{"taxonomy":"category","embeddable":true,"href":"https:\/\/www.spvgg-quierschied.de\/index.php?rest_route=%2Fwp%2Fv2%2Fcategories&post=16723"},{"taxonomy":"post_tag","embeddable":true,"href":"https:\/\/www.spvgg-quierschied.de\/index.php?rest_route=%2Fwp%2Fv2%2Ftags&post=16723"}],"curies":[{"name":"wp","href":"https:\/\/api.w.org\/{rel}","templated":true}]}}