{"id":16142,"date":"2016-11-03T12:03:47","date_gmt":"2016-11-03T11:03:47","guid":{"rendered":"http:\/\/www.spvgg-quierschied.de\/?p=16142"},"modified":"2016-11-03T12:24:34","modified_gmt":"2016-11-03T11:24:34","slug":"zweite-und-dritte-mit-derby-gegen-fc-neuweiler-erste-am-wochenende-spielfrei","status":"publish","type":"post","link":"https:\/\/www.spvgg-quierschied.de\/?p=16142","title":{"rendered":"Zweite und Dritte mit Derby gegen FC Neuweiler \/ Erste am Wochenende spielfrei"},"content":{"rendered":"<p><span style=\"color: #000000;\">Am Wochenende sind unsere 2. und 3. Mannschaft im Einsatz. Zu Gast wird am Sonntag der FC Neuweiler mit seinen beiden Teams am Franzenhaus in Quierschied sein. Zu beachten gilt es die neuen Ansto\u00dfzeiten: Das Bezirksligaspiel steigt um <span style=\"text-decoration: underline;\">14:30 Uhr<\/span>, das Kreisligaspiel um <span style=\"text-decoration: underline;\">12:45 Uhr<\/span>. <strong>Unsere 1. Mannschaft ist spielfrei und bereitet sich auf den <a href=\"https:\/\/www.spvgg-quierschied.de\/?p=16076\">POKALKNALLER<\/a> am Dienstag gegen den FC Homburg vor.\u00a0<\/strong><\/span><\/p>\n<p><a href=\"https:\/\/www.spvgg-quierschied.de\/wp-content\/uploads\/2011\/11\/Logo-FC-Neuweiler.jpg\"><img loading=\"lazy\" decoding=\"async\" class=\"size-full wp-image-1518 alignright\" src=\"https:\/\/www.spvgg-quierschied.de\/wp-content\/uploads\/2011\/11\/Logo-FC-Neuweiler.jpg\" alt=\"Quelle: www.saarkicker.de.\" width=\"100\" height=\"98\" \/><\/a><\/p>\n<h4><span style=\"color: #000000;\"><strong>14. Spieltag Bezirksliga Saarbr\u00fccken, So. 06.11.2016 14:30 Uhr Spvgg Quierschied 2 &#8211; FC Neuweiler<\/strong><\/span><\/h4>\n<p><span style=\"color: #000000;\">Unsere Bezirksliga-Elf verlie\u00df am Sonntag mit h\u00e4ngenden K\u00f6pfen die Sportanlage des SV Rockershausen. Im Spiel gegen den absoluten Spitzenreiter hatte man sich mehr ausgerechnet oder zumindest erhofft. Doch am Ende stand ein 0:3 in einem Spiel, das durchaus h\u00e4tte auch eine andere Entwicklung nehmen k\u00f6nnen. Nun kommt der Tabellenvorletzte FC Neuweiler nach Quierschied. Die G\u00e4ste werden von Spielertrainer Jean Paul Fries trainiert und fuhren am vergangenen Wochenende nach langer Zeit mal wieder einen Sieg ein. Generell ist die Entwicklung des FCN besorgniserregend, der Traditionsverein aus Sulzbach muss sich gewaltig strecken um nicht bis in die unterste Klasse durchgereicht zu werden. Daf\u00fcr stecken in dem Club mit der tollen Sportanlage zu viele M\u00f6glichkeiten. Die Punkte soll der FCN aber woanders einfahren, das Ziel f\u00fcr die Wambe lautet ganz klar: Drei Punkte im Heimspiel!\u00a0<\/span><\/p>\n<div id='gallery-1' class='gallery galleryid-16142 gallery-columns-3 gallery-size-thumbnail'><dl class='gallery-item'>\n\t\t\t<dt class='gallery-icon landscape'>\n\t\t\t\t<a href='https:\/\/www.spvgg-quierschied.de\/wp-content\/uploads\/2012\/08\/Erste-beim-FC-Neuweiler-04.08.2012-7.jpg'><img loading=\"lazy\" decoding=\"async\" width=\"150\" height=\"150\" src=\"https:\/\/www.spvgg-quierschied.de\/wp-content\/uploads\/2012\/08\/Erste-beim-FC-Neuweiler-04.08.2012-7-150x150.jpg\" class=\"attachment-thumbnail size-thumbnail\" alt=\"\" \/><\/a>\n\t\t\t<\/dt><\/dl><dl class='gallery-item'>\n\t\t\t<dt class='gallery-icon landscape'>\n\t\t\t\t<a href='https:\/\/www.spvgg-quierschied.de\/wp-content\/uploads\/2012\/08\/Erste-beim-FC-Neuweiler-04.08.2012-5.jpg'><img loading=\"lazy\" decoding=\"async\" width=\"150\" height=\"150\" src=\"https:\/\/www.spvgg-quierschied.de\/wp-content\/uploads\/2012\/08\/Erste-beim-FC-Neuweiler-04.08.2012-5-150x150.jpg\" class=\"attachment-thumbnail size-thumbnail\" alt=\"\" \/><\/a>\n\t\t\t<\/dt><\/dl><dl class='gallery-item'>\n\t\t\t<dt class='gallery-icon landscape'>\n\t\t\t\t<a href='https:\/\/www.spvgg-quierschied.de\/wp-content\/uploads\/2012\/08\/Erste-beim-FC-Neuweiler-04.08.2012-4.jpg'><img loading=\"lazy\" decoding=\"async\" width=\"150\" height=\"150\" src=\"https:\/\/www.spvgg-quierschied.de\/wp-content\/uploads\/2012\/08\/Erste-beim-FC-Neuweiler-04.08.2012-4-150x150.jpg\" class=\"attachment-thumbnail size-thumbnail\" alt=\"\" \/><\/a>\n\t\t\t<\/dt><\/dl><br style=\"clear: both\" \/>\n\t\t<\/div>\n\n<p style=\"text-align: center;\"><span style=\"color: #ff0000;\">Das waren noch Zeiten&#8230; Szenen aus dem Spiel FC Neuweiler gegen unsere 1. Mannschaft im August 2012. Am Sonntag\u00a0spielt unsere Zweite gegen die Erste des FCN.<\/span><\/p>\n<p style=\"text-align: center;\"><span style=\"color: #ff0000;\"><a href=\"https:\/\/www.spvgg-quierschied.de\/?p=4350\">Hier ein Bericht des damaligen Er\u00f6ffnungsspiels der Landesliga S\u00fcd<\/a>. \u00a0\u00a0<\/span><\/p>\n<h4><span style=\"color: #000000;\"><strong>14. Spieltag Kreisliga A S\u00fcdwest, So. 06.11.2016 12:45 Uhr Spvgg Quierschied 3 &#8211; FC Neuweiler 2<\/strong><\/span><\/h4>\n<p><span style=\"color: #000000;\">Unsere Dritte konnte am Sonntag den ersten Ausw\u00e4rtssieg der Saison feiern. Das Spiel in Rockershausen 2 wurde klar gewonnen, nun wollen unsere Jungs gegen den Tabellenletzten FC Neuweiler 2 nachlegen. Die G\u00e4ste haben erst einen Punkt auf der Habenseite, w\u00e4hrend die Wambe mit 14 Punkten auf dem 8. Tabellenplatz stehen. Gerne w\u00fcrde unser Team noch 1,2 Pl\u00e4tze gut machen, was am Ende der Runde ein tolles Ergebnis w\u00e4re. Dementsprechend gilt es am Sonntag wie die Zweite ganz klar einen Sieg und damit den zweiten Dreier in Folge zu erringen.<\/span><\/p>\n<p><span style=\"color: #000000;\"><strong>Der FC Neuweiler im Internet:<\/strong> <a href=\"http:\/\/www.fcneuweiler.de\/\" target=\"_blank\">www.fcneuweiler.com\u00a0<\/a><\/span><\/p>\n<p style=\"text-align: center;\"><strong><span style=\"color: #000000;\">Unsere 2. und 3. Mannschaft hoffen im Derby gegen den FCN auf gute Unterst\u00fctzung der Wambe-Fans!<\/span><\/strong><\/p>\n<p>&nbsp;<\/p>\n","protected":false},"excerpt":{"rendered":"<p>Am Wochenende sind unsere 2. und 3. Mannschaft im Einsatz. Zu Gast wird am Sonntag der FC Neuweiler mit seinen beiden Teams am Franzenhaus in Quierschied sein. Zu beachten gilt es die neuen Ansto\u00dfzeiten: Das Bezirksligaspiel steigt um 14:30 Uhr,&hellip;<\/p>\n<p class=\"more-link-p\"><a class=\"more-link\" href=\"https:\/\/www.spvgg-quierschied.de\/?p=16142\">Read more &rarr;<\/a><\/p>\n","protected":false},"author":4,"featured_media":1518,"comment_status":"closed","ping_status":"closed","sticky":false,"template":"","format":"standard","meta":{"footnotes":""},"categories":[5],"tags":[],"class_list":["post-16142","post","type-post","status-publish","format-standard","has-post-thumbnail","hentry","category-aktive"],"_links":{"self":[{"href":"https:\/\/www.spvgg-quierschied.de\/index.php?rest_route=\/wp\/v2\/posts\/16142","targetHints":{"allow":["GET"]}}],"collection":[{"href":"https:\/\/www.spvgg-quierschied.de\/index.php?rest_route=\/wp\/v2\/posts"}],"about":[{"href":"https:\/\/www.spvgg-quierschied.de\/index.php?rest_route=\/wp\/v2\/types\/post"}],"author":[{"embeddable":true,"href":"https:\/\/www.spvgg-quierschied.de\/index.php?rest_route=\/wp\/v2\/users\/4"}],"replies":[{"embeddable":true,"href":"https:\/\/www.spvgg-quierschied.de\/index.php?rest_route=%2Fwp%2Fv2%2Fcomments&post=16142"}],"version-history":[{"count":7,"href":"https:\/\/www.spvgg-quierschied.de\/index.php?rest_route=\/wp\/v2\/posts\/16142\/revisions"}],"predecessor-version":[{"id":16149,"href":"https:\/\/www.spvgg-quierschied.de\/index.php?rest_route=\/wp\/v2\/posts\/16142\/revisions\/16149"}],"wp:featuredmedia":[{"embeddable":true,"href":"https:\/\/www.spvgg-quierschied.de\/index.php?rest_route=\/wp\/v2\/media\/1518"}],"wp:attachment":[{"href":"https:\/\/www.spvgg-quierschied.de\/index.php?rest_route=%2Fwp%2Fv2%2Fmedia&parent=16142"}],"wp:term":[{"taxonomy":"category","embeddable":true,"href":"https:\/\/www.spvgg-quierschied.de\/index.php?rest_route=%2Fwp%2Fv2%2Fcategories&post=16142"},{"taxonomy":"post_tag","embeddable":true,"href":"https:\/\/www.spvgg-quierschied.de\/index.php?rest_route=%2Fwp%2Fv2%2Ftags&post=16142"}],"curies":[{"name":"wp","href":"https:\/\/api.w.org\/{rel}","templated":true}]}}