{"id":16009,"date":"2016-10-17T12:29:45","date_gmt":"2016-10-17T10:29:45","guid":{"rendered":"http:\/\/www.spvgg-quierschied.de\/?p=16009"},"modified":"2016-10-17T14:08:47","modified_gmt":"2016-10-17T12:08:47","slug":"spaete-gegentreffer-verhindern-punktgewinn","status":"publish","type":"post","link":"https:\/\/www.spvgg-quierschied.de\/?p=16009","title":{"rendered":"Sp\u00e4te Gegentreffer verhindern Punktgewinn"},"content":{"rendered":"<p><strong><span style=\"color: #000000;\">Am Sonntag spielte unsere erste Mannschaft beim Oberliga-Absteiger SV Elversberg 2. Die Partie wurde auf dem Rasenplatz des SV St. Ingbert ausgetragen. Gegen\u00fcber dem Spiel gegen Dillingen (0:0) mussten die Wambe auf Mario Biehl verzichten. F\u00fcr ihn kam Sascha Schaum in die Start-Formation.\u00a0<\/span><\/strong><\/p>\n<p><span style=\"color: #000000;\">In der ersten Halbzeit machte die SVE das Spiel, hatte deutlich mehr Ballbesitz. Den ersten Weckruf f\u00fcr unsere Mannschaft gab es bei einem Elversberger Lattenschuss in der 12. Minute. Unsere Sportvereinigung tat sich auf dem gro\u00dfen Platz schwer, stand zwar tief aber kam nicht richtig in die Zweik\u00e4mpfe. In der 31. Minute das 1:0 f\u00fcr die SVE. Nach einer Kombination im Strafraum wurde Mario Cancar freigespielt, der in Ruhe einschieben konnte. Ansonsten passierte im z\u00e4hen ersten Abschnitt nichts mehr. Zur Halbzeit schied bei unserer Elf Mike Br\u00fcckerhoff mit Oberschenkel-Problemen aus. Aldo Testa kam f\u00fcr ihn rein. Unsere Mannschaft war nun wesentlich aggressiver und \u00fcbernahm angefeuert von den 200 Quierschieder Zuschauern unter den 280 Besuchern das Heft in die Hand. So fiel auch schnell das 1:1. Philipp Klein kam \u00fcber rechts, spielte den Ball nach innen. Meggi Kadrija schirmte den Ball ab und legte auf Jens Lorang ab. Dieser kam 18 Meter vor dem Tor zum Abschluss und schoss den Ball mit seinem linken Fu\u00df flach ins rechte Eck. Unser Team war jetzt eindeutig am Dr\u00fccker. Nach fast einer Stunde dann Fassungslosigkeit bei allen Quierschiedern! Mexhid Kadrija st\u00fcrmte nach einem langen Ball auf das Elversberger Tor zu. Torwart Jan Philipp Greff lief aus dem Tor heraus und zog mit einer heftigen Gr\u00e4tsche Meggi die Beine weg. Dieser war schon am Keeper vorbei und h\u00e4tte ins Leere Tor schieben k\u00f6nnen. Und dann der Witz der alle Zuschauer sprachlos machte. Schiri Jan Dennem\u00e4rker z\u00fcckte die gelbe Karte anstatt dunkelrot. Eine absolute Benachteiligung unserer Mannschaft. Entweder w\u00e4re das 2:1 gefallen oder Quierschied h\u00e4tte in \u00dcberzahl spielen m\u00fcssen. Auch die Elversberger stimmten nach dem Spiel zu, zu dem Zeitpunkt h\u00e4tte es ihrem Team einen Knacks gegeben und sie h\u00e4tten gro\u00dfes Gl\u00fcck bei dieser Entscheidung gehabt. <\/span><\/p>\n<div id=\"attachment_16013\" style=\"width: 310px\" class=\"wp-caption aligncenter\"><a href=\"https:\/\/www.spvgg-quierschied.de\/wp-content\/uploads\/2016\/10\/IMG-20161017-WA0001.jpg\"><img loading=\"lazy\" decoding=\"async\" aria-describedby=\"caption-attachment-16013\" class=\"size-medium wp-image-16013\" src=\"https:\/\/www.spvgg-quierschied.de\/wp-content\/uploads\/2016\/10\/IMG-20161017-WA0001-300x115.jpg\" alt=\"Kadrija auf dem Weg zum 2:1 - doch der Elversberger Haut ihn um. Schiri Dennem\u00e4rker sah in der Situation leider nicht richtig hin.\" width=\"300\" height=\"115\" srcset=\"https:\/\/www.spvgg-quierschied.de\/wp-content\/uploads\/2016\/10\/IMG-20161017-WA0001-300x115.jpg 300w, https:\/\/www.spvgg-quierschied.de\/wp-content\/uploads\/2016\/10\/IMG-20161017-WA0001-768x294.jpg 768w, https:\/\/www.spvgg-quierschied.de\/wp-content\/uploads\/2016\/10\/IMG-20161017-WA0001-1024x392.jpg 1024w, https:\/\/www.spvgg-quierschied.de\/wp-content\/uploads\/2016\/10\/IMG-20161017-WA0001-560x214.jpg 560w, https:\/\/www.spvgg-quierschied.de\/wp-content\/uploads\/2016\/10\/IMG-20161017-WA0001-260x99.jpg 260w, https:\/\/www.spvgg-quierschied.de\/wp-content\/uploads\/2016\/10\/IMG-20161017-WA0001-160x61.jpg 160w, https:\/\/www.spvgg-quierschied.de\/wp-content\/uploads\/2016\/10\/IMG-20161017-WA0001.jpg 1600w\" sizes=\"auto, (max-width: 300px) 100vw, 300px\" \/><\/a><p id=\"caption-attachment-16013\" class=\"wp-caption-text\">Kadrija auf dem Weg zur Quierschieder F\u00fchrung &#8211; doch der Elversberger haut ihn um. Schiri Dennem\u00e4rker sah in der Situation leider nicht richtig hin.<\/p><\/div>\n<p><span style=\"color: #000000;\">Schiri Dennem\u00e4rker entschuldigte sich nach dem Spiel bei unseren Verantwortlichen, er habe sich die Szene von den Elversberger zeigen lassen, die das Spiel gefilmt hatten. Hut ab daf\u00fcr! Das macht nicht jeder und zeigt von Gr\u00f6\u00dfe. Aber wirklich kaufen konnte unsere Mannschaft sich daf\u00fcr nichts mehr. Und wie es dann im Fu\u00dfball so ist, kurz darauf traf Samed Karatas zum 2:1 per Kopf nach Flanke von links. Aus dem nichts kam Elversberg wieder zur F\u00fchrung. Aber unsere Mannschaft k\u00e4mpfte weiter und stemmte sich gegen die Niederlage. Testa hatte die gro\u00dfe Chance auf den Ausgleich, nach einem Freisto\u00df von Lukas Mitterm\u00fcller setzte er den Ball haarscharf rechts vorbei. Eine Viertelstunde vor Schluss dann doch der Ausgleich. Torsten B\u00fcchel war bei einem weiteren Standard von Mitterm\u00fcller zur Stelle und traf per Kopf zum 2:2. Das Spiel deutete stark auf Unentschieden hin, was ein gerechtes Ergebnis gewesen w\u00e4re. Da gab es in der Nachspielzeit noch einmal Freisto\u00df f\u00fcr Elversberg. Der Ball wurde lang herein geschlagen, erneut war Karatas zur Stelle und traf wieder per Kopf zum 3:2. Erst in der letzten Woche traf Karatas in der Nachspielzeit in Siersburg zum Siegtreffer. Danach warf Quierschied alles nach vorne, Elversberg fing noch einmal den Ball ab und machte sogar noch das 4:2 durch Cihad G\u00fcnd\u00fcz. Eine sp\u00e4te und deswegen sehr bittere Niederlage, zumal unsere Mannschaft es einfach nicht verdient hatte und bei der krassen Fehlentscheidung stark benachteiligt wurde. Aber das hadern bringt jetzt nichts, es muss weitergehen. <strong>Am Mittwoch geht es im Pokal nach Thalexweiler (19:00 Uhr) und am Sonntag kommt der TuS Herrensohr zum Derby ans Franzenhaus (15:00 Uhr).<\/strong><\/span><\/p>\n<p><span style=\"color: #000000;\">Siehe auch: <a href=\"http:\/\/sv07elversberg.de\/2016\/karatas-wird-zum-last-minute-man\/\" target=\"_blank\">SV Elversberg<\/a><\/span><\/p>\n<p><strong><span style=\"color: #000000;\">13. Spieltag Karlsbergliga Saar SV Elversberg 2 &#8211; Spvgg Quierschied 4:2 (1:0)<\/span><\/strong><\/p>\n<p><span style=\"color: #000000;\">SVE: Greff, Hall, Heine, Lo Scrudato, Bla\u00df (60. Klein), Koch, Ruiz Rumph, Kazaryan (75. Reiplinger), Karatas (92. G\u00fcn\u00fcz), Judith, Cancar<\/span><\/p>\n<p><span style=\"color: #000000;\">Spvgg: Schmitt, B\u00fcchel, Klein, No\u00df, Schaum D., Br\u00fcckerhoff (46. Testa), Lorang (85. Maurer), Bender (75. Gro\u00df), Schaum S., Kadrija, Mitterm\u00fcller\u00a0<\/span><\/p>\n<p><span style=\"color: #000000;\">Tore: 1:0 Cancar(31.), 1:1 Lorang (49.), 2:1 Karatas (59.), 2:2 B\u00fcchel (75.), 3:2 Karatas (91.), 4:2 G\u00fcnd\u00fcz (94.)<\/span><\/p>\n<p><span style=\"color: #000000;\">Schiedsrichter: Jan Dennem\u00e4rker Zuschauer: 280<\/span><\/p>\n<p>&nbsp;<\/p>\n","protected":false},"excerpt":{"rendered":"<p>Am Sonntag spielte unsere erste Mannschaft beim Oberliga-Absteiger SV Elversberg 2. Die Partie wurde auf dem Rasenplatz des SV St. Ingbert ausgetragen. Gegen\u00fcber dem Spiel gegen Dillingen (0:0) mussten die Wambe auf Mario Biehl verzichten. F\u00fcr ihn kam Sascha Schaum&hellip;<\/p>\n<p class=\"more-link-p\"><a class=\"more-link\" href=\"https:\/\/www.spvgg-quierschied.de\/?p=16009\">Read more &rarr;<\/a><\/p>\n","protected":false},"author":4,"featured_media":16013,"comment_status":"closed","ping_status":"closed","sticky":false,"template":"","format":"standard","meta":{"footnotes":""},"categories":[8],"tags":[],"class_list":["post-16009","post","type-post","status-publish","format-standard","has-post-thumbnail","hentry","category-1-mannschaft"],"_links":{"self":[{"href":"https:\/\/www.spvgg-quierschied.de\/index.php?rest_route=\/wp\/v2\/posts\/16009","targetHints":{"allow":["GET"]}}],"collection":[{"href":"https:\/\/www.spvgg-quierschied.de\/index.php?rest_route=\/wp\/v2\/posts"}],"about":[{"href":"https:\/\/www.spvgg-quierschied.de\/index.php?rest_route=\/wp\/v2\/types\/post"}],"author":[{"embeddable":true,"href":"https:\/\/www.spvgg-quierschied.de\/index.php?rest_route=\/wp\/v2\/users\/4"}],"replies":[{"embeddable":true,"href":"https:\/\/www.spvgg-quierschied.de\/index.php?rest_route=%2Fwp%2Fv2%2Fcomments&post=16009"}],"version-history":[{"count":6,"href":"https:\/\/www.spvgg-quierschied.de\/index.php?rest_route=\/wp\/v2\/posts\/16009\/revisions"}],"predecessor-version":[{"id":16019,"href":"https:\/\/www.spvgg-quierschied.de\/index.php?rest_route=\/wp\/v2\/posts\/16009\/revisions\/16019"}],"wp:featuredmedia":[{"embeddable":true,"href":"https:\/\/www.spvgg-quierschied.de\/index.php?rest_route=\/wp\/v2\/media\/16013"}],"wp:attachment":[{"href":"https:\/\/www.spvgg-quierschied.de\/index.php?rest_route=%2Fwp%2Fv2%2Fmedia&parent=16009"}],"wp:term":[{"taxonomy":"category","embeddable":true,"href":"https:\/\/www.spvgg-quierschied.de\/index.php?rest_route=%2Fwp%2Fv2%2Fcategories&post=16009"},{"taxonomy":"post_tag","embeddable":true,"href":"https:\/\/www.spvgg-quierschied.de\/index.php?rest_route=%2Fwp%2Fv2%2Ftags&post=16009"}],"curies":[{"name":"wp","href":"https:\/\/api.w.org\/{rel}","templated":true}]}}