{"id":15999,"date":"2016-10-13T09:40:50","date_gmt":"2016-10-13T07:40:50","guid":{"rendered":"http:\/\/www.spvgg-quierschied.de\/?p=15999"},"modified":"2016-10-13T09:42:37","modified_gmt":"2016-10-13T07:42:37","slug":"alle-drei-aktive-mannschaften-am-sonntag-wieder-auf-punktejagd","status":"publish","type":"post","link":"https:\/\/www.spvgg-quierschied.de\/?p=15999","title":{"rendered":"Alle drei Aktive-Mannschaften am Sonntag wieder auf Punktejagd"},"content":{"rendered":"<p><strong><span style=\"color: #000000;\">Am Sonntag spielt unsere 1. Mannschaft bei der 2. Mannschaft der SV Elversberg. Das Spiel steigt um 15:00 Uhr<\/span> <span style=\"text-decoration: underline; color: #ff0000;\">AUF DEM RASENPLATZ DES SV ST. INGBERT (M\u00dcHLWALDSTADION)<\/span>. <span style=\"color: #000000;\">Unsere 2. Mannschaft spielt erst am Sonntagabend, um 18:30 Uhr beim SV Saar 05 Saarbr\u00fccken 3. Unsere 3. Mannschaft f\u00e4hrt nach Elm. Das Spiel gegen den FC Elm 2 wird um 13:15 Uhr angepfiffen. Unsere Jungs z\u00e4hlen auf zahlreiche Unterst\u00fctzung der Wambe-Fans!\u00a0<\/span><\/strong><\/p>\n<p style=\"text-align: center;\"><span style=\"color: #000000;\"><a style=\"color: #000000;\" href=\"https:\/\/www.spvgg-quierschied.de\/wp-content\/uploads\/2016\/10\/SV-Elversberg-2-Spvgg-.jpg\"><img loading=\"lazy\" decoding=\"async\" class=\"alignnone wp-image-16000 size-full\" src=\"https:\/\/www.spvgg-quierschied.de\/wp-content\/uploads\/2016\/10\/SV-Elversberg-2-Spvgg-.jpg\" alt=\"sv-elversberg-2-spvgg\" width=\"868\" height=\"205\" srcset=\"https:\/\/www.spvgg-quierschied.de\/wp-content\/uploads\/2016\/10\/SV-Elversberg-2-Spvgg-.jpg 868w, https:\/\/www.spvgg-quierschied.de\/wp-content\/uploads\/2016\/10\/SV-Elversberg-2-Spvgg--300x71.jpg 300w, https:\/\/www.spvgg-quierschied.de\/wp-content\/uploads\/2016\/10\/SV-Elversberg-2-Spvgg--768x181.jpg 768w, https:\/\/www.spvgg-quierschied.de\/wp-content\/uploads\/2016\/10\/SV-Elversberg-2-Spvgg--560x132.jpg 560w, https:\/\/www.spvgg-quierschied.de\/wp-content\/uploads\/2016\/10\/SV-Elversberg-2-Spvgg--260x61.jpg 260w, https:\/\/www.spvgg-quierschied.de\/wp-content\/uploads\/2016\/10\/SV-Elversberg-2-Spvgg--160x38.jpg 160w\" sizes=\"auto, (max-width: 868px) 100vw, 868px\" \/><\/a><\/span><\/p>\n<p><span style=\"color: #000000;\"><strong>SV 07 Elversberg 2:<\/strong> Am 13. Spieltag der Karlsberg Liga gastiert unsere Mannschaft bei der Regionalliga-Reserve der Sportvereinigung 07 Elversberg. Die SVE ist im vergangenen Jahr aus der Oberliga Rheinland-Pfalz\/Saar abgestiegen. Trainer der U-21 in Elversberg ist der ehemalige Bundesligaprofi Timo Wenzel, der seine Karriere in Elversberg ausklingen lie\u00df. Mit seiner jungen spielstarken Mannschaft steht er im hinteren Mittelfeld der Tabelle (Platz 12., 14 Punkte). Am vergangenen Sonntag gewann die SVE mit 3:2 in Siersburg. Der Siegtreffer wurde in der 93. Minute mit 9 Mann erzielt, nachdem es zuvor zwei Ampelkarten gab.<\/span><\/p>\n<p><span style=\"color: #000000;\"><strong>Die SVE im Internet:<\/strong> <a style=\"color: #000000;\" href=\"http:\/\/www.sv07elversberg.de\">www.sv07elversberg.de<\/a><\/span><\/p>\n<p><span style=\"color: #000000;\"><strong>Spvgg:<\/strong> Unsere Mannschaft war mit dem 0:0 gegen Dillingen sehr zufrieden. Zwar war es nur ein Punkt am Ende, dennoch zeigte die Mannschaft einen ganz starken Willen das Spiel f\u00fcr sich entscheiden zu wollen. Das honorierten die Zuschauer nach dem Schlusspfiff mit Applaus, so wollen sie unser Team sehen. Diese Leistung muss nun unbedingt auch in die n\u00e4chsten Spiele transportiert werden. Denn die Auftritte gegen die Top-Teams der Liga waren bislang positiv. Ausrechnen tut man sich aber etwas gegen andere Gegner. Und die kommen in den n\u00e4chsten Wochen.\u00a0<\/span><\/p>\n<p><span style=\"color: #000000;\"><strong>Wer pfeift?<\/strong> Herr Jan Dennem\u00e4rker (Schwarzenholz). Der Oberliga-Schiedsrichter pfiff unsere Wambe zuletzt im August 2014 (gegen Perl-Besch, 4:1 Sieg).<\/span><\/p>\n<hr \/>\n<h4 style=\"text-align: center;\"><span style=\"color: #000000;\"><strong>Bezirksliga Saarbr\u00fccken: Sonntagabend bei Saar 05 3 +++ Kreisliga-A: Dritte muss nach Elm<\/strong><\/span><\/h4>\n<p><span style=\"color: #000000;\"><strong style=\"letter-spacing: 0.05em;\">11.Spieltag Bezirksliga Saarbr\u00fccken, So. 16.10.2016 18:30 Uhr SV Saar 05 Saarbr\u00fccken 3 \u2013 Spvgg Quierschied 2:<a href=\"https:\/\/www.spvgg-quierschied.de\/wp-content\/uploads\/2015\/06\/SV_SAAR051.bmp\"><img loading=\"lazy\" decoding=\"async\" class=\"size-full wp-image-12302 alignright\" src=\"https:\/\/www.spvgg-quierschied.de\/wp-content\/uploads\/2015\/06\/SV_SAAR051.bmp\" alt=\"Wappen Logo SV Saar 05\" width=\"250\" height=\"146\" \/><\/a><\/strong><span style=\"letter-spacing: 0.05em;\">Mit den zwei Derbysiegen im R\u00fccken geht es am Sonntag f\u00fcr unsere Bezirksligaelf auf den Saarbr\u00fccker Kieselhumes, zum SV Saar 05 Saarbr\u00fccken 3. Die Heimelf nahm in der vergangenen Saison als Vizemeister in der A-Klasse an den Aufstiegsspielen zur Bezirksliga teil, und stieg dar\u00fcber auf. Nach einem eher schw\u00e4cheren Start in die Runde hat sich Saar 05 3 gefangen und ist nun ein Gegner, gegen den unsere Wambe alles raushauen muss. Momentan steht Saar 05 3 auf dem 8. Tabellenplatz (14 Punkte). Aufgrund von 2 FCS Damenspielen im Vorfeld kann die Partie erst um 18:30 Uhr angepfiffen werden! Saar 05 im Internet: <\/span><a style=\"letter-spacing: 0.05em; color: #000000;\" href=\"http:\/\/www.svsaar05.de\/\" target=\"_blank\">http:\/\/www.svsaar05.de\/<\/a><\/span><\/p>\n<p><span style=\"color: #000000;\"><strong style=\"letter-spacing: 0.05em;\"><a href=\"https:\/\/www.spvgg-quierschied.de\/wp-content\/uploads\/2016\/10\/fc-elm.jpg\"><img loading=\"lazy\" decoding=\"async\" class=\"size-full wp-image-16001 alignleft\" src=\"https:\/\/www.spvgg-quierschied.de\/wp-content\/uploads\/2016\/10\/fc-elm.jpg\" alt=\"fc-elm\" width=\"100\" height=\"100\" \/><\/a>12.Spieltag Kreisliga A S\u00fcdwest, So. 16.10.2016 13:15 Uhr FC Elm 2 \u2013 Spvgg Quierschied 3:<\/strong><span style=\"letter-spacing: 0.05em;\"> Unsere Manschaft f\u00e4hrt am Sonntag nach Elm und bestreitet dort das Vorspiel der Elmer Bezirksligamannschaft. Die Gastgeber stehen auf dem 11. Tabellenplatz und haben 5 Punkte auf dem Konto. Unsere Quierschieder Mannschaft hat 9 Z\u00e4hler auf der Habenseite. Nach der 2:3 Niederlage gegen Hostenbach ist f\u00fcr unsere Dritte wieder punkten angesagt, um den Anschluss an das Mittelfeld wieder herzustellen.<\/span><\/span><\/p>\n","protected":false},"excerpt":{"rendered":"<p>Am Sonntag spielt unsere 1. Mannschaft bei der 2. Mannschaft der SV Elversberg. Das Spiel steigt um 15:00 Uhr AUF DEM RASENPLATZ DES SV ST. INGBERT (M\u00dcHLWALDSTADION). Unsere 2. Mannschaft spielt erst am Sonntagabend, um 18:30 Uhr beim SV Saar&hellip;<\/p>\n<p class=\"more-link-p\"><a class=\"more-link\" href=\"https:\/\/www.spvgg-quierschied.de\/?p=15999\">Read more &rarr;<\/a><\/p>\n","protected":false},"author":4,"featured_media":16003,"comment_status":"closed","ping_status":"closed","sticky":false,"template":"","format":"standard","meta":{"footnotes":""},"categories":[5],"tags":[],"class_list":["post-15999","post","type-post","status-publish","format-standard","has-post-thumbnail","hentry","category-aktive"],"_links":{"self":[{"href":"https:\/\/www.spvgg-quierschied.de\/index.php?rest_route=\/wp\/v2\/posts\/15999","targetHints":{"allow":["GET"]}}],"collection":[{"href":"https:\/\/www.spvgg-quierschied.de\/index.php?rest_route=\/wp\/v2\/posts"}],"about":[{"href":"https:\/\/www.spvgg-quierschied.de\/index.php?rest_route=\/wp\/v2\/types\/post"}],"author":[{"embeddable":true,"href":"https:\/\/www.spvgg-quierschied.de\/index.php?rest_route=\/wp\/v2\/users\/4"}],"replies":[{"embeddable":true,"href":"https:\/\/www.spvgg-quierschied.de\/index.php?rest_route=%2Fwp%2Fv2%2Fcomments&post=15999"}],"version-history":[{"count":3,"href":"https:\/\/www.spvgg-quierschied.de\/index.php?rest_route=\/wp\/v2\/posts\/15999\/revisions"}],"predecessor-version":[{"id":16005,"href":"https:\/\/www.spvgg-quierschied.de\/index.php?rest_route=\/wp\/v2\/posts\/15999\/revisions\/16005"}],"wp:featuredmedia":[{"embeddable":true,"href":"https:\/\/www.spvgg-quierschied.de\/index.php?rest_route=\/wp\/v2\/media\/16003"}],"wp:attachment":[{"href":"https:\/\/www.spvgg-quierschied.de\/index.php?rest_route=%2Fwp%2Fv2%2Fmedia&parent=15999"}],"wp:term":[{"taxonomy":"category","embeddable":true,"href":"https:\/\/www.spvgg-quierschied.de\/index.php?rest_route=%2Fwp%2Fv2%2Fcategories&post=15999"},{"taxonomy":"post_tag","embeddable":true,"href":"https:\/\/www.spvgg-quierschied.de\/index.php?rest_route=%2Fwp%2Fv2%2Ftags&post=15999"}],"curies":[{"name":"wp","href":"https:\/\/api.w.org\/{rel}","templated":true}]}}