{"id":15799,"date":"2016-09-15T12:50:09","date_gmt":"2016-09-15T10:50:09","guid":{"rendered":"http:\/\/www.spvgg-quierschied.de\/?p=15799"},"modified":"2016-09-16T13:35:18","modified_gmt":"2016-09-16T11:35:18","slug":"mit-pesch-zurueck-zum-glueck","status":"publish","type":"post","link":"https:\/\/www.spvgg-quierschied.de\/?p=15799","title":{"rendered":"Mit Pesch zur\u00fcck zum Gl\u00fcck!"},"content":{"rendered":"<div id=\"attachment_15800\" style=\"width: 169px\" class=\"wp-caption alignleft\"><a href=\"https:\/\/www.spvgg-quierschied.de\/wp-content\/uploads\/2016\/09\/Lothar-Pesch-Homepage.jpg\"><img loading=\"lazy\" decoding=\"async\" aria-describedby=\"caption-attachment-15800\" class=\"wp-image-15800 size-medium\" src=\"https:\/\/www.spvgg-quierschied.de\/wp-content\/uploads\/2016\/09\/Lothar-Pesch-Homepage-159x300.jpg\" alt=\"lothar-pesch-homepage\" width=\"159\" height=\"300\" srcset=\"https:\/\/www.spvgg-quierschied.de\/wp-content\/uploads\/2016\/09\/Lothar-Pesch-Homepage-159x300.jpg 159w, https:\/\/www.spvgg-quierschied.de\/wp-content\/uploads\/2016\/09\/Lothar-Pesch-Homepage-260x492.jpg 260w, https:\/\/www.spvgg-quierschied.de\/wp-content\/uploads\/2016\/09\/Lothar-Pesch-Homepage-160x303.jpg 160w, https:\/\/www.spvgg-quierschied.de\/wp-content\/uploads\/2016\/09\/Lothar-Pesch-Homepage.jpg 370w\" sizes=\"auto, (max-width: 159px) 100vw, 159px\" \/><\/a><p id=\"caption-attachment-15800\" class=\"wp-caption-text\">Unser neuer Cheftrainer Lothar Pesch.<\/p><\/div>\n<p><strong>Die Spvgg. Quierschied hat sich verst\u00e4rkt. Dabei ist es nicht etwa ein neuer Spieler, der zu dem Fu\u00dfball-Saarlandligisten st\u00f6\u00dft, sondern ein neuer Trainer. Der 53-j\u00e4hrige Lothar Pesch \u00fcbernimmt ab sofort bis zum Saisonende die Rolle des Cheftrainers am Franzenhaus. Die bisherigen Spielertrainer Mike Br\u00fcckerhoff und Manuel Allard bleiben der Mannschaft als mitspielende Co-Trainer erhalten.<\/strong><\/p>\n<p><strong>\u00a0<\/strong>Dass es als Aufsteiger, der sich \u00fcber ein Entscheidungsspiel f\u00fcr die Saarlandliga qualifizierte, sportlich schwer wird, war allen Beteiligten klar. Dass gleich in den ersten Wochen der neuen Runde gro\u00dfes Pech sein \u00dcbriges dazugab, war nicht abzusehen. So waren beide Trainer aufgrund teils langwieriger verletzungsbedingter Ausf\u00e4lle von Beginn an zum Improvisieren gezwungen. Mit Yannick Schneider, Philipp H\u00e4fner (beide verletzt) und Nils Welter (beruflich) fehlen derzeit beispielsweise alle \u201egelernten\u201c St\u00fcrmer. Hinzu kamen bittere Ergebnisse wie das 1:1 zum Auftakt in Steinbach und das 2:2 in K\u00f6llerbach, wo sp\u00e4te Gegentore den ersten, befreienden Sieg verhinderten. Auch bei den knappen Heimniederlagen gegen Auersmacher (3:4) und zuletzt im Derby gegen Friedrichsthal (0:1) wurde der starke Kampfgeist der Mannschaft vom Fu\u00dfballgott nicht belohnt. Die Tatsache, dass Manuel Allard aus beruflichen Gr\u00fcnden kurzfristig ein sechsw\u00f6chiger Auslandsaufenthalt bevorsteht, trug schlie\u00dflich zur einvernehmlichen Entscheidung f\u00fcr die Erweiterung des Trainerteams bei.<\/p>\n<p><strong>Sebastian Zenner, Pressesprecher der Spvgg. Quierschied, teilt im Namen der Vereinsf\u00fchrung mit:<\/strong> \u201eDie Erfahrung von Lothar Pesch wird uns guttun. Er hat bei seinen Stationen in Gresaubach, Noswendel\/Wadern und Primstal eine tolle Arbeit geleistet und in der Saarlandliga gro\u00dfe Erfolge gefeiert. Wir sind davon \u00fcberzeugt, dass er der richtige Mann f\u00fcr unseren Verein ist. Wir haben auch gemerkt, dass wir die Vereinsarbeit mit Blick auf die Anforderungen der neuen Spielklasse strukturell verbessern k\u00f6nnen. Der sportliche Erfolg der letzten Jahre legte vielleicht ein zu schnelles Tempo vor. Uns war es aber auch enorm wichtig, Mike und Manuel weiter dabei zu haben. Sie stehen f\u00fcr das, was wir in den letzten Jahren aufgebaut haben. Beide sind enorm wichtige Bestandteile unserer Mannschaft und in unserem Verein.\u201c<\/p>\n<p><strong>Trainer Lothar Pesch: <\/strong>\u201eDie Spvgg. Quierschied ist ein sehr kameradschaftlicher Verein &#8211; vergleichbar mit dem VfL Primstal. F\u00fcr mich war klar, dass ich diese Aufgabe nur \u00fcbernehme, wenn Mike und Manuel an Bord bleiben. Ich habe zwei Spiele gesehen und bin sicher, dass die Mannschaft das Potenzial hat, den Klassenverbleib zu schaffen. Daf\u00fcr m\u00fcssen wir vor allem die Defensive stabilisieren.\u201c<\/p>\n<p><strong>Mike Br\u00fcckerhoff:<\/strong> \u201eIch bin ehrlich gesagt etwas erleichtert dar\u00fcber, dass wir diese L\u00f6sung gefunden haben. Manuel und ich k\u00f6nnen uns beide auf dem Platz wieder voll auf die Rolle als Spieler konzentrieren und haben jemanden an der Seitenlinie, der den Gesamt\u00fcberblick beh\u00e4lt. F\u00fcr den Verein ist es das Beste, in dieser Situation einen so erfahrenen Mann wie Lothar dazuzugewinnen.\u201c<strong><br \/>\n<\/strong><\/p>\n<p><strong>Manuel Allard:<\/strong> \u201eIch h\u00e4tte Mike nur ungern in den kommenden sechs Wochen alleine zur\u00fcckgelassen. Gerade in der schwierigen Phase, in der wir uns nach den ungl\u00fccklichen ersten Wochen der Saison befinden. Ich bin sicher, dass wir mit dieser Konstellation die bestm\u00f6gliche L\u00f6sung gefunden haben.\u201c<\/p>\n","protected":false},"excerpt":{"rendered":"<p>Die Spvgg. Quierschied hat sich verst\u00e4rkt. Dabei ist es nicht etwa ein neuer Spieler, der zu dem Fu\u00dfball-Saarlandligisten st\u00f6\u00dft, sondern ein neuer Trainer. Der 53-j\u00e4hrige Lothar Pesch \u00fcbernimmt ab sofort bis zum Saisonende die Rolle des Cheftrainers am Franzenhaus. Die&hellip;<\/p>\n<p class=\"more-link-p\"><a class=\"more-link\" href=\"https:\/\/www.spvgg-quierschied.de\/?p=15799\">Read more &rarr;<\/a><\/p>\n","protected":false},"author":1,"featured_media":15803,"comment_status":"closed","ping_status":"closed","sticky":false,"template":"","format":"standard","meta":{"footnotes":""},"categories":[7],"tags":[],"class_list":["post-15799","post","type-post","status-publish","format-standard","has-post-thumbnail","hentry","category-vorstand"],"_links":{"self":[{"href":"https:\/\/www.spvgg-quierschied.de\/index.php?rest_route=\/wp\/v2\/posts\/15799","targetHints":{"allow":["GET"]}}],"collection":[{"href":"https:\/\/www.spvgg-quierschied.de\/index.php?rest_route=\/wp\/v2\/posts"}],"about":[{"href":"https:\/\/www.spvgg-quierschied.de\/index.php?rest_route=\/wp\/v2\/types\/post"}],"author":[{"embeddable":true,"href":"https:\/\/www.spvgg-quierschied.de\/index.php?rest_route=\/wp\/v2\/users\/1"}],"replies":[{"embeddable":true,"href":"https:\/\/www.spvgg-quierschied.de\/index.php?rest_route=%2Fwp%2Fv2%2Fcomments&post=15799"}],"version-history":[{"count":5,"href":"https:\/\/www.spvgg-quierschied.de\/index.php?rest_route=\/wp\/v2\/posts\/15799\/revisions"}],"predecessor-version":[{"id":15808,"href":"https:\/\/www.spvgg-quierschied.de\/index.php?rest_route=\/wp\/v2\/posts\/15799\/revisions\/15808"}],"wp:featuredmedia":[{"embeddable":true,"href":"https:\/\/www.spvgg-quierschied.de\/index.php?rest_route=\/wp\/v2\/media\/15803"}],"wp:attachment":[{"href":"https:\/\/www.spvgg-quierschied.de\/index.php?rest_route=%2Fwp%2Fv2%2Fmedia&parent=15799"}],"wp:term":[{"taxonomy":"category","embeddable":true,"href":"https:\/\/www.spvgg-quierschied.de\/index.php?rest_route=%2Fwp%2Fv2%2Fcategories&post=15799"},{"taxonomy":"post_tag","embeddable":true,"href":"https:\/\/www.spvgg-quierschied.de\/index.php?rest_route=%2Fwp%2Fv2%2Ftags&post=15799"}],"curies":[{"name":"wp","href":"https:\/\/api.w.org\/{rel}","templated":true}]}}