{"id":15657,"date":"2016-08-29T13:01:19","date_gmt":"2016-08-29T11:01:19","guid":{"rendered":"http:\/\/www.spvgg-quierschied.de\/?p=15657"},"modified":"2016-08-29T13:01:19","modified_gmt":"2016-08-29T11:01:19","slug":"dritte-haelt-fahne-beim-heimspielsonntag-hoch","status":"publish","type":"post","link":"https:\/\/www.spvgg-quierschied.de\/?p=15657","title":{"rendered":"Dritte h\u00e4lt Fahne beim Heimspielsonntag hoch"},"content":{"rendered":"<p>Als einzige aktive Mannschaft feierte unsere Dritte am Sonntag einen Heimspiel. Mit 7:0 besiegte das Team von Co-Trainer Thommy Nawrath die G\u00e4ste des ESV Saarbr\u00fccken mit den fr\u00fcheren Quierschiedern Christoph Br\u00fcck und Patrick Blaes auch in dieser H\u00f6he verdient.<\/p>\n<p>Bei hohen Temperaturen spielte es unserer Mannschaft in die Karten, dass Timo Stuhlsatz und Marco Di Napoli schon nach 20 Minuten die beiden ersten Treffer der Partie erzielten. In der Folge entwickelte sich ein Spiel auf ein Tor &#8211; n\u00e4mlich das der G\u00e4ste. Einziger Vorwurf, den man den Quierschiedern machen kann: die m\u00e4\u00dfige Torausbeute. Trotz zahlreicher, teils bester Chancen, sprang im ersten Durchgang &#8222;nur&#8220; noch das 3:0 durch Nico No\u00df heraus (31.). In der Viertelstunde bis zur Pause und der ersten Viertelstunde danach lie\u00df unsere Elf den Gegner kommen. Diese eher schwache Phase beendete ein Eigentor in der 60. Minute zum 4:0. Bis zum Schlusspfiff gab sich unser Team keine Bl\u00f6\u00dfe mehr und erh\u00f6hte durch Treffer von Di Napoli, Stuhlsatz und Martin Eickhoff noch auf 7:0.<\/p>\n<p>Dank des Torverh\u00e4ltnisses von 18:8 nach vier Spielen klettert unsere Dritte auf Rang vier der Tabelle der Kreisliga A S\u00fcdwest. Am kommenden Samstag wartet mit dem FV Schwalbach II der Tabellenf\u00fchrer auf unser Team.<\/p>\n<p>&nbsp;<\/p>\n","protected":false},"excerpt":{"rendered":"<p>Als einzige aktive Mannschaft feierte unsere Dritte am Sonntag einen Heimspiel. Mit 7:0 besiegte das Team von Co-Trainer Thommy Nawrath die G\u00e4ste des ESV Saarbr\u00fccken mit den fr\u00fcheren Quierschiedern Christoph Br\u00fcck und Patrick Blaes auch in dieser H\u00f6he verdient. Bei&hellip;<\/p>\n<p class=\"more-link-p\"><a class=\"more-link\" href=\"https:\/\/www.spvgg-quierschied.de\/?p=15657\">Read more &rarr;<\/a><\/p>\n","protected":false},"author":1,"featured_media":0,"comment_status":"closed","ping_status":"closed","sticky":false,"template":"","format":"standard","meta":{"footnotes":""},"categories":[10],"tags":[],"class_list":["post-15657","post","type-post","status-publish","format-standard","hentry","category-3-mannschaft"],"_links":{"self":[{"href":"https:\/\/www.spvgg-quierschied.de\/index.php?rest_route=\/wp\/v2\/posts\/15657","targetHints":{"allow":["GET"]}}],"collection":[{"href":"https:\/\/www.spvgg-quierschied.de\/index.php?rest_route=\/wp\/v2\/posts"}],"about":[{"href":"https:\/\/www.spvgg-quierschied.de\/index.php?rest_route=\/wp\/v2\/types\/post"}],"author":[{"embeddable":true,"href":"https:\/\/www.spvgg-quierschied.de\/index.php?rest_route=\/wp\/v2\/users\/1"}],"replies":[{"embeddable":true,"href":"https:\/\/www.spvgg-quierschied.de\/index.php?rest_route=%2Fwp%2Fv2%2Fcomments&post=15657"}],"version-history":[{"count":1,"href":"https:\/\/www.spvgg-quierschied.de\/index.php?rest_route=\/wp\/v2\/posts\/15657\/revisions"}],"predecessor-version":[{"id":15658,"href":"https:\/\/www.spvgg-quierschied.de\/index.php?rest_route=\/wp\/v2\/posts\/15657\/revisions\/15658"}],"wp:attachment":[{"href":"https:\/\/www.spvgg-quierschied.de\/index.php?rest_route=%2Fwp%2Fv2%2Fmedia&parent=15657"}],"wp:term":[{"taxonomy":"category","embeddable":true,"href":"https:\/\/www.spvgg-quierschied.de\/index.php?rest_route=%2Fwp%2Fv2%2Fcategories&post=15657"},{"taxonomy":"post_tag","embeddable":true,"href":"https:\/\/www.spvgg-quierschied.de\/index.php?rest_route=%2Fwp%2Fv2%2Ftags&post=15657"}],"curies":[{"name":"wp","href":"https:\/\/api.w.org\/{rel}","templated":true}]}}