{"id":15638,"date":"2016-09-05T20:15:51","date_gmt":"2016-09-05T18:15:51","guid":{"rendered":"http:\/\/www.spvgg-quierschied.de\/?p=15638"},"modified":"2016-09-07T08:01:59","modified_gmt":"2016-09-07T06:01:59","slug":"sparkassen-pokal-auslosung-freitagabend-in-quierschied","status":"publish","type":"post","link":"https:\/\/www.spvgg-quierschied.de\/?p=15638","title":{"rendered":"Sparkassen-Pokal: Erste gewinnt in Hanweiler"},"content":{"rendered":"<p><strong>Unsere 1. Mannschaft traf am Dienstag in der 3. Runde S\u00fcdsaar im Sparkassen-Pokal ausw\u00e4rts auf die Sportfreunde Hanweiler aus der Landesliga S\u00fcd.<\/strong><\/p>\n<p>Wenn auch &#8222;nur&#8220; im Pokal. Aber Hauptsache mal wieder ein Sieg f\u00fcr unser Team! In Hanweiler gewannen die Wambe mit 4:2 (2:0) und zogen damit in die erste Hauptrunde ein (Spieltermin Mi. 28.09). Unsere Spielertrainer Br\u00fcckerhoff\/Allard mussten auf einige Akteure verzichten, der ein oder andere Spieler aus der zweiten Reihe erhielt Spielpraxis. Die Tore zur 2:0 Halbzeitf\u00fchrung erzielten Julian Fernsner mit einem Freisto\u00df und Meggi Kadrija nach sch\u00f6nem Solo. Unsere Spvgg machte das Spiel, gute Chancen hatten aber bis dahin auch die Gastgeber zu verzeichnen. In der zweiten Halbzeit kamen die Sportfreunde zum 1:2 Anschlusstreffer durch Dominik Joseph. Kurz danach eine Riesen-Chance von Mitterm\u00fcller. Nach einem Querpass schoss er ganz alleine und mit Zeit \u00fcber den leeren Kasten, ohne das ein Gegenspieler in der N\u00e4he stand. Das r\u00e4chte sich sofort, kurz darauf fiel das 2:2 durch Malte Kochems.\u00a0In der Folge entstand ein offenes Spiel, Tobias Knapp im Tor konnte sich zweimal auszeichnen und verhinderte sogar den R\u00fcckstand. Danach traf aber Mitterm\u00fcller zweimal und erzielte mit dem 4:2 wieder eine beruhigende F\u00fchrung vor 100 Zuschauern. Das Ergebnis h\u00f6her zu gestalten gab es in den letzten 10 Minuten zwar, w\u00e4re aber aufgrund der guten Vorstellung der Heimelf nicht verdient gewesen. Kompliment und alles gute f\u00fcr den Rest der Saison an die Gastgeber aus Hanweiler. Nun hei\u00dft es volle Pulle in der Liga! Am Freitagabend kommt es zum Sulzbachtal-Derby unserer Spvgg und den G\u00e4sten vom SC Friedrichsthal! Ansto\u00df ist um 19:00 Uhr.<\/p>\n<div id='gallery-1' class='gallery galleryid-15638 gallery-columns-3 gallery-size-thumbnail'><dl class='gallery-item'>\n\t\t\t<dt class='gallery-icon landscape'>\n\t\t\t\t<a href='https:\/\/www.spvgg-quierschied.de\/wp-content\/uploads\/2016\/09\/14242479_1283815544986017_3496433307026176741_o.jpg'><img loading=\"lazy\" decoding=\"async\" width=\"150\" height=\"150\" src=\"https:\/\/www.spvgg-quierschied.de\/wp-content\/uploads\/2016\/09\/14242479_1283815544986017_3496433307026176741_o-150x150.jpg\" class=\"attachment-thumbnail size-thumbnail\" alt=\"\" \/><\/a>\n\t\t\t<\/dt><\/dl><dl class='gallery-item'>\n\t\t\t<dt class='gallery-icon landscape'>\n\t\t\t\t<a href='https:\/\/www.spvgg-quierschied.de\/wp-content\/uploads\/2016\/09\/14257651_1283815791652659_5491429340677651800_o.jpg'><img loading=\"lazy\" decoding=\"async\" width=\"150\" height=\"150\" src=\"https:\/\/www.spvgg-quierschied.de\/wp-content\/uploads\/2016\/09\/14257651_1283815791652659_5491429340677651800_o-150x150.jpg\" class=\"attachment-thumbnail size-thumbnail\" alt=\"\" \/><\/a>\n\t\t\t<\/dt><\/dl><dl class='gallery-item'>\n\t\t\t<dt class='gallery-icon landscape'>\n\t\t\t\t<a href='https:\/\/www.spvgg-quierschied.de\/wp-content\/uploads\/2016\/09\/14258171_1283815881652650_8388581542454495086_o.jpg'><img loading=\"lazy\" decoding=\"async\" width=\"150\" height=\"150\" src=\"https:\/\/www.spvgg-quierschied.de\/wp-content\/uploads\/2016\/09\/14258171_1283815881652650_8388581542454495086_o-150x150.jpg\" class=\"attachment-thumbnail size-thumbnail\" alt=\"\" \/><\/a>\n\t\t\t<\/dt><\/dl><br style=\"clear: both\" \/>\n\t\t<\/div>\n\n<p><span style=\"text-decoration: underline;\"><strong>Sparkassen-Pokal, 3. Runde S\u00fcdsaar Di. 06.09.2016 19:00 Uhr SF Hanweiler &#8211; Spvgg Quierschied 2:4 (0:2)<\/strong><\/span><\/p>\n<p>Spvgg: Knapp, Bender, Klein, Testa (75. Lorang), B\u00fcchel, Br\u00fcckerhoff, Schaum, Gro\u00df (80. Zimmer), Fernsner, Kadrija (80. Leo T.), Mitterm\u00fcller<\/p>\n<p>Tore: 0:1 Fernsner, 0:2 Kadrija, 1:2 Joseph, 2:2 Kochems, 2:3 Mitterm\u00fcller, 2:4 Mitterm\u00fcller<\/p>\n<p>Zuschauer: 100 Schiedsrichter: Molitor (Mandelbachtal)<\/p>\n<p>&nbsp;<\/p>\n<p>&nbsp;<\/p>\n","protected":false},"excerpt":{"rendered":"<p>Unsere 1. Mannschaft traf am Dienstag in der 3. Runde S\u00fcdsaar im Sparkassen-Pokal ausw\u00e4rts auf die Sportfreunde Hanweiler aus der Landesliga S\u00fcd. Wenn auch &#8222;nur&#8220; im Pokal. Aber Hauptsache mal wieder ein Sieg f\u00fcr unser Team! In Hanweiler gewannen die&hellip;<\/p>\n<p class=\"more-link-p\"><a class=\"more-link\" href=\"https:\/\/www.spvgg-quierschied.de\/?p=15638\">Read more &rarr;<\/a><\/p>\n","protected":false},"author":4,"featured_media":15732,"comment_status":"closed","ping_status":"closed","sticky":false,"template":"","format":"standard","meta":{"footnotes":""},"categories":[8],"tags":[],"class_list":["post-15638","post","type-post","status-publish","format-standard","has-post-thumbnail","hentry","category-1-mannschaft"],"_links":{"self":[{"href":"https:\/\/www.spvgg-quierschied.de\/index.php?rest_route=\/wp\/v2\/posts\/15638","targetHints":{"allow":["GET"]}}],"collection":[{"href":"https:\/\/www.spvgg-quierschied.de\/index.php?rest_route=\/wp\/v2\/posts"}],"about":[{"href":"https:\/\/www.spvgg-quierschied.de\/index.php?rest_route=\/wp\/v2\/types\/post"}],"author":[{"embeddable":true,"href":"https:\/\/www.spvgg-quierschied.de\/index.php?rest_route=\/wp\/v2\/users\/4"}],"replies":[{"embeddable":true,"href":"https:\/\/www.spvgg-quierschied.de\/index.php?rest_route=%2Fwp%2Fv2%2Fcomments&post=15638"}],"version-history":[{"count":13,"href":"https:\/\/www.spvgg-quierschied.de\/index.php?rest_route=\/wp\/v2\/posts\/15638\/revisions"}],"predecessor-version":[{"id":15738,"href":"https:\/\/www.spvgg-quierschied.de\/index.php?rest_route=\/wp\/v2\/posts\/15638\/revisions\/15738"}],"wp:featuredmedia":[{"embeddable":true,"href":"https:\/\/www.spvgg-quierschied.de\/index.php?rest_route=\/wp\/v2\/media\/15732"}],"wp:attachment":[{"href":"https:\/\/www.spvgg-quierschied.de\/index.php?rest_route=%2Fwp%2Fv2%2Fmedia&parent=15638"}],"wp:term":[{"taxonomy":"category","embeddable":true,"href":"https:\/\/www.spvgg-quierschied.de\/index.php?rest_route=%2Fwp%2Fv2%2Fcategories&post=15638"},{"taxonomy":"post_tag","embeddable":true,"href":"https:\/\/www.spvgg-quierschied.de\/index.php?rest_route=%2Fwp%2Fv2%2Ftags&post=15638"}],"curies":[{"name":"wp","href":"https:\/\/api.w.org\/{rel}","templated":true}]}}