{"id":15597,"date":"2016-08-22T13:55:46","date_gmt":"2016-08-22T11:55:46","guid":{"rendered":"http:\/\/www.spvgg-quierschied.de\/?p=15597"},"modified":"2016-08-23T08:36:21","modified_gmt":"2016-08-23T06:36:21","slug":"verdiente-niederlage-in-brebach","status":"publish","type":"post","link":"https:\/\/www.spvgg-quierschied.de\/?p=15597","title":{"rendered":"Verdiente Niederlage in Brebach \/ Pressebericht online"},"content":{"rendered":"<p><span style=\"color: #000000;\"><strong>Am Wambefeschd-Freitag ging es f\u00fcr unsere 1. Mannschaft zum n\u00e4chsten Ausw\u00e4rtsspiel nach Brebach. Dabei reisten die Wambe trotz der Heimniederlage gegen Lebach guten Mutes in den Saarbr\u00fccker Stadtteil, war sie bislang ausw\u00e4rts noch ungeschlagen. Doch diese Mini-Serie riss, unsere Mannschaft verlor verdient mit 1:4.<\/strong><\/span><\/p>\n<p><span style=\"color: #000000;\">Trotz des Wambefeschd begleiteten gut 100 Zuschauer aus Quierschied unsere Mannschaft zum SC Halberg Brebach. Was sie dort im ersten Abschnitt von unserem Team geboten bekamen, war nicht gut. Schon in den ersten\u00a012 Minuten hatte Brebach drei Gro\u00dfchancen zu verzeichnen und h\u00e4tte schon fr\u00fch f\u00fchren k\u00f6nnen. Einzig der Chancenauswertung der Gastgeber war es zu verdanken, dass unsere Mannschaft die Anfangsphase schadlos \u00fcberstand. Gro\u00dfe L\u00fccken im Mittelfeld sorgten immer wieder daf\u00fcr, dass Halberg sich durchkombinieren konnte und zu den M\u00f6glichkeiten kam. Nach vorne ging nicht viel, was kaum f\u00fcr Entlastung unserer Hintermannschaft sorgte. Als sich unsere Mannschaft etwas vom st\u00e4ndigen Druck befreien konnte, fiel ungl\u00fccklich dann doch das Tor. Nach einem Foul an der Strafraumgrenze gab es Freisto\u00df f\u00fcr Brebach. Spielertrainer Marcel Schug schoss aufs Tor, der Ball wurde abgef\u00e4lscht und fiel ungl\u00fccklich gegen die Laufrichtung des machtlosen Benny Schmitt in den Kasten &#8211; 1:0. Danach war Brebach weiter tonangebend, die ganz gro\u00dfen Chancen sprangen aber nicht mehr heraus. Unsere Mannschaft kam zu einigen Standardsituationen, diese waren aber allesamt sichere Beute des Halberg Tormann Dennis Li\u00dfmann. Mit dem knappen Vorsprung f\u00fcr die Heimelf wurden die Seiten gewechselt. Neu ins Spiel kamen bei der Spvgg in der zweiten Halbzeit Sascha Schaum und Nils Welter, in der Kabine blieben Julian Fernsner und Philipp H\u00e4fner. Bei den Quierschieder Anh\u00e4ngern war die Hoffnung da, dass Brebach nicht mehr ganz so temporeich spielt und unsere Mannschaft nun eine Reaktion zeigt. Doch es waren noch keine zwei Minuten gespielt, klingelte es schon im Tor des Sportvereinigung. Anstatt einen sicher geglaubten Ball zu kl\u00e4ren wurde das Spielger\u00e4t fahrl\u00e4ssig dem Brebacher Brice Moy \u00fcberlassen. Der nahm das Geschenk an und traf zum 2:0. Ein Tor, welches so nie fallen darf &#8211; und schon zum fr\u00fchen Zeitpunkt eine kleine Vorentscheidung zugunsten der Schug-Elf. Danach entwickelte sich eine offene Partie, die Wambe agierten nicht mehr ganz so nerv\u00f6s, trauten sich etwas mehr zu. Doch auch hier wieder ein Gegentor in einer schlechten Phase, als man leicht das Kommando \u00fcbernahm. In der 69. Minute schoss Kenneth Assante aufs Tor. Der Ball rutschte Benny Schmitt durch die H\u00e4nde und somit zum 3:0 in die Maschen. Jetzt kam aber wirklich alles zusamen, trotz der Brebacher \u00dcberlegenheit, wie die Tore gefallen sind war schon sehr ungl\u00fccklich. Unsere Mannschaft gab sich jedoch nicht auf, kam jetzt \u00f6fter in Torn\u00e4he und auch auf 3:1 heran. Florian Weber verwandelte einen Freisto\u00df aus 18 Metern direkt ins Tor (80.) . Danach hatte Nils Welter die gro\u00dfe Chance es doch noch einmal spannend zu machen. Er setzte sich im Strafraum gegen 2 Abwehrspieler durch und schloss ab. Sein Ball ging haarscharf oben rechts am Tor vorbei. Das w\u00e4re es noch einmal gewesen! In der Nachspielzeit dann noch einmal ein Gastgeschenk aus Quierschied. In der Vorw\u00e4rtsbewegung ein unn\u00f6tiger Ballverlust, die Mannschaft war aufger\u00fcckt. Dadurch freie Bahn f\u00fcr Brebach und das 4:1 durch Andreas Meier. Anstatt wenigstens die ordentliche zweite Halbzeit mit einem &#8222;knappen&#8220; Ergebnis abzuschlie\u00dfen lie\u00df man sich noch zu einem Gegentor hinrei\u00dfen. Am Ende stand ein verdienter Sieg f\u00fcr Brebach, die v.a. im ersten Abschnitt deutlich \u00fcberlegen waren. Jetzt gilt es nach zwei Niederlagen in Folge das Team wieder aufzurichten\u00a0und am Sonntag im Derby gegen die DJK Bildstock alles zu geben um endlich den ersten Sieg der Saison einzufahren.<\/span><\/p>\n<div id=\"attachment_15627\" style=\"width: 224px\" class=\"wp-caption aligncenter\"><a href=\"https:\/\/www.spvgg-quierschied.de\/wp-content\/uploads\/2016\/08\/Pressebericht-SZ-.jpg-Brebach.jpg\"><img loading=\"lazy\" decoding=\"async\" aria-describedby=\"caption-attachment-15627\" class=\"size-medium wp-image-15627\" src=\"https:\/\/www.spvgg-quierschied.de\/wp-content\/uploads\/2016\/08\/Pressebericht-SZ-.jpg-Brebach-214x300.jpg\" alt=\"Pressebericht SZ 23.08.16\" width=\"214\" height=\"300\" srcset=\"https:\/\/www.spvgg-quierschied.de\/wp-content\/uploads\/2016\/08\/Pressebericht-SZ-.jpg-Brebach-214x300.jpg 214w, https:\/\/www.spvgg-quierschied.de\/wp-content\/uploads\/2016\/08\/Pressebericht-SZ-.jpg-Brebach-560x786.jpg 560w, https:\/\/www.spvgg-quierschied.de\/wp-content\/uploads\/2016\/08\/Pressebericht-SZ-.jpg-Brebach-260x365.jpg 260w, https:\/\/www.spvgg-quierschied.de\/wp-content\/uploads\/2016\/08\/Pressebericht-SZ-.jpg-Brebach-160x225.jpg 160w, https:\/\/www.spvgg-quierschied.de\/wp-content\/uploads\/2016\/08\/Pressebericht-SZ-.jpg-Brebach.jpg 667w\" sizes=\"auto, (max-width: 214px) 100vw, 214px\" \/><\/a><p id=\"caption-attachment-15627\" class=\"wp-caption-text\">Pressebericht SZ 23.08.16<\/p><\/div>\n<p>Vielen Dank f\u00fcr die Bilder an Thomas Wieck (www.fotowieck.de)!<\/p>\n<div id='gallery-1' class='gallery galleryid-15597 gallery-columns-3 gallery-size-thumbnail'><dl class='gallery-item'>\n\t\t\t<dt class='gallery-icon landscape'>\n\t\t\t\t<a href='https:\/\/www.spvgg-quierschied.de\/wp-content\/uploads\/2016\/08\/Erste-in-Brebach-19.08.2016-03.jpg'><img loading=\"lazy\" decoding=\"async\" width=\"150\" height=\"150\" src=\"https:\/\/www.spvgg-quierschied.de\/wp-content\/uploads\/2016\/08\/Erste-in-Brebach-19.08.2016-03-150x150.jpg\" class=\"attachment-thumbnail size-thumbnail\" alt=\"\" aria-describedby=\"gallery-1-15617\" \/><\/a>\n\t\t\t<\/dt>\n\t\t\t\t<dd class='wp-caption-text gallery-caption' id='gallery-1-15617'>\n\t\t\t\tFoto: Thomas Wieck\n\t\t\t\t<\/dd><\/dl><dl class='gallery-item'>\n\t\t\t<dt class='gallery-icon landscape'>\n\t\t\t\t<a href='https:\/\/www.spvgg-quierschied.de\/wp-content\/uploads\/2016\/08\/Erste-in-Brebach-19.08.2016-04.jpg'><img loading=\"lazy\" decoding=\"async\" width=\"150\" height=\"150\" src=\"https:\/\/www.spvgg-quierschied.de\/wp-content\/uploads\/2016\/08\/Erste-in-Brebach-19.08.2016-04-150x150.jpg\" class=\"attachment-thumbnail size-thumbnail\" alt=\"\" aria-describedby=\"gallery-1-15618\" \/><\/a>\n\t\t\t<\/dt>\n\t\t\t\t<dd class='wp-caption-text gallery-caption' id='gallery-1-15618'>\n\t\t\t\tPhilipp beim Spiel in Brebach, Anfang der Saison 16\/17. Foto: Thomas Wieck\n\t\t\t\t<\/dd><\/dl><dl class='gallery-item'>\n\t\t\t<dt class='gallery-icon portrait'>\n\t\t\t\t<a href='https:\/\/www.spvgg-quierschied.de\/wp-content\/uploads\/2016\/08\/Erste-in-Brebach-19.08.2016-05.jpg'><img loading=\"lazy\" decoding=\"async\" width=\"150\" height=\"150\" src=\"https:\/\/www.spvgg-quierschied.de\/wp-content\/uploads\/2016\/08\/Erste-in-Brebach-19.08.2016-05-150x150.jpg\" class=\"attachment-thumbnail size-thumbnail\" alt=\"\" aria-describedby=\"gallery-1-15619\" \/><\/a>\n\t\t\t<\/dt>\n\t\t\t\t<dd class='wp-caption-text gallery-caption' id='gallery-1-15619'>\n\t\t\t\tFoto: Thomas Wieck\n\t\t\t\t<\/dd><\/dl><br style=\"clear: both\" \/><dl class='gallery-item'>\n\t\t\t<dt class='gallery-icon landscape'>\n\t\t\t\t<a href='https:\/\/www.spvgg-quierschied.de\/wp-content\/uploads\/2016\/08\/Erste-in-Brebach-19.08.2016-06.jpg'><img loading=\"lazy\" decoding=\"async\" width=\"150\" height=\"150\" src=\"https:\/\/www.spvgg-quierschied.de\/wp-content\/uploads\/2016\/08\/Erste-in-Brebach-19.08.2016-06-150x150.jpg\" class=\"attachment-thumbnail size-thumbnail\" alt=\"\" aria-describedby=\"gallery-1-15620\" \/><\/a>\n\t\t\t<\/dt>\n\t\t\t\t<dd class='wp-caption-text gallery-caption' id='gallery-1-15620'>\n\t\t\t\tFoto: Thomas Wieck\n\t\t\t\t<\/dd><\/dl><dl class='gallery-item'>\n\t\t\t<dt class='gallery-icon portrait'>\n\t\t\t\t<a href='https:\/\/www.spvgg-quierschied.de\/wp-content\/uploads\/2016\/08\/Erste-in-Brebach-19.08.2016-07.jpg'><img loading=\"lazy\" decoding=\"async\" width=\"150\" height=\"150\" src=\"https:\/\/www.spvgg-quierschied.de\/wp-content\/uploads\/2016\/08\/Erste-in-Brebach-19.08.2016-07-150x150.jpg\" class=\"attachment-thumbnail size-thumbnail\" alt=\"\" aria-describedby=\"gallery-1-15621\" \/><\/a>\n\t\t\t<\/dt>\n\t\t\t\t<dd class='wp-caption-text gallery-caption' id='gallery-1-15621'>\n\t\t\t\tFoto: Thomas Wieck\n\t\t\t\t<\/dd><\/dl><dl class='gallery-item'>\n\t\t\t<dt class='gallery-icon portrait'>\n\t\t\t\t<a href='https:\/\/www.spvgg-quierschied.de\/wp-content\/uploads\/2016\/08\/Erste-in-Brebach-19.08.2016-01.jpg'><img loading=\"lazy\" decoding=\"async\" width=\"150\" height=\"150\" src=\"https:\/\/www.spvgg-quierschied.de\/wp-content\/uploads\/2016\/08\/Erste-in-Brebach-19.08.2016-01-150x150.jpg\" class=\"attachment-thumbnail size-thumbnail\" alt=\"\" aria-describedby=\"gallery-1-15622\" \/><\/a>\n\t\t\t<\/dt>\n\t\t\t\t<dd class='wp-caption-text gallery-caption' id='gallery-1-15622'>\n\t\t\t\tFoto: Thomas Wieck\n\t\t\t\t<\/dd><\/dl><br style=\"clear: both\" \/><dl class='gallery-item'>\n\t\t\t<dt class='gallery-icon landscape'>\n\t\t\t\t<a href='https:\/\/www.spvgg-quierschied.de\/wp-content\/uploads\/2016\/08\/Erste-in-Brebach-19.08.2016-02.jpg'><img loading=\"lazy\" decoding=\"async\" width=\"150\" height=\"150\" src=\"https:\/\/www.spvgg-quierschied.de\/wp-content\/uploads\/2016\/08\/Erste-in-Brebach-19.08.2016-02-150x150.jpg\" class=\"attachment-thumbnail size-thumbnail\" alt=\"\" aria-describedby=\"gallery-1-15623\" \/><\/a>\n\t\t\t<\/dt>\n\t\t\t\t<dd class='wp-caption-text gallery-caption' id='gallery-1-15623'>\n\t\t\t\tFoto: Thomas Wieck\n\t\t\t\t<\/dd><\/dl>\n\t\t\t<br style='clear: both' \/>\n\t\t<\/div>\n\n<p><span style=\"text-decoration: underline; color: #000000;\"><strong>5. Spieltag Karlsberg Liga Saar, 22.08.2016 19:00 Uhr SC Halberg Brebach &#8211; Spvgg Quierschied 4:1 (1:0)<\/strong><\/span><\/p>\n<p><span style=\"color: #000000;\">Brebach: Li\u00dfman, Atzhorn, Asante K.(78. Oezzolo), Schug (70. Henze), Moy, Mehmeti (65. Arand), Tatli, Schuh, Asante M., Meier, Berkani<\/span><\/p>\n<p><span style=\"color: #000000;\">Spvgg: Schmitt, B\u00fcchel, Weber, Br\u00fcckerhoff, Lorang, Kadrija, Mitterm\u00fcller (76. Allard), Klein, H\u00e4fner (46. Schaum S.), Bender, Fernsner (46. Welter)<\/span><\/p>\n<p><span style=\"color: #000000;\">Tore: 1:0 Schug (24.), 2:0 Moy (47.), 3:0 Asante K. (69.), 3:1 Weber (80.), 4:1 Meier (90.)<\/span><\/p>\n<p><span style=\"color: #000000;\">Zuschauer: 250 Schiedsrichter: Sebastian Schmidt\u00a0<\/span><\/p>\n<p>&nbsp;<\/p>\n","protected":false},"excerpt":{"rendered":"<p>Am Wambefeschd-Freitag ging es f\u00fcr unsere 1. Mannschaft zum n\u00e4chsten Ausw\u00e4rtsspiel nach Brebach. Dabei reisten die Wambe trotz der Heimniederlage gegen Lebach guten Mutes in den Saarbr\u00fccker Stadtteil, war sie bislang ausw\u00e4rts noch ungeschlagen. Doch diese Mini-Serie riss, unsere Mannschaft&hellip;<\/p>\n<p class=\"more-link-p\"><a class=\"more-link\" href=\"https:\/\/www.spvgg-quierschied.de\/?p=15597\">Read more &rarr;<\/a><\/p>\n","protected":false},"author":4,"featured_media":15622,"comment_status":"closed","ping_status":"closed","sticky":false,"template":"","format":"standard","meta":{"footnotes":""},"categories":[8],"tags":[],"class_list":["post-15597","post","type-post","status-publish","format-standard","has-post-thumbnail","hentry","category-1-mannschaft"],"_links":{"self":[{"href":"https:\/\/www.spvgg-quierschied.de\/index.php?rest_route=\/wp\/v2\/posts\/15597","targetHints":{"allow":["GET"]}}],"collection":[{"href":"https:\/\/www.spvgg-quierschied.de\/index.php?rest_route=\/wp\/v2\/posts"}],"about":[{"href":"https:\/\/www.spvgg-quierschied.de\/index.php?rest_route=\/wp\/v2\/types\/post"}],"author":[{"embeddable":true,"href":"https:\/\/www.spvgg-quierschied.de\/index.php?rest_route=\/wp\/v2\/users\/4"}],"replies":[{"embeddable":true,"href":"https:\/\/www.spvgg-quierschied.de\/index.php?rest_route=%2Fwp%2Fv2%2Fcomments&post=15597"}],"version-history":[{"count":13,"href":"https:\/\/www.spvgg-quierschied.de\/index.php?rest_route=\/wp\/v2\/posts\/15597\/revisions"}],"predecessor-version":[{"id":15628,"href":"https:\/\/www.spvgg-quierschied.de\/index.php?rest_route=\/wp\/v2\/posts\/15597\/revisions\/15628"}],"wp:featuredmedia":[{"embeddable":true,"href":"https:\/\/www.spvgg-quierschied.de\/index.php?rest_route=\/wp\/v2\/media\/15622"}],"wp:attachment":[{"href":"https:\/\/www.spvgg-quierschied.de\/index.php?rest_route=%2Fwp%2Fv2%2Fmedia&parent=15597"}],"wp:term":[{"taxonomy":"category","embeddable":true,"href":"https:\/\/www.spvgg-quierschied.de\/index.php?rest_route=%2Fwp%2Fv2%2Fcategories&post=15597"},{"taxonomy":"post_tag","embeddable":true,"href":"https:\/\/www.spvgg-quierschied.de\/index.php?rest_route=%2Fwp%2Fv2%2Ftags&post=15597"}],"curies":[{"name":"wp","href":"https:\/\/api.w.org\/{rel}","templated":true}]}}