{"id":1557,"date":"2011-11-07T15:24:45","date_gmt":"2011-11-07T15:24:45","guid":{"rendered":"http:\/\/www.spvgg-quierschied.de\/?p=1557"},"modified":"2011-11-07T21:46:27","modified_gmt":"2011-11-07T21:46:27","slug":"minis-ruckblick-vor-der-hallenrunde","status":"publish","type":"post","link":"https:\/\/www.spvgg-quierschied.de\/?p=1557","title":{"rendered":"Minis: R\u00fcckblick vor der Hallenrunde"},"content":{"rendered":"<p><a href=\"https:\/\/www.spvgg-quierschied.de\/wp-content\/uploads\/2011\/08\/Minis-2011_2012.jpg\"><img loading=\"lazy\" decoding=\"async\" class=\"alignleft size-thumbnail wp-image-1553\" title=\"Minis 2011_2012\" src=\"https:\/\/www.spvgg-quierschied.de\/wp-content\/uploads\/2011\/08\/Minis-2011_2012-150x150.jpg\" alt=\"\" width=\"150\" height=\"150\" \/><\/a>Nachdem die Freiluftsaison der Minis beendet ist, an dieser Stelle ein kleiner R\u00fcckblick.<br \/>\nZu Beginn der Runde konnten wir einige neue Kinder in unserer Mannschaft begr\u00fc\u00dfen, wor\u00fcber wir uns sehr gefreut haben. Es macht riesigen Spa\u00df, zu sehen, wie viel Energie und Spa\u00df die Kids beim Training und bei den Turnieren haben. Der Spa\u00df steht bei uns im Vordergrund, doch auch schon die Kleinsten haben den Ehrgeiz, gewinnen zu wollen.<\/p>\n<p>In der Freiluftsaison spielten wir sechs tolle Turniere und erzielten folgende Ergebnisse:<\/p>\n<p><span style=\"text-decoration: underline;\">20.08.2011 \u00a0\u00a0 \u00a0Turnier in G\u00f6ttelborn<\/span><br \/>\nSVQ \u2013 Rgb\/ Walpershofen\u00a0\u00a0 \u00a0\u00a0\u00a0 \u00a00:1<br \/>\nSVQ \u2013 Warndt\u00a0\u00a0 \u00a0\u00a0\u00a0 \u00a0\u00a0\u00a0 \u00a01:1\u00a0\u00a0 \u00a0Tor:\u00a0\u00a0 \u00a0Marcel Stumpf<br \/>\nSVQ \u2013 H\u00fchnerfeld\u00a0\u00a0 \u00a0\u00a0\u00a0 \u00a0\u00a0\u00a0 \u00a01:0\u00a0\u00a0 \u00a0Tor: \u00a0\u00a0 \u00a0Ben B\u00fcch<br \/>\nSVQ \u2013 Herrensohr\u00a0\u00a0 \u00a0\u00a0\u00a0 \u00a0\u00a0\u00a0 \u00a01:0\u00a0\u00a0 \u00a0Tor: \u00a0\u00a0 \u00a0Marcel Stumpf<\/p>\n<p><span style=\"text-decoration: underline;\">03.09.2011 \u00a0\u00a0 \u00a0Turnier in Riegelsberg<\/span><br \/>\nSVQ \u2013 Riegelsberg\u00a0\u00a0 \u00a0\u00a0\u00a0 \u00a0\u00a0\u00a0 \u00a03:1\u00a0\u00a0 \u00a0Tore: \u00a0\u00a0 \u00a0Ben B\u00fcch (3x)<br \/>\nSVQ \u2013 P\u00fcttlingen\u00a0\u00a0 \u00a0\u00a0\u00a0 \u00a0\u00a0\u00a0 \u00a01:0\u00a0\u00a0 \u00a0Tor: \u00a0\u00a0 \u00a0Ben B\u00fcch<br \/>\nSVQ \u2013 H\u00fchnerfeld\u00a0\u00a0 \u00a0\u00a0\u00a0 \u00a0\u00a0\u00a0 \u00a00:1<br \/>\nSVQ \u2013 Neuweiler\u00a0\u00a0 \u00a0\u00a0\u00a0 \u00a0\u00a0\u00a0 \u00a01:1\u00a0\u00a0 \u00a0Tor:\u00a0\u00a0 \u00a0Ben B\u00fcch<\/p>\n<p><span style=\"text-decoration: underline;\">17.09.2011 \u00a0\u00a0 \u00a0Turnier in Neuweiler<\/span><br \/>\nSVQ \u2013 Riegelsberg\u00a0\u00a0 \u00a0\u00a0\u00a0 \u00a0\u00a0\u00a0 \u00a01:1\u00a0\u00a0 \u00a0Tor:\u00a0\u00a0 \u00a0Marcel Stumpf<br \/>\nSVQ \u2013 Neuweiler\u00a0\u00a0 \u00a0\u00a0\u00a0 \u00a0\u00a0\u00a0 \u00a01:2\u00a0\u00a0 \u00a0Tor: \u00a0\u00a0 \u00a0Eigentor Neuweiler<br \/>\nSVQ \u2013 Ludweiler\u00a0\u00a0 \u00a0\u00a0\u00a0 \u00a0\u00a0\u00a0 \u00a00:1<\/p>\n<p><span style=\"text-decoration: underline;\">24.09.2011 \u00a0\u00a0 \u00a0Turnier in Walpershofen<\/span><br \/>\nSVQ \u2013 Rockershausen\u00a0\u00a0 \u00a0\u00a0\u00a0 \u00a00:1<br \/>\nSVQ \u2013 B\u00fcbingen\u00a0\u00a0 \u00a0\u00a0\u00a0 \u00a0\u00a0\u00a0 \u00a00:1<br \/>\nSVQ \u2013 G\u00f6ttelborn\u00a0\u00a0 \u00a0\u00a0\u00a0 \u00a0\u00a0\u00a0 \u00a01:0\u00a0\u00a0 \u00a0Tor: \u00a0\u00a0 \u00a0Lars Gottschall<br \/>\nSVQ \u2013 RGB\/ Walpershofen\u00a0\u00a0 \u00a0\u00a0\u00a0 \u00a00:0<\/p>\n<p><span style=\"text-decoration: underline;\">01.10.2011 \u00a0\u00a0 \u00a0Turnier in Rastpfuhl<\/span><br \/>\nSVQ \u2013 Rastpfuhl 3\u00a0\u00a0 \u00a0\u00a0\u00a0 \u00a0\u00a0\u00a0 \u00a02:0\u00a0\u00a0 \u00a0Tore: \u00a0\u00a0 \u00a0Jonathan J\u00e4ger (2x)<br \/>\nSVQ \u2013 Herrmann R\u00f6chling H\u00f6he\u00a0\u00a0 \u00a00:1<br \/>\nSVQ \u2013 Rastpfuhl 2\u00a0\u00a0 \u00a0\u00a0\u00a0 \u00a0\u00a0\u00a0 \u00a00:0<\/p>\n<p><span style=\"text-decoration: underline;\">22.10.2011 \u00a0\u00a0 \u00a0Turnier in Quierschied<\/span><br \/>\nSVQ 1 \u2013 Ludweiler 1\u00a0\u00a0 \u00a0\u00a0\u00a0 \u00a0\u00a0\u00a0 \u00a00:0<br \/>\nSVQ 1 \u2013 Altenkessel\u00a0\u00a0 \u00a0\u00a0\u00a0 \u00a0\u00a0\u00a0 \u00a02:0\u00a0\u00a0 \u00a0Tore:\u00a0\u00a0 \u00a0Marcel Stumpf, Jonathan J\u00e4ger<br \/>\nSVQ 1 \u2013 P\u00fcttlingen 1\u00a0\u00a0 \u00a0\u00a0\u00a0 \u00a0\u00a0\u00a0 \u00a03:1\u00a0\u00a0 \u00a0Tore:\u00a0\u00a0 \u00a0Marcel Stumpf, Lars Gottschall (2x)<br \/>\nSVQ 1 \u2013 Rgb\/ Walpershofen 1\u00a0\u00a0 \u00a00:1<\/p>\n<p>SVQ 2 \u2013 Ludweiler 2\u00a0\u00a0 \u00a0\u00a0\u00a0 \u00a0\u00a0\u00a0 \u00a01:0<br \/>\nSVQ 2 \u2013 V\u00f6lklingen\u00a0\u00a0 \u00a0\u00a0\u00a0 \u00a0\u00a0\u00a0 \u00a06:0<br \/>\nSvQ 2 \u2013 Rgb\/ Walpershofen 2\u00a0\u00a0 \u00a00:0<\/p>\n<p>Es waren tolle, packende Spiele und wir alle \u2013 Kinder und Eltern- hatten zusammen sehr viel Spa\u00df.<br \/>\nNun beginnt die Hallensaison und auch dort werden wir mit Sicherheit beim Training und den Turnieren den gleichen Spa\u00df haben.<\/p>\n<p>Bedanken m\u00f6chte ich mich an dieser Stelle bei Volker Haungs und Ingo Becker f\u00fcr ihre tatkr\u00e4ftige Unterst\u00fctzung beim Training und bei den Turnieren, bei Wolfgang Burkardt, der optimal f\u00fcr einen reibungslosen Schriftverkehr sorgt, bei Silke B\u00fcch, die uns die Trikots w\u00e4scht, und bei allen anderen Eltern, die immer da sind und ihre Kinder begleiten. Nur dank Euerm Engagement ist es m\u00f6glich, den Spielbetrieb aufrecht zu erhalten. Vielen Dank, Ihr seid klasse!<\/p>\n<p><strong>\u00a0\u201eAlles wird gut, solange du wild bist\u201c<\/strong> (Wilde Kerle)<\/p>\n<p>Trainer Marco Haungs<\/p>\n","protected":false},"excerpt":{"rendered":"<p>Nachdem die Freiluftsaison der Minis beendet ist, an dieser Stelle ein kleiner R\u00fcckblick. Zu Beginn der Runde konnten wir einige neue Kinder in unserer Mannschaft begr\u00fc\u00dfen, wor\u00fcber wir uns sehr gefreut haben. Es macht riesigen Spa\u00df, zu sehen, wie viel&hellip;<\/p>\n<p class=\"more-link-p\"><a class=\"more-link\" href=\"https:\/\/www.spvgg-quierschied.de\/?p=1557\">Read more &rarr;<\/a><\/p>\n","protected":false},"author":1,"featured_media":0,"comment_status":"open","ping_status":"open","sticky":false,"template":"","format":"standard","meta":{"footnotes":""},"categories":[4],"tags":[],"class_list":["post-1557","post","type-post","status-publish","format-standard","hentry","category-jugendabteilung"],"_links":{"self":[{"href":"https:\/\/www.spvgg-quierschied.de\/index.php?rest_route=\/wp\/v2\/posts\/1557","targetHints":{"allow":["GET"]}}],"collection":[{"href":"https:\/\/www.spvgg-quierschied.de\/index.php?rest_route=\/wp\/v2\/posts"}],"about":[{"href":"https:\/\/www.spvgg-quierschied.de\/index.php?rest_route=\/wp\/v2\/types\/post"}],"author":[{"embeddable":true,"href":"https:\/\/www.spvgg-quierschied.de\/index.php?rest_route=\/wp\/v2\/users\/1"}],"replies":[{"embeddable":true,"href":"https:\/\/www.spvgg-quierschied.de\/index.php?rest_route=%2Fwp%2Fv2%2Fcomments&post=1557"}],"version-history":[{"count":4,"href":"https:\/\/www.spvgg-quierschied.de\/index.php?rest_route=\/wp\/v2\/posts\/1557\/revisions"}],"predecessor-version":[{"id":1575,"href":"https:\/\/www.spvgg-quierschied.de\/index.php?rest_route=\/wp\/v2\/posts\/1557\/revisions\/1575"}],"wp:attachment":[{"href":"https:\/\/www.spvgg-quierschied.de\/index.php?rest_route=%2Fwp%2Fv2%2Fmedia&parent=1557"}],"wp:term":[{"taxonomy":"category","embeddable":true,"href":"https:\/\/www.spvgg-quierschied.de\/index.php?rest_route=%2Fwp%2Fv2%2Fcategories&post=1557"},{"taxonomy":"post_tag","embeddable":true,"href":"https:\/\/www.spvgg-quierschied.de\/index.php?rest_route=%2Fwp%2Fv2%2Ftags&post=1557"}],"curies":[{"name":"wp","href":"https:\/\/api.w.org\/{rel}","templated":true}]}}