{"id":15202,"date":"2016-07-21T07:00:15","date_gmt":"2016-07-21T05:00:15","guid":{"rendered":"http:\/\/www.spvgg-quierschied.de\/?p=15202"},"modified":"2016-07-21T09:39:36","modified_gmt":"2016-07-21T07:39:36","slug":"infos-unserer-jugendmannschaften-20162017","status":"publish","type":"post","link":"https:\/\/www.spvgg-quierschied.de\/?p=15202","title":{"rendered":"Infos unserer Jugendmannschaften 2016\/2017"},"content":{"rendered":"<p>Auch unserer Jugendspielgemeinschaft steht eine neue Saison bevor. Von der D- bis zur A-Jugend besteht die JSG mit Spielern\u00a0der\u00a0Vereine Quierschied, G\u00f6ttelborn, Fischbach. Von der G- bis zur E- Jugend spielen unsere Jugendteams eigenst\u00e4ndig als Spvgg Quierschied. Anbei gibt es eine \u00dcbersicht \u00fcber den Trainingsstart unserer Jugendmannschaften sowie den Kontaktdaten der Trainer. Wer sich unseren Jugendteams anschlie\u00dfen m\u00f6chte kann gerne jederzeit zum Training erscheinen. Ansprechpartner f\u00fcr die Jugend der Spvgg Quierschied ist Jugendleiter Edwin Fernsner (Tel:\u00a00160\/90593648 eMail: jugendleiter_quierschied@online.de)<\/p>\n<table width=\"814\">\n<tbody>\n<tr>\n<td style=\"text-align: center;\" colspan=\"11\" width=\"814\">\n<h3><span style=\"color: #ff0000;\"><strong><u>Termine Traininger\u00f6ffnung und Ansprechpartner Jugend\u00a02016\/2017<\/u><\/strong><\/span><\/h3>\n<\/td>\n<\/tr>\n<tr>\n<td width=\"73\"><\/td>\n<td width=\"73\"><\/td>\n<td width=\"73\"><\/td>\n<td width=\"76\"><\/td>\n<td width=\"76\"><\/td>\n<td width=\"76\"><\/td>\n<td width=\"73\"><\/td>\n<td width=\"73\"><\/td>\n<td width=\"73\"><\/td>\n<td width=\"73\"><\/td>\n<td width=\"73\"><\/td>\n<\/tr>\n<tr>\n<td colspan=\"2\" width=\"146\"><strong>A &#8211; Jugend<\/strong><\/td>\n<td width=\"73\"><strong>\u00a0<\/strong><\/td>\n<td colspan=\"4\" width=\"302\"><strong>Sonntag den 17.07.16<\/strong><\/td>\n<td colspan=\"2\" width=\"146\"><strong>11:00 Uhr<\/strong><\/td>\n<td colspan=\"2\" width=\"146\"><strong>Quierschied<\/strong><\/td>\n<\/tr>\n<tr>\n<td colspan=\"11\" width=\"814\">Training jeweils Montag, Dienstag und Donnerstag von 18:00 Uhr &#8211; 19:30, Trainer Guiseppe Simonetta (Tel: 0157\/31592990)<\/td>\n<\/tr>\n<tr>\n<td colspan=\"2\" width=\"146\"><strong>B &#8211; Jugend<\/strong><\/td>\n<td width=\"73\"><strong>\u00a0<\/strong><\/td>\n<td colspan=\"3\" width=\"229\"><strong>Montag den 25.07.16<\/strong><\/td>\n<td width=\"73\"><strong>\u00a0<\/strong><\/td>\n<td colspan=\"2\" width=\"146\"><strong>19:00 Uhr<\/strong><\/td>\n<td colspan=\"2\" width=\"146\"><strong>G\u00f6ttelborn<\/strong><\/td>\n<\/tr>\n<tr>\n<td colspan=\"11\" width=\"814\">Training jeweils Montag und Donnerstag von 19:00 Uhr &#8211; 20:30, Trainer Jan Gro\u00df (Tel: 0160\/96735202) und Tom Kreutzer (Tel: 0175\/5216379)<\/td>\n<\/tr>\n<tr>\n<td colspan=\"2\" width=\"146\"><strong>C &#8211; Jugend<\/strong><\/td>\n<td width=\"73\"><strong>\u00a0<\/strong><\/td>\n<td colspan=\"3\" width=\"229\"><strong>Donnerstag, den 21.07.16<\/strong><\/td>\n<td width=\"73\"><strong>\u00a0<\/strong><\/td>\n<td colspan=\"2\" width=\"146\"><strong>17:30 Uhr<\/strong><\/td>\n<td colspan=\"2\" width=\"146\"><strong>Fischbach<\/strong><\/td>\n<\/tr>\n<tr>\n<td colspan=\"11\" width=\"814\">Training jeweils Montags 18:00 &#8211; 19:30 Uhr; Donnerstag 17:00 &#8211; 18:30 Uhr, Trainer Stefan Hartz (Tel: 0178\/4158275) und Bj\u00f6rn Lippert<\/td>\n<\/tr>\n<tr>\n<td colspan=\"2\" width=\"146\"><strong>D &#8211; Jugend<\/strong><\/td>\n<td width=\"73\"><strong>\u00a0<\/strong><\/td>\n<td colspan=\"4\" width=\"302\"><strong>Dienstag den 26.07.16<\/strong><\/td>\n<td colspan=\"2\" width=\"146\"><strong>17:15 Uhr<\/strong><\/td>\n<td colspan=\"2\" width=\"146\"><strong>Quierschied<\/strong><\/td>\n<\/tr>\n<tr>\n<td colspan=\"11\" width=\"814\">Training jeweils Dienstag und Donnerstag von 17:15 Uhr &#8211; 18:45, Trainer Patrick Maurer (Tel: 0170\/3173880)<\/td>\n<\/tr>\n<tr>\n<td colspan=\"2\" width=\"146\"><strong>E &#8211; Jugend<\/strong><\/td>\n<td width=\"73\"><strong>\u00a0<\/strong><\/td>\n<td colspan=\"4\" width=\"302\"><strong>Mittwoch den 17.08.16<\/strong><\/td>\n<td colspan=\"2\" width=\"146\"><strong>16:30 Uhr<\/strong><\/td>\n<td colspan=\"2\" width=\"146\"><strong>Quierschied<\/strong><\/td>\n<\/tr>\n<tr>\n<td colspan=\"11\" width=\"814\">Training jeweils Montag und Mittwoch von 16:30 Uhr &#8211; 17:45, Trainer Hisin Barjarali (Tel: 0160\/99432162) und Jonas Fernsner (Tel: 0152\/2949585)<\/td>\n<\/tr>\n<tr>\n<td colspan=\"2\" width=\"146\"><strong>F &#8211; Jugend<\/strong><\/td>\n<td width=\"73\"><strong>\u00a0<\/strong><\/td>\n<td colspan=\"4\" width=\"302\"><strong>Mittwoch den 17.08.16<\/strong><\/td>\n<td colspan=\"2\" width=\"146\"><strong>16:30 Uhr<\/strong><\/td>\n<td colspan=\"2\" width=\"146\"><strong>Quierschied<\/strong><\/td>\n<\/tr>\n<tr>\n<td colspan=\"11\" width=\"814\">Training jeweils Montag und Mittwoch von 16:30 Uhr &#8211; 17:45, Trainer Edwin Fernsner (Tel: 0160\/90593648)<\/td>\n<\/tr>\n<tr>\n<td colspan=\"2\" width=\"146\"><strong>G &#8211; Jugend<\/strong><\/td>\n<td width=\"73\"><strong>\u00a0<\/strong><\/td>\n<td colspan=\"4\" width=\"302\"><strong>Mittwoch den 17.08.16<\/strong><\/td>\n<td colspan=\"2\" width=\"146\"><strong>16:30 Uhr<\/strong><\/td>\n<td colspan=\"2\" width=\"146\"><strong>Quierschied<\/strong><\/td>\n<\/tr>\n<tr>\n<td colspan=\"11\" width=\"814\">Training jeweils Montag und Mittwoch von 16:30 Uhr &#8211; 17:45, Trainer Manfred Wagner (Tel: 0152\/57644032) und Mario Sch\u00e4fer (Tel: 0159\/02880923)<\/td>\n<\/tr>\n<\/tbody>\n<\/table>\n<p>&nbsp;<\/p>\n","protected":false},"excerpt":{"rendered":"<p>Auch unserer Jugendspielgemeinschaft steht eine neue Saison bevor. Von der D- bis zur A-Jugend besteht die JSG mit Spielern\u00a0der\u00a0Vereine Quierschied, G\u00f6ttelborn, Fischbach. Von der G- bis zur E- Jugend spielen unsere Jugendteams eigenst\u00e4ndig als Spvgg Quierschied. Anbei gibt es eine&hellip;<\/p>\n<p class=\"more-link-p\"><a class=\"more-link\" href=\"https:\/\/www.spvgg-quierschied.de\/?p=15202\">Read more &rarr;<\/a><\/p>\n","protected":false},"author":4,"featured_media":15213,"comment_status":"closed","ping_status":"closed","sticky":false,"template":"","format":"standard","meta":{"footnotes":""},"categories":[4],"tags":[],"class_list":["post-15202","post","type-post","status-publish","format-standard","has-post-thumbnail","hentry","category-jugendabteilung"],"_links":{"self":[{"href":"https:\/\/www.spvgg-quierschied.de\/index.php?rest_route=\/wp\/v2\/posts\/15202","targetHints":{"allow":["GET"]}}],"collection":[{"href":"https:\/\/www.spvgg-quierschied.de\/index.php?rest_route=\/wp\/v2\/posts"}],"about":[{"href":"https:\/\/www.spvgg-quierschied.de\/index.php?rest_route=\/wp\/v2\/types\/post"}],"author":[{"embeddable":true,"href":"https:\/\/www.spvgg-quierschied.de\/index.php?rest_route=\/wp\/v2\/users\/4"}],"replies":[{"embeddable":true,"href":"https:\/\/www.spvgg-quierschied.de\/index.php?rest_route=%2Fwp%2Fv2%2Fcomments&post=15202"}],"version-history":[{"count":10,"href":"https:\/\/www.spvgg-quierschied.de\/index.php?rest_route=\/wp\/v2\/posts\/15202\/revisions"}],"predecessor-version":[{"id":15210,"href":"https:\/\/www.spvgg-quierschied.de\/index.php?rest_route=\/wp\/v2\/posts\/15202\/revisions\/15210"}],"wp:featuredmedia":[{"embeddable":true,"href":"https:\/\/www.spvgg-quierschied.de\/index.php?rest_route=\/wp\/v2\/media\/15213"}],"wp:attachment":[{"href":"https:\/\/www.spvgg-quierschied.de\/index.php?rest_route=%2Fwp%2Fv2%2Fmedia&parent=15202"}],"wp:term":[{"taxonomy":"category","embeddable":true,"href":"https:\/\/www.spvgg-quierschied.de\/index.php?rest_route=%2Fwp%2Fv2%2Fcategories&post=15202"},{"taxonomy":"post_tag","embeddable":true,"href":"https:\/\/www.spvgg-quierschied.de\/index.php?rest_route=%2Fwp%2Fv2%2Ftags&post=15202"}],"curies":[{"name":"wp","href":"https:\/\/api.w.org\/{rel}","templated":true}]}}