{"id":1500,"date":"2011-11-02T11:19:56","date_gmt":"2011-11-02T11:19:56","guid":{"rendered":"http:\/\/www.spvgg-quierschied.de\/?p=1500"},"modified":"2011-11-02T11:26:43","modified_gmt":"2011-11-02T11:26:43","slug":"33-nach-03-selbst-schuld","status":"publish","type":"post","link":"https:\/\/www.spvgg-quierschied.de\/?p=1500","title":{"rendered":"3:3 nach 3:0-F\u00fchrung &#8211; selbst Schuld!"},"content":{"rendered":"<p>Das Ausw\u00e4rtsspiel unserer 2. Mannschaft bei der Reserve des FV P\u00fcttlingen lief zu Beginn voll nach Plan. Gegen den Vorletzten der Kreisliga B Saarbr\u00fccken bestimmte die Spvgg. das Geschehen und ging durch ein Traumtor von Kevin Fink mit 1:0 in F\u00fchrung. Fink traf aus 16 Metern, halbrechte Position genau in den Winkel. Ein toller Treffer! Weiterhin hatte Quierschied alles im Griff und erh\u00f6he durch Mauricio Treske und Sebastian L\u00f6b auf 3:0. Nicolas Gouverneur hatte sogar die gro\u00dfe Chance auf das vierte Tor. Sein Kopfball nach einem Freisto\u00df von Thomas Nawrath\u00a0 streifte allerdings wenige Zentimeter am P\u00fcttlinger Tor vorbei. Unn\u00f6tigerweise fing sich Quierschied dann kurz vor der Halbzeit den 1:3-Anschlusstreffer ein. Nach dem Seitenwechsel kam P\u00fcttlingen sogar zum 2:3, sodass unsere bis dato starke Mannschaft doch noch in Bedr\u00e4ngnis kam. Die gro\u00dfe M\u00f6glichkeit, das Spiel wieder in ruhigeres Fahrtwasser zu bekommen, vergab der A Jugendspieler Kevin Geble mit einem verschossenen Foulelfmeter. Und so kam es, wie es kommen musste. Der FV 08 kam in der Schlussphase doch noch zum nicht mehr f\u00fcr m\u00f6glich gehaltenen 3:3-Ausgleich. Damit verspielte eine in der ersten Halbzeit \u00fcberzeugende Spvgg. im zweiten Abschnitt leichtfertig eine beruhigende F\u00fchrung und damit auch 3 Punkte.<\/p>\n<p><span style=\"text-decoration: underline;\">Kreisliga B Saarbr\u00fccken, 15. Spieltag FV 08 P\u00fcttlingen II \u2013 Spvgg Quierschied II 3:3 (1:3)<\/span><br \/>\nSpvgg: Jung, Konrad, Giebels, Zimmer, Treske, Nawrath, Fink, Gouverneur, K\u00fcsters, L\u00f6b, Leo T. \/ Eingewechselt: Triesch, Geble<br \/>\nTore: 0:1 Fink, 0:2 Treske, 0:3 L\u00f6b, 1:3, 2:3, 3:3<br \/>\nBes. Vk. : Geble verschiesst Foulelfmeter beim Stand von 2:3<\/p>\n","protected":false},"excerpt":{"rendered":"<p>Das Ausw\u00e4rtsspiel unserer 2. Mannschaft bei der Reserve des FV P\u00fcttlingen lief zu Beginn voll nach Plan. Gegen den Vorletzten der Kreisliga B Saarbr\u00fccken bestimmte die Spvgg. das Geschehen und ging durch ein Traumtor von Kevin Fink mit 1:0 in&hellip;<\/p>\n<p class=\"more-link-p\"><a class=\"more-link\" href=\"https:\/\/www.spvgg-quierschied.de\/?p=1500\">Read more &rarr;<\/a><\/p>\n","protected":false},"author":4,"featured_media":0,"comment_status":"open","ping_status":"open","sticky":false,"template":"","format":"standard","meta":{"footnotes":""},"categories":[10],"tags":[],"class_list":["post-1500","post","type-post","status-publish","format-standard","hentry","category-3-mannschaft"],"_links":{"self":[{"href":"https:\/\/www.spvgg-quierschied.de\/index.php?rest_route=\/wp\/v2\/posts\/1500","targetHints":{"allow":["GET"]}}],"collection":[{"href":"https:\/\/www.spvgg-quierschied.de\/index.php?rest_route=\/wp\/v2\/posts"}],"about":[{"href":"https:\/\/www.spvgg-quierschied.de\/index.php?rest_route=\/wp\/v2\/types\/post"}],"author":[{"embeddable":true,"href":"https:\/\/www.spvgg-quierschied.de\/index.php?rest_route=\/wp\/v2\/users\/4"}],"replies":[{"embeddable":true,"href":"https:\/\/www.spvgg-quierschied.de\/index.php?rest_route=%2Fwp%2Fv2%2Fcomments&post=1500"}],"version-history":[{"count":3,"href":"https:\/\/www.spvgg-quierschied.de\/index.php?rest_route=\/wp\/v2\/posts\/1500\/revisions"}],"predecessor-version":[{"id":1507,"href":"https:\/\/www.spvgg-quierschied.de\/index.php?rest_route=\/wp\/v2\/posts\/1500\/revisions\/1507"}],"wp:attachment":[{"href":"https:\/\/www.spvgg-quierschied.de\/index.php?rest_route=%2Fwp%2Fv2%2Fmedia&parent=1500"}],"wp:term":[{"taxonomy":"category","embeddable":true,"href":"https:\/\/www.spvgg-quierschied.de\/index.php?rest_route=%2Fwp%2Fv2%2Fcategories&post=1500"},{"taxonomy":"post_tag","embeddable":true,"href":"https:\/\/www.spvgg-quierschied.de\/index.php?rest_route=%2Fwp%2Fv2%2Ftags&post=1500"}],"curies":[{"name":"wp","href":"https:\/\/api.w.org\/{rel}","templated":true}]}}