{"id":14401,"date":"2016-03-20T20:59:00","date_gmt":"2016-03-20T19:59:00","guid":{"rendered":"http:\/\/www.spvgg-quierschied.de\/?p=14401"},"modified":"2016-03-21T13:01:30","modified_gmt":"2016-03-21T12:01:30","slug":"deutlicher-sieg-der-deutlicher-haette-sein-muessen","status":"publish","type":"post","link":"https:\/\/www.spvgg-quierschied.de\/?p=14401","title":{"rendered":"Deutlicher Sieg, der deutlicher h\u00e4tte sein m\u00fcssen"},"content":{"rendered":"<p>Am Sonntag kam unsere 3. Mannschaft gegen den SV Emmersweiler II zwar zu einem deutlichen 4:0-Sieg. Aufgrund der gro\u00dfen Anzahl an klaren Torchancen h\u00e4tte der hochverdiente &#8222;Dreier&#8220; allerdings deutlicher ausfallen k\u00f6nnen &#8211; wenn nicht sogar m\u00fcssen.<\/p>\n<p>Von Beginn an war Quierschied das spielbestimmende Team und kam schnell zu zahlreichen Gro\u00dfchancen. Alleine St\u00fcrmer Andreas Breier h\u00e4tte innerhalb der ersten zehn Minuten auf 3:0 stellen k\u00f6nnen. Nach dieser Phase konnten die Gastgeber sich bei ihrem gl\u00e4nzend aufgelegten Schlussmann Andreas Jung bedanken, dass anf\u00e4ngliche Stellungsfehler in der Abwehrreihe nicht zu \u00fcberraschenden Gegentoren f\u00fchrten. Es dauerte schlie\u00dflich bis zur 22. Minute, ehe Breier nach starkem Zuspiel von Nic Gouverneur erfolgreich abschlie\u00dfen konnte. Der Knoten war nun geplatzt und so konnte wenig sp\u00e4ter Rechtsau\u00dfen Jan Klein seine starke Leistung mit einem Treffer kr\u00f6nen. Noch vor der Halbzeit erh\u00f6hte Christian Meiser nach sch\u00f6nem Angriff \u00fcber Sebastian Zenner und Breier auf 3:0.<\/p>\n<p>Nach der Pause verflachte die Partie zusehens. Emmersweiler k\u00e4mpfte, um Schlimmeres zu verhindern und Quierschied versuchte, den Zwischenstand mit spielerischen Mitteln zu erh\u00f6hen. Dies gelang dem eingewechselten Geburtstagskind Marco Di Napoli \u00e4hnlich wie Breier im ersten Durchgang erst nach einigen ausgelassenen Gro\u00dfchancen zehn Minuten vor Schluss zum 4:0-Endstand. Wieder hatte Torwart Jung gro\u00dfen Anteil daran, dass es nicht zu einem mittlerweile nicht unverdienten Gegentor kam.<\/p>\n<p>Um sich \u00fcber einen 4:0-Sieg nicht einfach zu freuen, bedarf es schon hoher Anspr\u00fcche. Als erfolgsverw\u00f6hntes Team, das in den letzten beiden Jahren jeweils die Meisterschaft in seiner Klasse gewann, hat unsere Dritte diese Anspr\u00fcche. Um diesen gerecht zu werden, sollten sich zeitnah wieder Ehrgeiz und Erfolgshunger der letzten Jahre breit machen. Dann kann man auch wieder den Blick auf das obere Tabellenende richten.<\/p>\n","protected":false},"excerpt":{"rendered":"<p>Am Sonntag kam unsere 3. Mannschaft gegen den SV Emmersweiler II zwar zu einem deutlichen 4:0-Sieg. Aufgrund der gro\u00dfen Anzahl an klaren Torchancen h\u00e4tte der hochverdiente &#8222;Dreier&#8220; allerdings deutlicher ausfallen k\u00f6nnen &#8211; wenn nicht sogar m\u00fcssen. Von Beginn an war&hellip;<\/p>\n<p class=\"more-link-p\"><a class=\"more-link\" href=\"https:\/\/www.spvgg-quierschied.de\/?p=14401\">Read more &rarr;<\/a><\/p>\n","protected":false},"author":1,"featured_media":0,"comment_status":"closed","ping_status":"closed","sticky":false,"template":"","format":"standard","meta":{"footnotes":""},"categories":[10],"tags":[],"class_list":["post-14401","post","type-post","status-publish","format-standard","hentry","category-3-mannschaft"],"_links":{"self":[{"href":"https:\/\/www.spvgg-quierschied.de\/index.php?rest_route=\/wp\/v2\/posts\/14401","targetHints":{"allow":["GET"]}}],"collection":[{"href":"https:\/\/www.spvgg-quierschied.de\/index.php?rest_route=\/wp\/v2\/posts"}],"about":[{"href":"https:\/\/www.spvgg-quierschied.de\/index.php?rest_route=\/wp\/v2\/types\/post"}],"author":[{"embeddable":true,"href":"https:\/\/www.spvgg-quierschied.de\/index.php?rest_route=\/wp\/v2\/users\/1"}],"replies":[{"embeddable":true,"href":"https:\/\/www.spvgg-quierschied.de\/index.php?rest_route=%2Fwp%2Fv2%2Fcomments&post=14401"}],"version-history":[{"count":3,"href":"https:\/\/www.spvgg-quierschied.de\/index.php?rest_route=\/wp\/v2\/posts\/14401\/revisions"}],"predecessor-version":[{"id":14404,"href":"https:\/\/www.spvgg-quierschied.de\/index.php?rest_route=\/wp\/v2\/posts\/14401\/revisions\/14404"}],"wp:attachment":[{"href":"https:\/\/www.spvgg-quierschied.de\/index.php?rest_route=%2Fwp%2Fv2%2Fmedia&parent=14401"}],"wp:term":[{"taxonomy":"category","embeddable":true,"href":"https:\/\/www.spvgg-quierschied.de\/index.php?rest_route=%2Fwp%2Fv2%2Fcategories&post=14401"},{"taxonomy":"post_tag","embeddable":true,"href":"https:\/\/www.spvgg-quierschied.de\/index.php?rest_route=%2Fwp%2Fv2%2Ftags&post=14401"}],"curies":[{"name":"wp","href":"https:\/\/api.w.org\/{rel}","templated":true}]}}