{"id":14360,"date":"2016-03-17T12:58:43","date_gmt":"2016-03-17T11:58:43","guid":{"rendered":"http:\/\/www.spvgg-quierschied.de\/?p=14360"},"modified":"2016-03-17T13:05:58","modified_gmt":"2016-03-17T12:05:58","slug":"heimspiel-sonntag-perl-besch-und-emmersweiler-sind-zu-gast","status":"publish","type":"post","link":"https:\/\/www.spvgg-quierschied.de\/?p=14360","title":{"rendered":"Heimspiel-Sonntag! Perl-Besch und Emmersweiler sind zu Gast"},"content":{"rendered":"<p><strong>Am Sonntag gibt es wieder einen langen Heimspiel-Sonntag. Dieser beginnt um 13:15 Uhr mit dem Spiel der 3. Mannschaft gegen den SV Emmersweiler 2. Weiter geht&#8217;s um 15:00 Uhr, wenn unsere 2. Mannschaft die erste Garnitur aus Emmersweiler empf\u00e4ngt. Den Abschluss macht das Verbandsligaspiel um 16:45 Uhr zwischen unserer 1. Mannschaft und der SG Perl-Besch. Unsere Teams freuen sich auf die UNTERST\u00dcTZUNG der Wambe-Fans. <\/strong><\/p>\n<h3><span style=\"color: #339966;\"><strong><u>21.Spieltag Verbandsliga S\u00fcdwest So. 20.03.2016, 16:45 Uhr\u00a0Spvgg Quierschied \u2013\u00a0SG Perl-Besch<\/u><\/strong><\/span><\/h3>\n<p><strong>Spielort:<\/strong> Kunstrasenplatz am Franzenhaus, Quierschied<\/p>\n<div class=\"entry-content\">\n<div id=\"attachment_9323\" style=\"width: 211px\" class=\"wp-caption alignright\"><a href=\"https:\/\/www.spvgg-quierschied.de\/?attachment_id=9323\" rel=\"attachment wp-att-9323\"><img loading=\"lazy\" decoding=\"async\" aria-describedby=\"caption-attachment-9323\" class=\"size-full wp-image-9323\" src=\"https:\/\/www.spvgg-quierschied.de\/wp-content\/uploads\/2014\/08\/SG-Perl-Besch-FINAL-280414.jpg\" alt=\"Quelle: SG Perl-Besch\" width=\"201\" height=\"217\" \/><\/a><p id=\"caption-attachment-9323\" class=\"wp-caption-text\">Quelle: SG Perl-Besch<\/p><\/div>\n<p><strong>Spvgg:<\/strong>\u00a0Eine Serie wollte unsere Mannschaft nach der Auftaktniederlage in Fremersdorf starten, und der Anfang ist gemacht. Siege zuhause gegen den SV Karlsbrunn sowie am letzten Wochenende in Losheim brachten unsere Elf zur\u00fcck auf den Relegationsplatz. Unsere Mannschaft hat nun zwei Heimspiele nacheinander und m\u00f6chte nat\u00fcrlich nachlegen. Julian Fernsner ist am Sonntag nach seiner Rotsperre wieder mit an Bord, dagegen muss Sascha Schaum wegen muskul\u00e4ren Problemen wieder etwas k\u00fcrzer treten.<\/p>\n<p><strong>SG Perl-Besch: <\/strong>Unsere G\u00e4ste am Sonntag stehen auf dem 11. Tabellenplatz. Die Mannschaft vom Trainerduo Heiko Niederweis und Mathias Palmer hat 24 Punkte auf dem Konto. Am vergangenen Wochenende verlor die Elf aus dem Dreil\u00e4ndereck gegen Gro\u00dfrosseln mit 2:5. Am Mittwoch spielte Perl-Besch im Viertelfinale des Saarlandpokals, dessen Einzug bereits ein gro\u00dfer Erfolg war. Gegen K\u00f6llerbach gab es zuhause eine 0:2 Niederlage, sodass man sich nun auf die Liga konzentrieren kann. Bester Torj\u00e4ger der Perler ist Frederic Britten mit 14 Treffern.<\/p>\n<p><strong>Der Gegner im Netz:<\/strong><a href=\"http:\/\/www.sgperlbesch.de\/aktuelles\/\" target=\"_blank\">www.sgperlbesch.de <\/a><\/p>\n<p><strong>Das Hinspiel: <\/strong>Bei heftigen Windb\u00f6en <a href=\"https:\/\/www.spvgg-quierschied.de\/?p=12938\" target=\"_blank\">gewann unsere Mannschaft<\/a> auf dem Rasenplatz in Besch mit 6:4. Vierfacher Torsch\u00fctze war dabei Yannick Schneider.<\/p>\n<p><strong>Wer pfeift? <\/strong>Lt. Fussball.de pfeift das Team Lothringen.<\/p>\n<hr \/>\n<h3><strong><span style=\"color: #339966;\"><u>21.Spieltag\u00a0Bezirksliga Saarbr\u00fccken <u>So. 20.03.2016<\/u>,\u00a015:00 Uhr\u00a0Spvgg Quierschied 2 \u2013 SV Emmersweiler (12:45 Uhr 3. Mannschaft \u2013 SV Emmersweiler 2)<\/u>\u00a0<\/span> <\/strong><\/h3>\n<p><strong>Spielort:<\/strong> Kunstrasenplatz am Franzenhaus, Quierschied <a href=\"https:\/\/www.spvgg-quierschied.de\/?attachment_id=12849\" rel=\"attachment wp-att-12849\"><img loading=\"lazy\" decoding=\"async\" class=\"size-full wp-image-12849 alignright\" src=\"https:\/\/www.spvgg-quierschied.de\/wp-content\/uploads\/2015\/09\/sv-emmersweiler.gif\" alt=\"Wappen SV Emmersweiler\" width=\"100\" height=\"100\" \/><\/a><\/p>\n<p><strong>Spvgg 2:<\/strong> Nach dem 1:1 in Schnappach, bei dem unsere Elf laut Trainer Dirk Gro\u00df ihr bestes Saisonspiel zeigte, m\u00f6chte unsere Bezirksligaelf zuhause wieder einen Dreier einfahren. Gegen die technisch guten G\u00e4ste, die mitten im Abstiegskampf stecken, darf aber keine Leichtsinnigkeit eintreten. Der Gegner braucht jeden Punkt und wird sicherlich versuchen unserer Mannschaft das Leben schwer zu machen.<\/p>\n<p><strong>SV Emmersweiler: <\/strong>Der letztj\u00e4hrige Dritte spielt eine bislang entt\u00e4uschende Runde und muss wohl bis zum Schluss um den Klassenerhalt k\u00e4mpfen. Trainiert wird die mit vielen Franzosen best\u00fcckte Mannschaft seit zwei Wochen von Spielertrainer Alain Graesel. Er \u00fcbernahm das Amt f\u00fcr Gerhard Koeppel, der aus gesundheitlichen Gr\u00fcnden zur\u00fccktrat. Nach gutem Start ins Jahr 2016 unterlag der SVE am Sonntag im Derby gegen Gro\u00dfrosseln mit 1:6.<\/p>\n<p><strong>Der Gegner im Netz: <\/strong><a href=\"http:\/\/www.sve-online.de\" target=\"_blank\">www.sve-online.de <\/a><\/p>\n<p><strong>Wer pfeift? <\/strong>Keine Angabe bei fussball.de<\/p>\n<p><strong>Das Hinspiel:<\/strong><a href=\"https:\/\/www.spvgg-quierschied.de\/?p=12935\" target=\"_blank\"> Im Hinspiel <\/a>gewannen die Wambe durch Tore von Andi Breier, Jonas M\u00fcller und Lukas Therre mit 3:2.,<\/p>\n<p><strong>Das Vorspiel: <\/strong>Bereits um 13:15 Uhr geht es mit dem langen Heimspiel-Sonntag los. Unsere Dritte empf\u00e4ngt den Vorletzten SV Emmersweiler 2. <a href=\"https:\/\/www.spvgg-quierschied.de\/?p=12948\" target=\"_blank\">Im Hinspiel <\/a>gab es einen gl\u00fccklichen Sieg, Christian Meiser bescherte unserer Elf einen 1:0 Ausw\u00e4rtssieg.<\/p>\n<\/div>\n<h3 style=\"text-align: center;\"><strong><span style=\"color: #339966;\">Viele weitere Infos rund um unserer Spvgg gibt es am Wochenende in unsere neuen Ausgabe des &#8222;Wambebl\u00e4ttche&#8220;!<\/span><br \/>\n<\/strong><\/h3>\n","protected":false},"excerpt":{"rendered":"<p>Am Sonntag gibt es wieder einen langen Heimspiel-Sonntag. Dieser beginnt um 13:15 Uhr mit dem Spiel der 3. Mannschaft gegen den SV Emmersweiler 2. Weiter geht&#8217;s um 15:00 Uhr, wenn unsere 2. Mannschaft die erste Garnitur aus Emmersweiler empf\u00e4ngt. Den&hellip;<\/p>\n<p class=\"more-link-p\"><a class=\"more-link\" href=\"https:\/\/www.spvgg-quierschied.de\/?p=14360\">Read more &rarr;<\/a><\/p>\n","protected":false},"author":4,"featured_media":9323,"comment_status":"closed","ping_status":"closed","sticky":false,"template":"","format":"standard","meta":{"footnotes":""},"categories":[5],"tags":[],"class_list":["post-14360","post","type-post","status-publish","format-standard","has-post-thumbnail","hentry","category-aktive"],"_links":{"self":[{"href":"https:\/\/www.spvgg-quierschied.de\/index.php?rest_route=\/wp\/v2\/posts\/14360","targetHints":{"allow":["GET"]}}],"collection":[{"href":"https:\/\/www.spvgg-quierschied.de\/index.php?rest_route=\/wp\/v2\/posts"}],"about":[{"href":"https:\/\/www.spvgg-quierschied.de\/index.php?rest_route=\/wp\/v2\/types\/post"}],"author":[{"embeddable":true,"href":"https:\/\/www.spvgg-quierschied.de\/index.php?rest_route=\/wp\/v2\/users\/4"}],"replies":[{"embeddable":true,"href":"https:\/\/www.spvgg-quierschied.de\/index.php?rest_route=%2Fwp%2Fv2%2Fcomments&post=14360"}],"version-history":[{"count":10,"href":"https:\/\/www.spvgg-quierschied.de\/index.php?rest_route=\/wp\/v2\/posts\/14360\/revisions"}],"predecessor-version":[{"id":14370,"href":"https:\/\/www.spvgg-quierschied.de\/index.php?rest_route=\/wp\/v2\/posts\/14360\/revisions\/14370"}],"wp:featuredmedia":[{"embeddable":true,"href":"https:\/\/www.spvgg-quierschied.de\/index.php?rest_route=\/wp\/v2\/media\/9323"}],"wp:attachment":[{"href":"https:\/\/www.spvgg-quierschied.de\/index.php?rest_route=%2Fwp%2Fv2%2Fmedia&parent=14360"}],"wp:term":[{"taxonomy":"category","embeddable":true,"href":"https:\/\/www.spvgg-quierschied.de\/index.php?rest_route=%2Fwp%2Fv2%2Fcategories&post=14360"},{"taxonomy":"post_tag","embeddable":true,"href":"https:\/\/www.spvgg-quierschied.de\/index.php?rest_route=%2Fwp%2Fv2%2Ftags&post=14360"}],"curies":[{"name":"wp","href":"https:\/\/api.w.org\/{rel}","templated":true}]}}