{"id":14346,"date":"2016-03-15T09:48:19","date_gmt":"2016-03-15T08:48:19","guid":{"rendered":"http:\/\/www.spvgg-quierschied.de\/?p=14346"},"modified":"2016-03-15T11:34:16","modified_gmt":"2016-03-15T10:34:16","slug":"d-jugend-hat-grosse-ziele-zeigt-es-den-grossen","status":"publish","type":"post","link":"https:\/\/www.spvgg-quierschied.de\/?p=14346","title":{"rendered":"D-Jugend hat gro\u00dfe Ziele &#8211; zeigt es den Gro\u00dfen!"},"content":{"rendered":"<p>Unsere D-Jugend der JSG Quierschied bestreitet am <strong>Mittwochabend<\/strong> (16.03.) das Viertelfinale im Jugend IKK-Saarlandpokal. Um 18:00 Uhr geht es zur SV 07 Elversberg. Unsere Jungs haben dabei ein gro\u00dfes Ziel vor Augen: Den Einzug ins Halbfinale! <strong>Das Spiel wird um 18:00 Uhr auf dem Kunstrasenplatz an der Kaiserlinde angepfiffen<\/strong>.<\/p>\n<p>Unsere erfolgreichen Nachwuchskicker von Bj\u00f6rn Lippert und Patrick Maurer stehen auch in der D-Jugend Sonderklasse auf dem 1. Tabellenplatz. Am Samstag gewann die Mannschaft in Riegelsberg (Tor Justin Lippert) mit 1:0 und ist gut ger\u00fcstet f\u00fcr das Spitzenspiel. Mit 16 Punkten aus 6 Spielen f\u00fchren sie n\u00e4mlich\u00a0die Tabelle vor dem Zweiten 1. FC Saarbr\u00fccken an, und sind damit im Rennen um die Meisterschaft. Zu diesem vielleicht vorentscheidenden Spiel um\u00a0 kommt es am <strong>Samstag um 15:15 Uhr am Franzenhaus<\/strong>.<\/p>\n<p>Unsere jungen Kicker aus der &#8222;U-13&#8220; w\u00fcrden sich \u00fcber ein paar Zuschauer sicher freuen! Zeigt es den Gro\u00dfen an der Saar! Ihr schafft das Jungs, wir glauben an Euch!<\/p>\n<p>Siehe auch: <a href=\"https:\/\/www.spvgg-quierschied.de\/?page_id=807\"><u><span style=\"color: #0066cc;\">Aktuelle Tabelle D-Jugend<\/span><\/u><\/a>, <a href=\"http:\/\/www.fussball.de\/spieltagsuebersicht\/ikk-jugend-saarlandpokal-saarland-d-junioren-saarlandpokal-d-junioren-saison1516-saarland\/-\/staffel\/01PDVE4GU4000000VV0AG812VTDTBTKM-C#!\/section\/stage\" target=\"_blank\"><u><span style=\"color: #0066cc;\">IKK-Saarlandpokal D-Jugend<\/span><\/u><\/a><\/p>\n<div id=\"attachment_13154\" style=\"width: 310px\" class=\"wp-caption aligncenter\"><img loading=\"lazy\" decoding=\"async\" aria-describedby=\"caption-attachment-13154\" class=\"size-medium wp-image-13154\" src=\"https:\/\/www.spvgg-quierschied.de\/wp-content\/uploads\/2015\/10\/D-Jugend-300x146.jpg\" alt=\"Foto: Christoph Welkenbach.\" width=\"300\" height=\"146\" srcset=\"https:\/\/www.spvgg-quierschied.de\/wp-content\/uploads\/2015\/10\/D-Jugend-300x146.jpg 300w, https:\/\/www.spvgg-quierschied.de\/wp-content\/uploads\/2015\/10\/D-Jugend-560x273.jpg 560w, https:\/\/www.spvgg-quierschied.de\/wp-content\/uploads\/2015\/10\/D-Jugend-260x127.jpg 260w, https:\/\/www.spvgg-quierschied.de\/wp-content\/uploads\/2015\/10\/D-Jugend-160x78.jpg 160w, https:\/\/www.spvgg-quierschied.de\/wp-content\/uploads\/2015\/10\/D-Jugend.jpg 876w\" sizes=\"auto, (max-width: 300px) 100vw, 300px\" \/><p id=\"caption-attachment-13154\" class=\"wp-caption-text\">Foto: Christoph Welkenbach.<\/p><\/div>\n","protected":false},"excerpt":{"rendered":"<p>Unsere D-Jugend der JSG Quierschied bestreitet am Mittwochabend (16.03.) das Viertelfinale im Jugend IKK-Saarlandpokal. Um 18:00 Uhr geht es zur SV 07 Elversberg. Unsere Jungs haben dabei ein gro\u00dfes Ziel vor Augen: Den Einzug ins Halbfinale! Das Spiel wird um&hellip;<\/p>\n<p class=\"more-link-p\"><a class=\"more-link\" href=\"https:\/\/www.spvgg-quierschied.de\/?p=14346\">Read more &rarr;<\/a><\/p>\n","protected":false},"author":4,"featured_media":13154,"comment_status":"closed","ping_status":"closed","sticky":false,"template":"","format":"standard","meta":{"footnotes":""},"categories":[4],"tags":[],"class_list":["post-14346","post","type-post","status-publish","format-standard","has-post-thumbnail","hentry","category-jugendabteilung"],"_links":{"self":[{"href":"https:\/\/www.spvgg-quierschied.de\/index.php?rest_route=\/wp\/v2\/posts\/14346","targetHints":{"allow":["GET"]}}],"collection":[{"href":"https:\/\/www.spvgg-quierschied.de\/index.php?rest_route=\/wp\/v2\/posts"}],"about":[{"href":"https:\/\/www.spvgg-quierschied.de\/index.php?rest_route=\/wp\/v2\/types\/post"}],"author":[{"embeddable":true,"href":"https:\/\/www.spvgg-quierschied.de\/index.php?rest_route=\/wp\/v2\/users\/4"}],"replies":[{"embeddable":true,"href":"https:\/\/www.spvgg-quierschied.de\/index.php?rest_route=%2Fwp%2Fv2%2Fcomments&post=14346"}],"version-history":[{"count":4,"href":"https:\/\/www.spvgg-quierschied.de\/index.php?rest_route=\/wp\/v2\/posts\/14346\/revisions"}],"predecessor-version":[{"id":14350,"href":"https:\/\/www.spvgg-quierschied.de\/index.php?rest_route=\/wp\/v2\/posts\/14346\/revisions\/14350"}],"wp:featuredmedia":[{"embeddable":true,"href":"https:\/\/www.spvgg-quierschied.de\/index.php?rest_route=\/wp\/v2\/media\/13154"}],"wp:attachment":[{"href":"https:\/\/www.spvgg-quierschied.de\/index.php?rest_route=%2Fwp%2Fv2%2Fmedia&parent=14346"}],"wp:term":[{"taxonomy":"category","embeddable":true,"href":"https:\/\/www.spvgg-quierschied.de\/index.php?rest_route=%2Fwp%2Fv2%2Fcategories&post=14346"},{"taxonomy":"post_tag","embeddable":true,"href":"https:\/\/www.spvgg-quierschied.de\/index.php?rest_route=%2Fwp%2Fv2%2Ftags&post=14346"}],"curies":[{"name":"wp","href":"https:\/\/api.w.org\/{rel}","templated":true}]}}